{"id":6237,"date":"2016-08-01T08:00:03","date_gmt":"2016-08-01T06:00:03","guid":{"rendered":"http:\/\/jan-jakobsen.dk\/?p=6237"},"modified":"2016-08-01T08:33:52","modified_gmt":"2016-08-01T06:33:52","slug":"tanker-efter-endnu-en-groen-koncert","status":"publish","type":"post","link":"https:\/\/jan-jakobsen.dk\/?p=6237","title":{"rendered":"Tanker efter endnu en Gr\u00f8n Koncert"},"content":{"rendered":"<p><a href=\"https:\/\/jan-jakobsen.dk\/https:\/\/jan-jakobsen.dk\/wp-content\/uploads\/2016\/08\/IMG_2923.jpg\"><img loading=\"lazy\" decoding=\"async\" class=\"alignleft size-large wp-image-6238\" src=\"https:\/\/jan-jakobsen.dk\/https:\/\/jan-jakobsen.dk\/wp-content\/uploads\/2016\/08\/IMG_2923-620x349.jpg\" alt=\"IMG_2923\" width=\"620\" height=\"349\" srcset=\"https:\/\/jan-jakobsen.dk\/http:\/\/jan-jakobsen.dk\/wp-content\/uploads\/2016\/08\/IMG_2923-620x349.jpg 620w, https:\/\/jan-jakobsen.dk\/http:\/\/jan-jakobsen.dk\/wp-content\/uploads\/2016\/08\/IMG_2923-300x169.jpg 300w\" sizes=\"auto, (max-width: 620px) 100vw, 620px\" \/><\/a>Jeg var til Gr\u00f8n Koncert i Valby s\u00f8ndag den 31. juli. Det har jeg nu v\u00e6ret de sidste 9 \u00e5r. Hver gang kan det r\u00f8re mig dybt, hvad vi i Muskelsvindfonden er i stand til at s\u00e6tte i bev\u00e6gelse sammen med en hel h\u00e6r af frivillige, der knokler l\u00f8s \u00e5r efter \u00e5r. M\u00e5let er\u00a0at give et godt liv til ikke blot os med muskelsvind, men for mange, mange mennesker med handicap. For indsatsen\u00a0giver positive d\u00f8nninger langt uden for vores egen lille kreds.<!--more--><\/p>\n<p>For ikke s\u00e5 l\u00e6nge siden l\u00e6ste jeg et interview med en erhvervsmand, der slog meget til lyd for markedsvilk\u00e5r i\u00a0sociale indsatser frem for den traditionelle filantropi. Pointen var, at n\u00e5r man \u201cbare\u201d spytter i b\u00f8ssen, s\u00e5 st\u00e5r man til stadighed med projekter, der forbliver afh\u00e6ngige af donationer med den usikkerhed, det f\u00f8rer med sig.\u00a0I virkeligheden g\u00f8r han sig til talsmand for det, Muskelsvindfonden har gjort i snart 35 \u00e5r: et koncept, hvor vi giver noget og f\u00e5r noget &#8211; kort sagt \u201cNoget for noget\u201d. Jeg kan se, at det rykker p\u00e5 alle fronter og skaber en masse synergi hos os, s\u00e5 vi i dag st\u00e5r med nogle aktiviteter, der b\u00e5de hvad ang\u00e5r det forretningsm\u00e6ssige og frivilligheden er helt unikt. For det handler ogs\u00e5 om, at vi b\u00e5de f\u00e5r noget og giver noget, ikke blot i forhold til publikum, men ogs\u00e5 i forhold til vores frivillige. Det gavner f\u00e6llesskabet og forst\u00e5elsen af, hvad frivillighed\u00a0er for en kraft.<\/p>\n<p>For vores frivillige p\u00e5 Gr\u00f8n Koncert, Cirkus Summarum, Cyklo og hvad vi ellers m\u00e5tte s\u00e6tte i s\u00f8en, handler ikke bare om, at vi f\u00e5r noget frivillig arbejdskraft. Vi f\u00e5r meget mere fra mange mennesker, der socialt, kreativt, fysisk og psykisk bidrager til, at vi er i stand til som helhed at udvikle os &#8211; til gavn for os alle. Og vi er med til at sende mennesker ud i samfundet, der har oplevet mere, gjort flere erfaringer, er mindre fordomsfulde og som ved, hvad det vil sige at l\u00f8fte i flok. Man kan fristes til at sige, at det er en velsmurt maskine. Det er det ikke altid, for der er ogs\u00e5 udfordringer. Men de kan l\u00f8ses &#8211; og ved man ikke det, s\u00e5 ved man det, n\u00e5r man f\u00f8rst har st\u00e5et midt i det p\u00e5 Gr\u00f8n Koncert eller et andet sted. Det bliver til erfaringer og t\u00e6nkem\u00e5der. Noget man f\u00e5r\u00a0med sig i rygs\u00e6kken med ind i fremtiden.<\/p>\n<p>Frivilligheden kombineres med professionalisme, som er den anden side af \u201chemmeligheden\u201d. De er plat og krone i forhold til hinanden &#8211; og hvirvler samtidig og fast forbundet rundt i luften, hver gang vi kaster os ud i en ny s\u00e6son. De er de to \u201cmods\u00e6tninger\u201d, der g\u00f8r, at vi \u00e5r efter \u00e5r og trods mange udfordringer holder os sv\u00e6vende og udvikler os. Bliver vi gumpetunge, ryster lidt p\u00e5 h\u00e5nden, n\u00e5r vi bliver udsat for modgang eller ser ikke fremtidige udfordringer og trusler, s\u00e5 er vi f\u00e6rdige og kan s\u00e6lge scener, telte, lastvogne og hvad vi ellers m\u00e5tte have, til h\u00f8jestbydende. \u00a0Men det tror jeg ikke sker lige med det samme, n\u00e5r blot vi holder fast i, at frivilligheden og professionalismen er s\u00e5 vigtige for udviklingen af det vi kan &#8211; og deraf ogs\u00e5 af det vi vil.<\/p>\n<p>Muskelsvindfonden og vores aktiviteter er det levendegjorte bevis p\u00e5, at vi kan n\u00e5 langt i f\u00e6llesskab. Jeg har set mange velmenende og begejstrede b\u00f8ger og brochurer, der fort\u00e6ller om, hvorfor vi skal v\u00e6re frivillige. Ikke kun for andres skyld, men ogs\u00e5 for vores egen. Jeg ved ikke, hvordan andre har det, men selv vil jeg hellere se resultaterne af arbejdet end l\u00e6se om, hvordan man tror det virker, hvor begejstret og smittende det s\u00e5 end er beskrevet. Kig p\u00e5\u00a0Muskelsvindfonden og p\u00e5, hvad vi opn\u00e5r &#8211; og se nye aspekter\u00a0af den m\u00e5de vi driver frivilligheden p\u00e5. Bem\u00e6rk ikke mindst dens overraskende betydning.<\/p>\n<p>Det handler m\u00e5ske knapt s\u00e5 meget om, hvorvidt noget bygger p\u00e5 traditionelle donationer eller p\u00e5 markedsvilk\u00e5r, men om vi til stadighed er i stand til at skabe den dynamik, der g\u00f8r, at vi kan blive ved med at udvikle os og skabe nye resultater. At vi\u00a0tager h\u00f8jde for nye udfordringer, for nye farer, for nye muligheder, som\u00a0er vigtige\u00a0at gribe fat i. Eller sagt med en slags 70\u2019er-parafrase: der gror aldrig mos p\u00e5 en rullesten. Det er den dynamik, der skaber bev\u00e6gelsen &#8211; og den g\u00f8r st\u00e6rk.<\/p>\n<p>Det er de tanker, der falder mig ind efter at have oplevet endnu et \u00e5r med Gr\u00f8n Koncert. Vi har noget at v\u00e6re stolte af &#8211; og takke hinanden for!<\/p>\n<p>&nbsp;<\/p>\n<p>&nbsp;<\/p>\n<p>&nbsp;<\/p>\n<p>&nbsp;<\/p>\n<p>&nbsp;<\/p>\n<div><\/div>\n<div><\/div>\n<div><\/div>\n<div><\/div>\n<div><\/div>\n<div><\/div>\n<div><\/div>\n<div><\/div>\n<div><\/div>\n<div><\/div>\n<div><\/div>\n<div><\/div>\n<div><\/div>\n<div><\/div>\n<div><\/div>\n","protected":false},"excerpt":{"rendered":"<p>Jeg var til Gr\u00f8n Koncert i Valby s\u00f8ndag den 31. juli. Det har jeg nu v\u00e6ret de sidste 9 \u00e5r. Hver gang kan det r\u00f8re mig dybt, hvad vi i Muskelsvindfonden er i stand til at s\u00e6tte i bev\u00e6gelse sammen &hellip; <a href=\"https:\/\/jan-jakobsen.dk\/?p=6237\">L\u00e6s resten <span class=\"meta-nav\">&rarr;<\/span><\/a><\/p>\n","protected":false},"author":3,"featured_media":0,"comment_status":"open","ping_status":"open","sticky":false,"template":"","format":"standard","meta":{"footnotes":""},"categories":[4,3,1],"tags":[445,558,556,444,557,22,412],"class_list":["post-6237","post","type-post","status-publish","format-standard","hentry","category-blog","category-handicapdebat","category-uncategorized","tag-cirkus-summarum","tag-cyklo","tag-filantropi","tag-groen-koncert","tag-markedsvilkaar","tag-muskelsvind","tag-muskelsvindfonden"],"_links":{"self":[{"href":"https:\/\/jan-jakobsen.dk\/index.php?rest_route=\/wp\/v2\/posts\/6237","targetHints":{"allow":["GET"]}}],"collection":[{"href":"https:\/\/jan-jakobsen.dk\/index.php?rest_route=\/wp\/v2\/posts"}],"about":[{"href":"https:\/\/jan-jakobsen.dk\/index.php?rest_route=\/wp\/v2\/types\/post"}],"author":[{"embeddable":true,"href":"https:\/\/jan-jakobsen.dk\/index.php?rest_route=\/wp\/v2\/users\/3"}],"replies":[{"embeddable":true,"href":"https:\/\/jan-jakobsen.dk\/index.php?rest_route=%2Fwp%2Fv2%2Fcomments&post=6237"}],"version-history":[{"count":6,"href":"https:\/\/jan-jakobsen.dk\/index.php?rest_route=\/wp\/v2\/posts\/6237\/revisions"}],"predecessor-version":[{"id":6244,"href":"https:\/\/jan-jakobsen.dk\/index.php?rest_route=\/wp\/v2\/posts\/6237\/revisions\/6244"}],"wp:attachment":[{"href":"https:\/\/jan-jakobsen.dk\/index.php?rest_route=%2Fwp%2Fv2%2Fmedia&parent=6237"}],"wp:term":[{"taxonomy":"category","embeddable":true,"href":"https:\/\/jan-jakobsen.dk\/index.php?rest_route=%2Fwp%2Fv2%2Fcategories&post=6237"},{"taxonomy":"post_tag","embeddable":true,"href":"https:\/\/jan-jakobsen.dk\/index.php?rest_route=%2Fwp%2Fv2%2Ftags&post=6237"}],"curies":[{"name":"wp","href":"https:\/\/api.w.org\/{rel}","templated":true}]}}