{"id":6104,"date":"2016-06-15T10:00:19","date_gmt":"2016-06-15T08:00:19","guid":{"rendered":"http:\/\/jan-jakobsen.dk\/?p=6104"},"modified":"2016-06-15T06:06:22","modified_gmt":"2016-06-15T04:06:22","slug":"det-er-nu-der-er-brug-for-os","status":"publish","type":"post","link":"https:\/\/jan-jakobsen.dk\/?p=6104","title":{"rendered":"Det er nu, der er brug for os!"},"content":{"rendered":"<p>Er handicapbev\u00e6gelsen ikke en v\u00e6sentlig akt\u00f8r i bestr\u00e6belserne p\u00e5 at bringe reformpolitik og udhuling af sociale ydelser til fald, svigter vi ganske enkelt de mennesker med handicap, vi skal repr\u00e6sentere.<!--more--><\/p>\n<p>Handicapolitik handler ganske ofte om rettidig omhu. Det har Danske Handicaporganisationer (DH) heldigvis udvist med sin udtalelse fra sit Repr\u00e6sentantskabsm\u00f8de den 20. maj. Her konstaterer DH, at \u201c&#8230;Omprioriteringsbidraget betyder store besparelser p\u00e5 den kommunale velf\u00e6rd. Konsekvenserne for\u00a0 mennesker med handicap er alvorlige. Derfor kommer Danske Handicaporganisationer nu med en klar opfordring til \u00f8konomiforhandlingerne mellem regeringen og KL: Drop omprioriteringsbidraget\u2026&#8221;<\/p>\n<p>Naturligvis er det langt fra DHs udtalelse, der g\u00f8r udslaget, men det faktum, at mange st\u00e5r sammen, g\u00f8r den virkelige forskel. En af konsekvenserne er, at Kommuneaftalen for 2017 indeholder en passus, hvor der g\u00f8res klar til et opg\u00f8r med omprioriteringsbidraget:\u00a0\u201c&#8230;Regeringen og KL er enige om at etablere et ambiti\u00f8st fler\u00e5rigt moderniserings- og effektiviseringsprogram. Regeringen har derfor tilkendegivet, at den vil s\u00f8ge Folketingets tilslutning til, at det kommunale udgiftsloft fra 2018 og frem ikke vil indeholde et omprioriteringsbidrag\u2026&#8221;<\/p>\n<p>Der er en del forbehold i teksten, men regeringen vil f\u00e5 det ganske sv\u00e6rt, hvis man ikke seri\u00f8st arbejder for den dagsorden, der er sat og pr\u00e6sterer et noget andet indhold, end den man hidtil par pr\u00e6steret i forhold til\u00a0det forhadte omprioriteringsbidrag. Ligeledes skal der, foruden omprioriteringsbidraget, som stadig fastholdes i 2017, d\u00e6mmes op for en r\u00e6kke andre lokale spareplaner, der ligger ud over omprioriteringsbidraget.<\/p>\n<p>Der er derfor rigeligt at tage fat p\u00e5 for handicapbev\u00e6gelsen. Og det bliver ikke kun DH, der bliver brug for. De store og de st\u00e6rke handicapforeninger skal p\u00e5 banen og markere, at nu vil vi ikke finde os i mere og sige stop, n\u00e5r \u201c\u2026vi har brug for en \u00f8konomidebat, der baserer sig p\u00e5 et sagligt grundlag \u2013 ikke p\u00e5 manipulationer og stigmatisering\u2026&#8221; som Lisbeth Riisager Henriksen skarpt skrev i indl\u00e6gget\u00a0&#8220;Stigende handicapudgifter er propaganda&#8221; i Altinget 31. maj 2016\u00a0som en del af\u00a0debatten om udgifterne til det specialiserede socialomr\u00e5de.<\/p>\n<p>Vi skal ogs\u00e5 p\u00e5 banen for at sikre, at det s\u00e5kaldte\u00a0moderniserings- og effektiviseringsprogram, der nu til geng\u00e6ld tales om i \u00f8konomidebatten mellem regeringen og kommunerne, kommer til at handle om de afbureaukratiseringer, som vi adskillige gange har p\u00e5peget giver god mening p\u00e5 omr\u00e5der som f.eks. hj\u00e6lp til handicapfamilier, handicapbiler og anden st\u00f8tte.<\/p>\n<p>En anden type begrundelser for, at vi skal p\u00e5 banen er det voksende pres p\u00e5 den neoliberalistiske kurs, der nu ses\u00a0b\u00e5de nationalt og internationalt. Herhjemme har Velf\u00e6rdsinitiativet bl.a. v\u00e6ret p\u00e5 banen med markeringer i en lang r\u00e6kke danske byer, hvor Danske Handicaporganisationers formand Thorkild Olesen i sin tale p\u00e5 DHs repr\u00e6sentantskabsm\u00f8de roste, at DH flere steder havde v\u00e6ret en aktiv part og taler ved Velf\u00e6rdsinitiativets arrangementer. Det skaber pres og er med til at give mennesker med handicap et begrundet h\u00e5b om at presset og reformer f\u00e5r en ende.<\/p>\n<p>Internationalt viser en lignende opl\u00f8sningstendens sig ved vigende tro p\u00e5, at \u00f8konomisk v\u00e6kst er betinget af begr\u00e6nsninger i statens indflydelse p\u00e5 \u00f8konomien gennem massive privatiseringer og ved at besk\u00e6re offentlige ydelser. Det kan bl.a. l\u00e6se om i den interessante artikel &#8220;Neoliberalismen mister tilslutning\u201d i Information 11. juni 2016.<\/p>\n<p>Der er alts\u00e5 en vigende tro p\u00e5 at reformer og udhuling af sociale ydelser\u00a0er den rigtige medicin &#8211; og hvis ikke handicapbev\u00e6gelsen skal v\u00e6re en meget aktiv part i denne \u00e5bning for skabelsen af en ny socialstat oven p\u00e5 ruinerne af neoliberalismen, s\u00e5 ved jeg ikke, hvem der skal. Vi har objektivt set v\u00e6ret en af de grupper, der mest konsekvent er ramt af reformr\u00e6set og udhulingen af sociale ydelser.<\/p>\n<p>Er vi ikke en v\u00e6sentlig akt\u00f8r i bestr\u00e6belserne p\u00e5 at bringe hele konkurrencestatens og neoliberalismens m\u00e5l til fald, svigter vi ganske enkelt de mennesker vi skal repr\u00e6sentere. Vi m\u00e5 p\u00e5 banen &#8211; ikke kun i DH, men ogs\u00e5 i de enkelte medlemsorganisationer og ude i kommunerne. Det er nu, der er brug for os!<\/p>\n","protected":false},"excerpt":{"rendered":"<p>Er handicapbev\u00e6gelsen ikke en v\u00e6sentlig akt\u00f8r i bestr\u00e6belserne p\u00e5 at bringe reformpolitik og udhuling af sociale ydelser til fald, svigter vi ganske enkelt de mennesker med handicap, vi skal repr\u00e6sentere.<\/p>\n","protected":false},"author":3,"featured_media":0,"comment_status":"open","ping_status":"open","sticky":false,"template":"","format":"standard","meta":{"footnotes":""},"categories":[4,3],"tags":[153,544,547,546,550,548,542,549,543,545],"class_list":["post-6104","post","type-post","status-publish","format-standard","hentry","category-blog","category-handicapdebat","tag-danske-handicaporganisationer","tag-handicapolitik","tag-kommuneaftale-2017","tag-lisbeth-riisager-henriksen","tag-moderniserings-og-effektiviseringsprogram","tag-omprioriteringsbidrag","tag-reformpolitik","tag-spareplaner","tag-svigt","tag-thorkild-olesen"],"_links":{"self":[{"href":"https:\/\/jan-jakobsen.dk\/index.php?rest_route=\/wp\/v2\/posts\/6104","targetHints":{"allow":["GET"]}}],"collection":[{"href":"https:\/\/jan-jakobsen.dk\/index.php?rest_route=\/wp\/v2\/posts"}],"about":[{"href":"https:\/\/jan-jakobsen.dk\/index.php?rest_route=\/wp\/v2\/types\/post"}],"author":[{"embeddable":true,"href":"https:\/\/jan-jakobsen.dk\/index.php?rest_route=\/wp\/v2\/users\/3"}],"replies":[{"embeddable":true,"href":"https:\/\/jan-jakobsen.dk\/index.php?rest_route=%2Fwp%2Fv2%2Fcomments&post=6104"}],"version-history":[{"count":2,"href":"https:\/\/jan-jakobsen.dk\/index.php?rest_route=\/wp\/v2\/posts\/6104\/revisions"}],"predecessor-version":[{"id":6106,"href":"https:\/\/jan-jakobsen.dk\/index.php?rest_route=\/wp\/v2\/posts\/6104\/revisions\/6106"}],"wp:attachment":[{"href":"https:\/\/jan-jakobsen.dk\/index.php?rest_route=%2Fwp%2Fv2%2Fmedia&parent=6104"}],"wp:term":[{"taxonomy":"category","embeddable":true,"href":"https:\/\/jan-jakobsen.dk\/index.php?rest_route=%2Fwp%2Fv2%2Fcategories&post=6104"},{"taxonomy":"post_tag","embeddable":true,"href":"https:\/\/jan-jakobsen.dk\/index.php?rest_route=%2Fwp%2Fv2%2Ftags&post=6104"}],"curies":[{"name":"wp","href":"https:\/\/api.w.org\/{rel}","templated":true}]}}