{"id":6062,"date":"2016-06-02T07:38:29","date_gmt":"2016-06-02T05:38:29","guid":{"rendered":"http:\/\/jan-jakobsen.dk\/?p=6062"},"modified":"2016-07-29T10:56:09","modified_gmt":"2016-07-29T08:56:09","slug":"6062","status":"publish","type":"post","link":"https:\/\/jan-jakobsen.dk\/?p=6062","title":{"rendered":"Nyt foredrag: &#8220;Kun n\u00e5r vi blander os t\u00e6ller vi\u201d"},"content":{"rendered":"<p><a href=\"https:\/\/jan-jakobsen.dk\/https:\/\/jan-jakobsen.dk\/wp-content\/uploads\/2016\/07\/Kun-n\u00e5r-vi-blander_38.png\"><img loading=\"lazy\" decoding=\"async\" class=\"alignleft size-medium wp-image-6204\" src=\"https:\/\/jan-jakobsen.dk\/https:\/\/jan-jakobsen.dk\/wp-content\/uploads\/2016\/07\/Kun-n\u00e5r-vi-blander_38-300x300.png\" alt=\"Kun n\u00e5r vi blander_38\" width=\"300\" height=\"300\" srcset=\"https:\/\/jan-jakobsen.dk\/http:\/\/jan-jakobsen.dk\/wp-content\/uploads\/2016\/07\/Kun-n\u00e5r-vi-blander_38-300x300.png 300w, https:\/\/jan-jakobsen.dk\/http:\/\/jan-jakobsen.dk\/wp-content\/uploads\/2016\/07\/Kun-n\u00e5r-vi-blander_38-150x150.png 150w, https:\/\/jan-jakobsen.dk\/http:\/\/jan-jakobsen.dk\/wp-content\/uploads\/2016\/07\/Kun-n\u00e5r-vi-blander_38-620x620.png 620w, https:\/\/jan-jakobsen.dk\/http:\/\/jan-jakobsen.dk\/wp-content\/uploads\/2016\/07\/Kun-n\u00e5r-vi-blander_38.png 1200w\" sizes=\"auto, (max-width: 300px) 100vw, 300px\" \/><\/a>&#8220;Kun n\u00e5r vi blander os t\u00e6ller vi\u201d er et nyt foredrag, jeg udbyder i efter\u00e5ret 2016\/for\u00e5r 2017.<br \/>\nDet er et opl\u00e6g bl.a. til det kommende kommunevalg i 2017. Hvis vi som mennesker med handicap vil have bare den mindste indflydelse, er det en n\u00f8dvendighed at vi blander os i debatten og er synlige. G\u00f8r vi ikke det, s\u00e5 er vi uden indflydelse og lader politikerne regere hen over hovedet p\u00e5 os.<br \/>\nDet er nu, vi skal begynde at t\u00e6nke p\u00e5, hvordan vi s\u00e5 skal blande os. Som journalist, handicap-aktivist og kommunalpolitiker kan jeg komme med forslag til aktiviteter, der kan skabe debat ude i kommunerne. Og kommunerne er stedet, hvor tingene sker, s\u00e5 det er d\u00e9r, vi skal s\u00e6tte ind &#8211; og nu, vi skal forberede det. <a href=\"https:\/\/jan-jakobsen.dk\/?page_id=6071\">L\u00e6s mere under menuen foredrag.<\/a><\/p>\n","protected":false},"excerpt":{"rendered":"<p>&#8220;Kun n\u00e5r vi blander os t\u00e6ller vi\u201d er et nyt foredrag, jeg udbyder i efter\u00e5ret 2016\/for\u00e5r 2017. Det er et opl\u00e6g bl.a. til det kommende kommunevalg i 2017. Hvis vi som mennesker med handicap vil have bare den mindste indflydelse, &hellip; <a href=\"https:\/\/jan-jakobsen.dk\/?p=6062\">L\u00e6s resten <span class=\"meta-nav\">&rarr;<\/span><\/a><\/p>\n","protected":false},"author":3,"featured_media":0,"comment_status":"open","ping_status":"open","sticky":false,"template":"","format":"standard","meta":{"footnotes":""},"categories":[10],"tags":[],"class_list":["post-6062","post","type-post","status-publish","format-standard","hentry","category-debatoplaeg"],"_links":{"self":[{"href":"https:\/\/jan-jakobsen.dk\/index.php?rest_route=\/wp\/v2\/posts\/6062","targetHints":{"allow":["GET"]}}],"collection":[{"href":"https:\/\/jan-jakobsen.dk\/index.php?rest_route=\/wp\/v2\/posts"}],"about":[{"href":"https:\/\/jan-jakobsen.dk\/index.php?rest_route=\/wp\/v2\/types\/post"}],"author":[{"embeddable":true,"href":"https:\/\/jan-jakobsen.dk\/index.php?rest_route=\/wp\/v2\/users\/3"}],"replies":[{"embeddable":true,"href":"https:\/\/jan-jakobsen.dk\/index.php?rest_route=%2Fwp%2Fv2%2Fcomments&post=6062"}],"version-history":[{"count":10,"href":"https:\/\/jan-jakobsen.dk\/index.php?rest_route=\/wp\/v2\/posts\/6062\/revisions"}],"predecessor-version":[{"id":6205,"href":"https:\/\/jan-jakobsen.dk\/index.php?rest_route=\/wp\/v2\/posts\/6062\/revisions\/6205"}],"wp:attachment":[{"href":"https:\/\/jan-jakobsen.dk\/index.php?rest_route=%2Fwp%2Fv2%2Fmedia&parent=6062"}],"wp:term":[{"taxonomy":"category","embeddable":true,"href":"https:\/\/jan-jakobsen.dk\/index.php?rest_route=%2Fwp%2Fv2%2Fcategories&post=6062"},{"taxonomy":"post_tag","embeddable":true,"href":"https:\/\/jan-jakobsen.dk\/index.php?rest_route=%2Fwp%2Fv2%2Ftags&post=6062"}],"curies":[{"name":"wp","href":"https:\/\/api.w.org\/{rel}","templated":true}]}}