{"id":6037,"date":"2016-05-23T18:23:43","date_gmt":"2016-05-23T16:23:43","guid":{"rendered":"http:\/\/jan-jakobsen.dk\/?p=6037"},"modified":"2016-05-23T18:23:43","modified_gmt":"2016-05-23T16:23:43","slug":"sarah-glerup-derfor-stemmer-jeg-paa-jan","status":"publish","type":"post","link":"https:\/\/jan-jakobsen.dk\/?p=6037","title":{"rendered":"Sarah Glerup: derfor stemmer jeg p\u00e5 Jan"},"content":{"rendered":"<p>Den her opdatering handler om en vigtig afstemning. Hverken til X Factor eller til Folketinget, men til Muskelsvindfonden, der p\u00e5 l\u00f8rdag skal v\u00e6lge ny formand.<!--more--><\/p>\n<p>Da jeg var 11 \u00e5r og p\u00e5 mit f\u00f8rste landsm\u00f8de i Muskelsvindfonden, lavede jeg en valgplakat til Evalg Krog. Han havde ingen modkandidater til formandsposten. Men jeg lavede plakaten, fordi jeg havde en fornemmelse af, at hans arbejde i Muskelsvindfonden var vigtigt.<\/p>\n<p>Den fornemmelse har jeg stadig i dag. Som medlem siden\u00a0<span class=\"text_exposed_show\">1987 har jeg fulgt Muskelsvindfonden, og fonden har fulgt mig og gjort en stor forskel gennem hele mit liv. Derfor er det enormt vigtigt for mig, at vi b\u00e6rer Muskelsvindfonden sikkert ind i et nyt kapitel med en ny formand.<\/span><\/p>\n<div class=\"text_exposed_show\">\n<p>Selv stemmer jeg p\u00e5\u00a0<a class=\"profileLink\" href=\"https:\/\/www.facebook.com\/jan.v.jakobsen\" data-hovercard=\"\/ajax\/hovercard\/user.php?id=530639480\">Jan Jakobsen<\/a>. Jeg mener, det er afg\u00f8rende, at den, der skal tage over efter selveste Evald, har stor erfaring med at lave handikappolitik i praksis. Jeg ved fra f\u00f8rste h\u00e5nd i Folketinget, hvor vigtigt det er, at vi har dygtige folk, der repr\u00e6senterer os. Vi skal bruge en formand, der har gode kontakter til andre handikaporganisationer og som meget gerne kender til arbejdet i Muskelsvindfondens bestyrelse. Hvis formanden derudover ogs\u00e5 har god adgang til og \u00f8velse i at forhandle med de politikere, vi skal p\u00e5virke, er det yderligere en fordel.<\/p>\n<p>Her er Jan Jakobsen simpelthen den eneste, der p\u00e5 nuv\u00e6rende tidspunkt har den forn\u00f8dne erfaring. Han har v\u00e6ret handikappolitisk aktiv i \u00e5rtier, b\u00e5de som opfindsom aktivist p\u00e5 gaden og inden for handikaporganisationerne. Han kender Danske Handikaporganisationer v\u00e6ldig godt, han sidder allerede i Muskelsvindfondens bestyrelse. Og han har fra sit arbejde i Ringsted byr\u00e5d og fra de forskellige partier, han har v\u00e6ret aktiv i, god fornemmelse for forhandlinger i praksis. S\u00e5 jeg er sikker p\u00e5, at han b\u00e5de kan skabe resultater og t\u00e5le de t\u00e6sk, som det n\u00f8dvendigvis vil koste at v\u00e6re Evalds efterf\u00f8lger.<\/p>\n<p>Derudover er Jan et empatisk og livsklogt menneske. Han lytter og ser andre, ogs\u00e5 dem der ikke lige ligner ham selv. Derfor tror jeg, at han vil v\u00e6re det bedste bud p\u00e5 en formand, der kan samle Muskelsvindfondens medlemmer &#8211; b\u00e5de de siddende og de g\u00e5ende, de aktive og de isolerede. Og netop det at samle er s\u00e5 afg\u00f8rende, hvis Muskelsvindfonden fortsat skal v\u00e6re et sted med plads til forskelle.<\/p>\n<p>S\u00e5\u00a0<a class=\"_58cn\" href=\"https:\/\/www.facebook.com\/hashtag\/stemjan?source=feed_text&amp;story_id=10154180715484481\" data-ft=\"{&quot;tn&quot;:&quot;*N&quot;,&quot;type&quot;:104}\"><span class=\"_58cl\">\u202a#\u200e<\/span><span class=\"_58cm\">stemjan\u202c<\/span><\/a>, uanset om det er via brev eller i Kors\u00f8r p\u00e5 l\u00f8rdag.<\/p>\n<\/div>\n","protected":false},"excerpt":{"rendered":"<p>Den her opdatering handler om en vigtig afstemning. Hverken til X Factor eller til Folketinget, men til Muskelsvindfonden, der p\u00e5 l\u00f8rdag skal v\u00e6lge ny formand.<\/p>\n","protected":false},"author":3,"featured_media":0,"comment_status":"open","ping_status":"open","sticky":false,"template":"","format":"standard","meta":{"footnotes":""},"categories":[1],"tags":[],"class_list":["post-6037","post","type-post","status-publish","format-standard","hentry","category-uncategorized"],"_links":{"self":[{"href":"https:\/\/jan-jakobsen.dk\/index.php?rest_route=\/wp\/v2\/posts\/6037","targetHints":{"allow":["GET"]}}],"collection":[{"href":"https:\/\/jan-jakobsen.dk\/index.php?rest_route=\/wp\/v2\/posts"}],"about":[{"href":"https:\/\/jan-jakobsen.dk\/index.php?rest_route=\/wp\/v2\/types\/post"}],"author":[{"embeddable":true,"href":"https:\/\/jan-jakobsen.dk\/index.php?rest_route=\/wp\/v2\/users\/3"}],"replies":[{"embeddable":true,"href":"https:\/\/jan-jakobsen.dk\/index.php?rest_route=%2Fwp%2Fv2%2Fcomments&post=6037"}],"version-history":[{"count":1,"href":"https:\/\/jan-jakobsen.dk\/index.php?rest_route=\/wp\/v2\/posts\/6037\/revisions"}],"predecessor-version":[{"id":6038,"href":"https:\/\/jan-jakobsen.dk\/index.php?rest_route=\/wp\/v2\/posts\/6037\/revisions\/6038"}],"wp:attachment":[{"href":"https:\/\/jan-jakobsen.dk\/index.php?rest_route=%2Fwp%2Fv2%2Fmedia&parent=6037"}],"wp:term":[{"taxonomy":"category","embeddable":true,"href":"https:\/\/jan-jakobsen.dk\/index.php?rest_route=%2Fwp%2Fv2%2Fcategories&post=6037"},{"taxonomy":"post_tag","embeddable":true,"href":"https:\/\/jan-jakobsen.dk\/index.php?rest_route=%2Fwp%2Fv2%2Ftags&post=6037"}],"curies":[{"name":"wp","href":"https:\/\/api.w.org\/{rel}","templated":true}]}}