{"id":6035,"date":"2016-05-23T03:48:08","date_gmt":"2016-05-23T01:48:08","guid":{"rendered":"http:\/\/jan-jakobsen.dk\/?p=6035"},"modified":"2016-05-23T05:59:55","modified_gmt":"2016-05-23T03:59:55","slug":"simon-tj-derfor-stemmer-jeg-paa-jan","status":"publish","type":"post","link":"https:\/\/jan-jakobsen.dk\/?p=6035","title":{"rendered":"Simon TJ: derfor stemmer jeg p\u00e5 Jan"},"content":{"rendered":"<p>Som de fleste af jer med tilknytning til Muskelsvindfonden ved, s\u00e5 st\u00e5r vi foran et formandsvalg n\u00e6ste weekend! Et vigtigt valg for vor fremtidige forening.<\/p>\n<p>Det er derfor vigtigt, at alle os med stemmeret kommer til urnerne og g\u00f8r vores ret g\u00e6ldende. Efter n\u00e6sten 45 \u00e5r med Evald i spidsen er forandringen uundg\u00e5elig.\u00a0<!--more--><\/p>\n<p>Jeg har l\u00e6nge overvejet, hvorvidt jeg skulle skrive dette, men jeg er kommet frem til, at det ikke giver mening at lade v\u00e6re. Derfor har jeg skrev<span class=\"text_exposed_show\">et en lille anbefaling.\u00a0<\/span><\/p>\n<div class=\"text_exposed_show\">\n<p>Til formandsposten har vi tre fremragende kandidater, der umiddelbart alle vil kunne g\u00f8re en god figur. Alligevel tillader jeg mig at foresl\u00e5, at du skal stemme p\u00e5 Jan Jakobsen.<\/p>\n<p>Hvis du er uenig i denne disposition, s\u00e5 kan du bare lade v\u00e6re med at l\u00e6se videre, men du kan ogs\u00e5 fors\u00f8ge at forst\u00e5 de tre \u00e5rsager, jeg har til at s\u00e6tte mit kryds ved Jan:<\/p>\n<p>1. Mennesket Jan<br \/>\nI mine \u00f8jne har Jan de rigtige personlige egenskaber til at blive den formand, jeg \u00f8nsker. Han er f\u00f8rst og fremmest im\u00f8dekommende, veltalende, lyttende og modig, men derudover har han humor og karisma. Sidstn\u00e6vnte egenskaber v\u00e6gter jeg utrolig h\u00f8jt for en kommende formand, som skal v\u00e6re i stand til at tale foran store forsamlinger og i andre situationer f\u00e5 pressen eller sm\u00e5 sm\u00e5 grupper af interessenter til at h\u00f8re efter.<\/p>\n<p>2. Den brede erfaring<br \/>\nMed et mange\u00e5rigt virke i politik og diverse forskellige bestyrelser og styregrupper, s\u00e5 kender Jan gamet indefra og ved, hvad det kr\u00e6ver at f\u00e5 politiske m\u00e6rkesager igennem. Dette, kombineret med en journalistisk baggrund og st\u00e6rke kommunikative erhvervserfaringer, skaber det bedste udgangspunkt for at kunne lede en politisk forening som vores.<\/p>\n<p>3. Behovet for en st\u00e6rk kaptajn<br \/>\nJeg h\u00f8rer mange sige, at vi i Muskelsvindfonden har brug for forandring, det er kun naturligt efter person ved roret i mange \u00e5r. Men jeg h\u00f8rer ogs\u00e5 holdningen, at Jan er for gammel, og at der skal ungt blod til. I mine \u00f8jne er det helt forkert.<\/p>\n<p>Vi er p\u00e5 mange m\u00e5der midt i en afg\u00f8rende tid for vores forening, hvor vi politisk er pressede, og hvor flere interne n\u00f8glepersoner er p\u00e5 vej til at forsvinde. Derfor har vi brug for en st\u00e6rk kaptajn. Godt nok er Jan efterh\u00e5nden lidt gr\u00e5 i toppen, men han er ung og frisk af sind, og trods sin alder forst\u00e5r han sig eksempelvis p\u00e5 sociale medier og moderne teknologi. Det anser jeg som vigtigt for moderne medlemsinddragelse og kommunikation.<br \/>\n_______________________________<br \/>\nJeg vil meget gerne h\u00f8re, hvis du har en anden holdning eller et indspark. Jeg h\u00e5ber, at vi ses til landsm\u00f8det!\u00a0<a class=\"_58cn\" href=\"https:\/\/www.facebook.com\/hashtag\/stemjan?source=feed_text&amp;story_id=10154175571664481\" data-ft=\"{&quot;tn&quot;:&quot;*N&quot;,&quot;type&quot;:104}\"><span class=\"_58cl\">\u202a#\u200e<\/span><span class=\"_58cm\">stemJan\u202c<\/span><\/a><\/p>\n<\/div>\n","protected":false},"excerpt":{"rendered":"<p>Som de fleste af jer med tilknytning til Muskelsvindfonden ved, s\u00e5 st\u00e5r vi foran et formandsvalg n\u00e6ste weekend! Et vigtigt valg for vor fremtidige forening. Det er derfor vigtigt, at alle os med stemmeret kommer til urnerne og g\u00f8r vores &hellip; <a href=\"https:\/\/jan-jakobsen.dk\/?p=6035\">L\u00e6s resten <span class=\"meta-nav\">&rarr;<\/span><\/a><\/p>\n","protected":false},"author":3,"featured_media":0,"comment_status":"open","ping_status":"open","sticky":false,"template":"","format":"standard","meta":{"footnotes":""},"categories":[530,1],"tags":[],"class_list":["post-6035","post","type-post","status-publish","format-standard","hentry","category-formandsvalg-muskelsvindfonden-derfor-stemmer-jeg-paa-jan","category-uncategorized"],"_links":{"self":[{"href":"https:\/\/jan-jakobsen.dk\/index.php?rest_route=\/wp\/v2\/posts\/6035","targetHints":{"allow":["GET"]}}],"collection":[{"href":"https:\/\/jan-jakobsen.dk\/index.php?rest_route=\/wp\/v2\/posts"}],"about":[{"href":"https:\/\/jan-jakobsen.dk\/index.php?rest_route=\/wp\/v2\/types\/post"}],"author":[{"embeddable":true,"href":"https:\/\/jan-jakobsen.dk\/index.php?rest_route=\/wp\/v2\/users\/3"}],"replies":[{"embeddable":true,"href":"https:\/\/jan-jakobsen.dk\/index.php?rest_route=%2Fwp%2Fv2%2Fcomments&post=6035"}],"version-history":[{"count":1,"href":"https:\/\/jan-jakobsen.dk\/index.php?rest_route=\/wp\/v2\/posts\/6035\/revisions"}],"predecessor-version":[{"id":6036,"href":"https:\/\/jan-jakobsen.dk\/index.php?rest_route=\/wp\/v2\/posts\/6035\/revisions\/6036"}],"wp:attachment":[{"href":"https:\/\/jan-jakobsen.dk\/index.php?rest_route=%2Fwp%2Fv2%2Fmedia&parent=6035"}],"wp:term":[{"taxonomy":"category","embeddable":true,"href":"https:\/\/jan-jakobsen.dk\/index.php?rest_route=%2Fwp%2Fv2%2Fcategories&post=6035"},{"taxonomy":"post_tag","embeddable":true,"href":"https:\/\/jan-jakobsen.dk\/index.php?rest_route=%2Fwp%2Fv2%2Ftags&post=6035"}],"curies":[{"name":"wp","href":"https:\/\/api.w.org\/{rel}","templated":true}]}}