{"id":6030,"date":"2016-05-23T03:19:55","date_gmt":"2016-05-23T01:19:55","guid":{"rendered":"http:\/\/jan-jakobsen.dk\/?p=6030"},"modified":"2016-05-23T05:59:11","modified_gmt":"2016-05-23T03:59:11","slug":"mine-vigtigste-opgaver-som-formand","status":"publish","type":"post","link":"https:\/\/jan-jakobsen.dk\/?p=6030","title":{"rendered":"Mine vigtigste opgaver som formand"},"content":{"rendered":"<p>Jeg vil her lige komme med et indl\u00e6g, der bev\u00e6ger sig lidt ud over de omr\u00e5der, der allerede er bragt p\u00e5 bane i gruppen.<br \/>\nJeg vil fort\u00e6lle om, hvad jeg ser som mine vigtigste opgaver og hvor medlemmerne kan forvente, at jeg vil bruge mine ressourcer, hvis jeg bliver valgt til formand.<br \/>\nMine overskrifter er \u201cledelsesstil&#8221;, &#8220;inddragelse og samarbejde&#8221;, \u201csynlighed&#8221; og &#8220;vi rykker i f\u00e6llesskab&#8221;.<br \/>\nDet kr\u00e6ver nogle uddybende ord.<!--more--><\/p>\n<p>Ledelsesstil:<br \/>\nFormandens officielle rolle er at tegne foreningen udadtil og sikre, at den indadtil fungerer demokratisk. En del af opgaven er i formandskabet at tilrettel\u00e6gge dagsordener og lede arbejdet i bestyrelsen og repr\u00e6sentantskab. Medlemmer, medlemsgrupperne og medarbejderne skal kende d\u00e9n, der bliver valgt til formand. Det kr\u00e6ver naturligvis en s\u00e6rlig indsats i begyndelsen.<br \/>\nAt repr\u00e6sentere foreningen udadtil og samle tr\u00e5dene i det politiske modspil til vores ansatte ledelse er opgaver, der ogs\u00e5 vil kr\u00e6ve nogen opm\u00e6rksomhed. Det betyder ogs\u00e5, at jeg, hvis jeg bliver valgt, m\u00e5 v\u00e6re klar p\u00e5, hvor og i hvilket omfang de kommunikative, politiske og ledelsesm\u00e6ssige kompetencer skal v\u00e6re s\u00e6rligt tydelige. Det vil komme til udtryk i en ledelsesstil, hvor jeg vil kommunikere tydeligt, inspirere og inddrage.<\/p>\n<p>Inddragelse og samarbejde:<br \/>\nVores st\u00f8rste aktiv er ubetinget medlemmerne og repr\u00e6sentantskabet. Her ligger erfaringerne. Ikke mindst repr\u00e6sentantskabet kan bruges langt mere aktivt end vi g\u00f8r i dag.<br \/>\nVi har desuden en masse faglig og professionel erfaring at tr\u00e6kke p\u00e5 inden for kommunikation, indsamling, medlemspleje, handicappolitik, r\u00e5dgivning, IT og ledelse.<br \/>\nAlts\u00e5 en hel stab af medarbejdere, der foruden at arbejde fagligt kompetent ogs\u00e5 er vigtige i roller som de, der er med til at give formanden input i de sager, der skal ud i offentligheden.<br \/>\nVi aktiverer hvert \u00e5r over tusinde mennesker som frivillige ved Roskilde-festival, Cirkus Summarum, Cyklo og Gr\u00f8n Koncert. Det er en k\u00e6mpe ressource for os. De stiller ikke alene deres arbejdskraft til vores r\u00e5dighed. De kommer ogs\u00e5 med gode ideer og de er en stor hj\u00e6lp som dem, der fort\u00e6ller om fondens arbejde.<br \/>\nAlt ialt giver kombinationen frivillige og professionelle os det spillerum og den synergi, der skal til for at vi kan s\u00e6tte den handicappolitiske dagsorden, som gennem en \u00e5rr\u00e6kke har haft h\u00e5rde vilk\u00e5r p\u00e5 grund af bl.a. \u00f8konomisk t\u00e6nkning i kommunerne. Bliver jeg valgt til formand er et af de vigtigste m\u00e5l at \u00e6ndre holdningen til handicap ved at inddrage alle de ressourcer vi har. Det er jeg garant for.<\/p>\n<p>Synlighed:<br \/>\nJeg har skrevet det f\u00f8r og g\u00f8r det igen: vi har s\u00e5 mange talenter i b\u00e5de vores medlemskreds og i vores repr\u00e6sentantskab. Bliver jeg formand vil jeg f\u00f8le mig forpligtet til at bringe de kr\u00e6fter i spil. Det er fra repr\u00e6sentantskabets midte at de dagsordener omkring handicap, der n\u00f8dvendigvis m\u00e5 frem i medierne, skal s\u00e6ttes. Jeg ser derfor ogs\u00e5 formandens rolle som at v\u00e6re den, der samler op p\u00e5 demokratiske beslutninger og har det overordnede overblik over sager, der har betydning for os &#8211; og hvorn\u00e5r vi kan \u201drykke\u201d p\u00e5 dem. Medierne kommer ikke bare til os om det \u2013 vi m\u00e5 komme til dem \u2013 ellers kommer vi ikke med. Det betyder, at vi skal v\u00e6re med til at skabe sagerne selv ud fra historier fra vores midte, som g\u00f8r det levende for andre, hvad for nogle barrierer mennesker med muskelsvind m\u00f8der, og hvordan de kan nedbrydes. Jeg ser min rolle, hvis jeg bliver formand, som den st\u00e6rke talsperson \u2013 n\u00e5r der er behov for det. Men ogs\u00e5 som den, der s\u00f8rger for, at de, der bliver ber\u00f8rt, s\u00e6ttes i spil. Det er eksempelvis st\u00e6rkere, at det er et barn med muskelsvind, eller barnets for\u00e6ldre, der er i medierne om inklusion i folkeskolen end at det er mig eller en anden som formand.<\/p>\n<p>Vi rykker i f\u00e6llesskab:<br \/>\nDet er for og med medlemmerne, vi sammen kan rykke. Vi har mange ressourcer, der kan bruges. Repr\u00e6sentantskabet har f.eks en s\u00e6rlig rolle gennem de udvalg, vi allerede har skabt. De er et godt sted at t\u00e6nke ideer til vores handicappolitiske formidling. Nogle af repr\u00e6sentantskabets medlemmer kan virkeligg\u00f8re vores m\u00e5l i tekst, tale, foto og video, mens andre kan v\u00e6re med til at s\u00e6tte medlemsdemokratiet i system. Det kan v\u00e6re kontakten til vore medlemsgrupper, der ogs\u00e5 i dag spiller en vigtig rolle, n\u00e5r vi skal skabe forst\u00e5else i befolkningen, hos pressen og andre mulige medspillere.<br \/>\nVi m\u00e5 heller ikke glemme den store medlemsgruppe, der af den ene eller anden grund er isolerede og ikke deltager i hverken landsm\u00f8der, repr\u00e6sentantskab eller medlemsgrupper. Jeg vil udvikle kommunikationsveje, der sikrer dem en stemme i Muskelsvindfonden.<br \/>\nVi kan og skal engagere og holde foreningen fast som en medlemsstyret forening med denne indsats. I den proces, kan vi bruge b\u00e5de os selv som politiske ressourcer og vores medarbejderressourcer endnu bedre.<br \/>\nDet er nogle af de opgaver, jeg gerne vil p\u00e5tage mig at f\u00f8re an i.<\/p>\n","protected":false},"excerpt":{"rendered":"<p>Jeg vil her lige komme med et indl\u00e6g, der bev\u00e6ger sig lidt ud over de omr\u00e5der, der allerede er bragt p\u00e5 bane i gruppen. Jeg vil fort\u00e6lle om, hvad jeg ser som mine vigtigste opgaver og hvor medlemmerne kan forvente, &hellip; <a href=\"https:\/\/jan-jakobsen.dk\/?p=6030\">L\u00e6s resten <span class=\"meta-nav\">&rarr;<\/span><\/a><\/p>\n","protected":false},"author":3,"featured_media":0,"comment_status":"open","ping_status":"open","sticky":false,"template":"","format":"standard","meta":{"footnotes":""},"categories":[354,1],"tags":[],"class_list":["post-6030","post","type-post","status-publish","format-standard","hentry","category-formblog","category-uncategorized"],"_links":{"self":[{"href":"https:\/\/jan-jakobsen.dk\/index.php?rest_route=\/wp\/v2\/posts\/6030","targetHints":{"allow":["GET"]}}],"collection":[{"href":"https:\/\/jan-jakobsen.dk\/index.php?rest_route=\/wp\/v2\/posts"}],"about":[{"href":"https:\/\/jan-jakobsen.dk\/index.php?rest_route=\/wp\/v2\/types\/post"}],"author":[{"embeddable":true,"href":"https:\/\/jan-jakobsen.dk\/index.php?rest_route=\/wp\/v2\/users\/3"}],"replies":[{"embeddable":true,"href":"https:\/\/jan-jakobsen.dk\/index.php?rest_route=%2Fwp%2Fv2%2Fcomments&post=6030"}],"version-history":[{"count":1,"href":"https:\/\/jan-jakobsen.dk\/index.php?rest_route=\/wp\/v2\/posts\/6030\/revisions"}],"predecessor-version":[{"id":6031,"href":"https:\/\/jan-jakobsen.dk\/index.php?rest_route=\/wp\/v2\/posts\/6030\/revisions\/6031"}],"wp:attachment":[{"href":"https:\/\/jan-jakobsen.dk\/index.php?rest_route=%2Fwp%2Fv2%2Fmedia&parent=6030"}],"wp:term":[{"taxonomy":"category","embeddable":true,"href":"https:\/\/jan-jakobsen.dk\/index.php?rest_route=%2Fwp%2Fv2%2Fcategories&post=6030"},{"taxonomy":"post_tag","embeddable":true,"href":"https:\/\/jan-jakobsen.dk\/index.php?rest_route=%2Fwp%2Fv2%2Ftags&post=6030"}],"curies":[{"name":"wp","href":"https:\/\/api.w.org\/{rel}","templated":true}]}}