{"id":6024,"date":"2016-05-23T03:04:22","date_gmt":"2016-05-23T01:04:22","guid":{"rendered":"http:\/\/jan-jakobsen.dk\/?p=6024"},"modified":"2016-05-23T05:58:32","modified_gmt":"2016-05-23T03:58:32","slug":"spoergsmaal-om-kandidaterne-er-medlem-af-et-politisk-parti","status":"publish","type":"post","link":"https:\/\/jan-jakobsen.dk\/?p=6024","title":{"rendered":"Sp\u00f8rgsm\u00e5l om kandidaterne er medlem af et politisk parti"},"content":{"rendered":"<p><strong>Sp\u00f8rgsm\u00e5l<\/strong> til alle kandidaterne i repr\u00e6sentantskabsvalget: er der nogle af kandidaterne der er medlem af et politisk parti og hvilket?<\/p>\n<p><strong>Svar:<\/strong> Der er blevet spurgt til, hvem der blandt kandidater til repr\u00e6sentantskabet og til formandsposten er medlemmer af et politisk parti og hvilket. Jeg er medlem af Enhedslisten og har repr\u00e6senteret Enhedslisten i Ringsted byr\u00e5d de sidste fem\u00a0\u00e5r, s\u00e5 alene det har jo gjort det temmeligt synligt.<!--more--><\/p>\n<p>Jeg har hele tiden meldt ud, at hvis jeg bliver valgt til formand i Muskelsvindfonden, tr\u00e6der jeg ud af byr\u00e5det i Ringsted, fordi der klart kan opst\u00e5 noget, der kan ses som interessekonflikter.<\/p>\n<p>Jeg har altid v\u00e6ret meget opm\u00e6rksom p\u00e5 at adskille b\u00e5de mine egne partipolitiske holdninger, mit eget politiske st\u00e5sted og handicappolitik. Skelnede jeg ikke mellem det, kunne jeg ikke bruges som foredragsholder til at fort\u00e6lle om livet med et handicap, sidde i Muskelsvindfondens bestyrelse eller i DHs forretningsudvalg.<\/p>\n<p>Jeg har aldrig blandet det sammen og er stor fortaler for at vi netop ikke g\u00f8r det. Det er jeg jo fordi vi skal kunne samarbejde med alle. Mange handicappolitiske tiltag kommer fra f.eks. Dansk Folkeparti i \u00f8jeblikket og dem skal vi uforbeholdent kunne st\u00f8tte. Det er den m\u00e5de vi opn\u00e5r resultater p\u00e5. Mange \u00e5r med handicappolitik i bagagen har l\u00e6rt mig, at handicappolitiske fortalere findes alle steder. En af de store, som desv\u00e6rre er d\u00f8d nu, var den konservative tidligere socialminister Palle Simonsen, der 1. juni 2011 talte p\u00e5 Hotel Nyborg Strand ved storm\u00f8det \u201cStop hetzen p\u00e5 handicappede og socialt udsatte\u201d. Palle Simonsen uddelte dr\u00f8je hug til alle politikere for deres manglende sociale ansvar. S\u00e5dan skal det v\u00e6re for mig, jer og alle andre.<\/p>\n<p>Argumenter, der har v\u00e6ret brugt i debatten er bl.a. at &#8220;vores kommende formand skal fremst\u00e5 med en stor trov\u00e6rdighed i dialogen med repr\u00e6sentanter fra alle partier. Hvis vores formand signalere et aktivt partipolitisk tilh\u00f8rsforhold, kan den trov\u00e6rdighed blive kompromitteret.\u201d T\u00e6nk lige p\u00e5, at hvis nogen er vant til at omg\u00e5s mennesker med andre politiske holdninger s\u00e5 er det politikere &#8211; faktisk omg\u00e5s de hinanden hele tiden, s\u00e5 der er st\u00f8rre tolerance og respekt for hinanden at finde d\u00e9r end jeg oplever blandt de debatterende medlemmer her lige nu.<\/p>\n","protected":false},"excerpt":{"rendered":"<p>Sp\u00f8rgsm\u00e5l til alle kandidaterne i repr\u00e6sentantskabsvalget: er der nogle af kandidaterne der er medlem af et politisk parti og hvilket? Svar: Der er blevet spurgt til, hvem der blandt kandidater til repr\u00e6sentantskabet og til formandsposten er medlemmer af et politisk &hellip; <a href=\"https:\/\/jan-jakobsen.dk\/?p=6024\">L\u00e6s resten <span class=\"meta-nav\">&rarr;<\/span><\/a><\/p>\n","protected":false},"author":3,"featured_media":0,"comment_status":"open","ping_status":"open","sticky":false,"template":"","format":"standard","meta":{"footnotes":""},"categories":[1,351],"tags":[443,412],"class_list":["post-6024","post","type-post","status-publish","format-standard","hentry","category-uncategorized","category-sporgsmal-og-svar-formandsvalg-2016","tag-formandsvalg","tag-muskelsvindfonden"],"_links":{"self":[{"href":"https:\/\/jan-jakobsen.dk\/index.php?rest_route=\/wp\/v2\/posts\/6024","targetHints":{"allow":["GET"]}}],"collection":[{"href":"https:\/\/jan-jakobsen.dk\/index.php?rest_route=\/wp\/v2\/posts"}],"about":[{"href":"https:\/\/jan-jakobsen.dk\/index.php?rest_route=\/wp\/v2\/types\/post"}],"author":[{"embeddable":true,"href":"https:\/\/jan-jakobsen.dk\/index.php?rest_route=\/wp\/v2\/users\/3"}],"replies":[{"embeddable":true,"href":"https:\/\/jan-jakobsen.dk\/index.php?rest_route=%2Fwp%2Fv2%2Fcomments&post=6024"}],"version-history":[{"count":2,"href":"https:\/\/jan-jakobsen.dk\/index.php?rest_route=\/wp\/v2\/posts\/6024\/revisions"}],"predecessor-version":[{"id":6026,"href":"https:\/\/jan-jakobsen.dk\/index.php?rest_route=\/wp\/v2\/posts\/6024\/revisions\/6026"}],"wp:attachment":[{"href":"https:\/\/jan-jakobsen.dk\/index.php?rest_route=%2Fwp%2Fv2%2Fmedia&parent=6024"}],"wp:term":[{"taxonomy":"category","embeddable":true,"href":"https:\/\/jan-jakobsen.dk\/index.php?rest_route=%2Fwp%2Fv2%2Fcategories&post=6024"},{"taxonomy":"post_tag","embeddable":true,"href":"https:\/\/jan-jakobsen.dk\/index.php?rest_route=%2Fwp%2Fv2%2Ftags&post=6024"}],"curies":[{"name":"wp","href":"https:\/\/api.w.org\/{rel}","templated":true}]}}