{"id":6020,"date":"2016-05-23T02:51:10","date_gmt":"2016-05-23T00:51:10","guid":{"rendered":"http:\/\/jan-jakobsen.dk\/?p=6020"},"modified":"2016-05-23T05:58:17","modified_gmt":"2016-05-23T03:58:17","slug":"spoergsmaal-om-bpa","status":"publish","type":"post","link":"https:\/\/jan-jakobsen.dk\/?p=6020","title":{"rendered":"Sp\u00f8rgsm\u00e5l om BPA"},"content":{"rendered":"<p><strong>Sp\u00f8rgsm\u00e5l:<\/strong>\u00a0Mht BPA og det evige pres p\u00e5 afskaffelse, der er p\u00e5 24 timers vagter (is\u00e6r med respiratorbrugere). Er 24 timers vagter noget, som fonden skal k\u00e6mpe for beholdes? Og i s\u00e5 fald, hvordan?<!--more--><\/p>\n<p><strong>Svar<\/strong>:\u00a0Det er et meget relevant sp\u00f8rgsm\u00e5l du rejser om BPA. Jeg tror ikke, at der har v\u00e6ret stillet f\u00f8r i formandsdebatten. Derfor vil jeg gerne svare p\u00e5 det med det forbehold, at der er tekniske ting i, hvordan reglerne er i dag og hvordan de kan v\u00e6re i fremtiden. Detailsp\u00f8rgsm\u00e5l, der m\u00e5tte dukke op skal vi have vores handicappolitiske medarbejdere ind over.<\/p>\n<p>Helt overordnet mener jeg 24-timers vagter skal v\u00e6re en ret i BPA. Jeg har jo selv BPA og er respiratorbruger og ved<span class=\"text_exposed_show\">, hvor sv\u00e6rt det bliver at f\u00e5 hverdagen til at h\u00e6nge sammen uden den fleksibilitet, som 24-timers vagter giver os. Uanset om vi bruger respirator eller ej er det vigtigt at vi f\u00e5r mulighed for at f\u00e5 den st\u00f8rst mulige frihed i vores liv og et liv s\u00e5 t\u00e6t p\u00e5 det normale som muligt. Det er jo netop intentionen med BPA. Det er er m\u00e5l ogs\u00e5 vi m\u00e5 forf\u00f8lge og holde politikerne op p\u00e5.<\/span><\/p>\n<p><span class=\"text_exposed_show\">Du sp\u00f8rger ogs\u00e5 om, hvordan vi skal k\u00e6mpe for at bevare 24-timers vagterne. Det er fint, at du p\u00e5 den m\u00e5de skuer fremad og eftersp\u00f8rger en l\u00f8sning. Og den mangler vi helt sikkert.<\/span><\/p>\n<p><span class=\"text_exposed_show\">\u00c9t bud kan v\u00e6re, at hviletidsreglerne er fra en tid, hvor BPA ikke var opfundet. Hviletidsreglerne har til form\u00e5l at beskytte ansatte mod nedslidning, og vores argument kan v\u00e6re, at 24 timers vagter jo typisk betyder, at s\u00e5 har hj\u00e6lperen til geng\u00e6ld ca. 23 arbejdsfri d\u00f8gn i l\u00f8bet af en m\u00e5ned, hvilket kan v\u00e6re en anden m\u00e5de at hindre nedslidning &#8211; men vi har da fortsat ingen garanti for, at der er politikere, som vil hoppe p\u00e5 den argumentation. Men et job i en BPA er anderledes end andre jobs, og hviletidsreglerne er udt\u00e6nkt i forhold til &#8220;andre jobs&#8221;, hvor s\u00e5 mange arbejdsfri d\u00f8gn ikke forekommer. Jeg tror dog, at hvis vi bruger vores ressourcer rigtigt og i f\u00e6llesskab udt\u00e6nker, hvordan vi skal fort\u00e6lle om netop den del af hviletidsbestemmelserne, vi \u00f8nsker \u00e6ndret, s\u00e5 st\u00e5r vi st\u00e6rkt ogs\u00e5 i befolkningen. Det er jo en \u00e6ndring, der ikke koster penge men udelukkende fleksibilitet.<\/span><\/p>\n<p><span class=\"text_exposed_show\">Som formand vil jeg tage initiativ til, at vi fors\u00f8ger at f\u00e5 anerkendt, at form\u00e5let med hviletidsreglerne kan tilgodeses p\u00e5 andre m\u00e5der end ved forbud mod 24 timers vagter. Her synes jeg, at det store antal fridage for handicaphj\u00e6lpere m\u00e5ske endda endnu bedre lever op til hviletidsreglernes form\u00e5l.<\/span><\/p>\n<p><span class=\"text_exposed_show\">Vi skal huske, at vi har medlemmer, der er milevidt fra de krav, der stilles til BPA. M\u00e5lgruppen skal udvides gennem kurser og f.eks. l\u00e6ngerevarende forl\u00f8b, som dem f.eks. Egmont-h\u00f8jskolen udbyder. De, der ikke kan f\u00e5 en BPA og ikke f\u00e5r denskal vi ogs\u00e5 rumme og st\u00f8tte og sikre et liv s\u00e5 t\u00e6t p\u00e5 det normale som muligt. Det m\u00e5 vi aldrig glemme.<\/span><\/p>\n","protected":false},"excerpt":{"rendered":"<p>Sp\u00f8rgsm\u00e5l:\u00a0Mht BPA og det evige pres p\u00e5 afskaffelse, der er p\u00e5 24 timers vagter (is\u00e6r med respiratorbrugere). Er 24 timers vagter noget, som fonden skal k\u00e6mpe for beholdes? Og i s\u00e5 fald, hvordan?<\/p>\n","protected":false},"author":3,"featured_media":0,"comment_status":"open","ping_status":"open","sticky":false,"template":"","format":"standard","meta":{"footnotes":""},"categories":[1,351],"tags":[],"class_list":["post-6020","post","type-post","status-publish","format-standard","hentry","category-uncategorized","category-sporgsmal-og-svar-formandsvalg-2016"],"_links":{"self":[{"href":"https:\/\/jan-jakobsen.dk\/index.php?rest_route=\/wp\/v2\/posts\/6020","targetHints":{"allow":["GET"]}}],"collection":[{"href":"https:\/\/jan-jakobsen.dk\/index.php?rest_route=\/wp\/v2\/posts"}],"about":[{"href":"https:\/\/jan-jakobsen.dk\/index.php?rest_route=\/wp\/v2\/types\/post"}],"author":[{"embeddable":true,"href":"https:\/\/jan-jakobsen.dk\/index.php?rest_route=\/wp\/v2\/users\/3"}],"replies":[{"embeddable":true,"href":"https:\/\/jan-jakobsen.dk\/index.php?rest_route=%2Fwp%2Fv2%2Fcomments&post=6020"}],"version-history":[{"count":2,"href":"https:\/\/jan-jakobsen.dk\/index.php?rest_route=\/wp\/v2\/posts\/6020\/revisions"}],"predecessor-version":[{"id":6022,"href":"https:\/\/jan-jakobsen.dk\/index.php?rest_route=\/wp\/v2\/posts\/6020\/revisions\/6022"}],"wp:attachment":[{"href":"https:\/\/jan-jakobsen.dk\/index.php?rest_route=%2Fwp%2Fv2%2Fmedia&parent=6020"}],"wp:term":[{"taxonomy":"category","embeddable":true,"href":"https:\/\/jan-jakobsen.dk\/index.php?rest_route=%2Fwp%2Fv2%2Fcategories&post=6020"},{"taxonomy":"post_tag","embeddable":true,"href":"https:\/\/jan-jakobsen.dk\/index.php?rest_route=%2Fwp%2Fv2%2Ftags&post=6020"}],"curies":[{"name":"wp","href":"https:\/\/api.w.org\/{rel}","templated":true}]}}