{"id":6007,"date":"2016-05-22T06:07:11","date_gmt":"2016-05-22T04:07:11","guid":{"rendered":"http:\/\/jan-jakobsen.dk\/?p=6007"},"modified":"2016-05-22T06:13:15","modified_gmt":"2016-05-22T04:13:15","slug":"praesentation-til-valg-til-dhs-forretningsudvalg","status":"publish","type":"post","link":"https:\/\/jan-jakobsen.dk\/?p=6007","title":{"rendered":"Pr\u00e6sentation til valg til DHs Forretningsudvalg"},"content":{"rendered":"<p><a href=\"https:\/\/jan-jakobsen.dk\/https:\/\/jan-jakobsen.dk\/wp-content\/uploads\/2016\/05\/IMG_2419.jpg\"><img loading=\"lazy\" decoding=\"async\" class=\"alignleft size-large wp-image-6013\" src=\"https:\/\/jan-jakobsen.dk\/https:\/\/jan-jakobsen.dk\/wp-content\/uploads\/2016\/05\/IMG_2419-620x342.jpg\" alt=\"IMG_2419\" width=\"620\" height=\"342\" srcset=\"https:\/\/jan-jakobsen.dk\/http:\/\/jan-jakobsen.dk\/wp-content\/uploads\/2016\/05\/IMG_2419-620x342.jpg 620w, https:\/\/jan-jakobsen.dk\/http:\/\/jan-jakobsen.dk\/wp-content\/uploads\/2016\/05\/IMG_2419-300x166.jpg 300w, https:\/\/jan-jakobsen.dk\/http:\/\/jan-jakobsen.dk\/wp-content\/uploads\/2016\/05\/IMG_2419.jpg 1280w\" sizes=\"auto, (max-width: 620px) 100vw, 620px\" \/><\/a><\/p>\n<p>Jeg er lige blevet genvalgt til\u00a0Danske Handicaporganisationers Forretningsudvalg. Inden valget havde alle kandidaterne en kort pr\u00e6sentation, hvor vi kunne fort\u00e6lle om vores fokus.<!--more--><\/p>\n<p>Jeg hedder Jan Jakobsen og er 61 \u00e5r. Jeg har siddet i Forretningsudvalget det sidste \u00e5r for Muskelsvindfonden. Vi prioriterer ogs\u00e5 samarbejdet i DH i Muskelsvindfonden. Det har v\u00e6ret inspirerende at sidde i FU, bl.a. fordi jeg overtog en plads i det udvalg, der arbejder med lokalafdelingernes rolle. Jeg kender lidt til lokalafdelingerne b\u00e5de fra mit arbejde som formand for Handicapr\u00e5det\u00a0i Ringsted og fra Muskelsvindfondens bestyrelse. Jeg er enig med Thorkild i, at der sker gode ting i de lokale afdelinger, men vi m\u00e5 prioritere det endnu h\u00f8jere&#8230;<\/p>\n<p>Det er ikke til at komme uden om, at en del afg\u00f8relser i kommunerne bygger p\u00e5 spidsfindige tolkninger af love. Mange afg\u00f8relser bliver aldrig anket. Vores medlemmer er afh\u00e6ngig af st\u00f8tte fra medlemsforeningerne, der bruger flere og flere ressourcer p\u00e5 st\u00f8tten. Kun n\u00e5r medlemsforeningerne st\u00f8tter medlemmerne, er det muligt at k\u00f8re og vinde en ankesag. Det er f\u00f8rst p\u00e5 det sidste, at der er taget bare sm\u00e5 initiativer til at g\u00f8re op med selv meget tvivlsomme afg\u00f8relser i kommunerne. Det bliver ikke ved med at g\u00e5, venner.<\/p>\n<p>Vi m\u00e5 ogs\u00e5 gribe lidt i egen barm. Jeg mener, at vores m\u00e5de at organisere os p\u00e5 er ude af trit med nutiden. Jeg ved selvf\u00f8lgelig godt, at vi reagerer, men ikke kraftigt nok p\u00e5 de overgreb, vi oplever, fordi vores v\u00e6rkt\u00f8jer er udviklet til den mere rummelige velf\u00e6rdsstat, vi <b>har<\/b> haft.<\/p>\n<p>Vi m\u00e5 i DH forst\u00e5, at i dag betyder h\u00f8ringssvar mindre. Vi m\u00e5 samle indsatsen netop d\u00e9r, hvor angrebene er: <b>i kommunerne<\/b>. Vi skal styrke vores konsulentst\u00f8tte, kompetencer og aktive formidling lokalt, s\u00e5 DH bedre kan sl\u00e5 fra sig i kommunerne.<\/p>\n<p>Vi skal kunne fort\u00e6lle om og skabe indsigt i vores v\u00e6rdi med et handicap i bagagen. Vi har mange talentfulde mennesker med handicap, der form\u00e5r at n\u00e5 ud. De skal i spil ude i kommunerne og skabe de gode fort\u00e6llinger. Vores fremtidige arbejde er at udvikle det f\u00e6llesskab, der er s\u00e5 n\u00f8dvendigt for, at vi ogs\u00e5 fremover har et v\u00e6rdigt liv med et handicap. Vi m\u00e5 self\u00f8lgelig ogs\u00e5 i medlemsorganisationerne v\u00e6re bevidste om vores rolle lokalt.<\/p>\n<p>Vi skal <b>alle<\/b> v\u00e6re bevidst om vores rolle og s\u00e6tte en ny dagsorden. Form\u00e5r vi ikke at finde tidssvarende m\u00e5der at fort\u00e6lle p\u00e5, er vi rent ud sagt meget d\u00e5rligt stillet. Vi skal forandre. Ogs\u00e5 os selv \u2013 og vi m\u00e5 v\u00e6re den aktive part.<\/p>\n<p>Det vil jeg gerne v\u00e6re med til at arbejde for i FU.<\/p>\n","protected":false},"excerpt":{"rendered":"<p>Jeg er lige blevet genvalgt til\u00a0Danske Handicaporganisationers Forretningsudvalg. Inden valget havde alle kandidaterne en kort pr\u00e6sentation, hvor vi kunne fort\u00e6lle om vores fokus.<\/p>\n","protected":false},"author":3,"featured_media":0,"comment_status":"open","ping_status":"open","sticky":false,"template":"","format":"standard","meta":{"footnotes":""},"categories":[3,1],"tags":[539,538,465,412,540],"class_list":["post-6007","post","type-post","status-publish","format-standard","hentry","category-handicapdebat","category-uncategorized","tag-afgoerelser","tag-danske-handicaporganisationers-forretningsudvalg","tag-handicapraad","tag-muskelsvindfonden","tag-velfaerdsstat"],"_links":{"self":[{"href":"https:\/\/jan-jakobsen.dk\/index.php?rest_route=\/wp\/v2\/posts\/6007","targetHints":{"allow":["GET"]}}],"collection":[{"href":"https:\/\/jan-jakobsen.dk\/index.php?rest_route=\/wp\/v2\/posts"}],"about":[{"href":"https:\/\/jan-jakobsen.dk\/index.php?rest_route=\/wp\/v2\/types\/post"}],"author":[{"embeddable":true,"href":"https:\/\/jan-jakobsen.dk\/index.php?rest_route=\/wp\/v2\/users\/3"}],"replies":[{"embeddable":true,"href":"https:\/\/jan-jakobsen.dk\/index.php?rest_route=%2Fwp%2Fv2%2Fcomments&post=6007"}],"version-history":[{"count":6,"href":"https:\/\/jan-jakobsen.dk\/index.php?rest_route=\/wp\/v2\/posts\/6007\/revisions"}],"predecessor-version":[{"id":6015,"href":"https:\/\/jan-jakobsen.dk\/index.php?rest_route=\/wp\/v2\/posts\/6007\/revisions\/6015"}],"wp:attachment":[{"href":"https:\/\/jan-jakobsen.dk\/index.php?rest_route=%2Fwp%2Fv2%2Fmedia&parent=6007"}],"wp:term":[{"taxonomy":"category","embeddable":true,"href":"https:\/\/jan-jakobsen.dk\/index.php?rest_route=%2Fwp%2Fv2%2Fcategories&post=6007"},{"taxonomy":"post_tag","embeddable":true,"href":"https:\/\/jan-jakobsen.dk\/index.php?rest_route=%2Fwp%2Fv2%2Ftags&post=6007"}],"curies":[{"name":"wp","href":"https:\/\/api.w.org\/{rel}","templated":true}]}}