{"id":5965,"date":"2016-05-12T08:00:14","date_gmt":"2016-05-12T06:00:14","guid":{"rendered":"http:\/\/jan-jakobsen.dk\/?p=5965"},"modified":"2016-05-12T07:27:59","modified_gmt":"2016-05-12T05:27:59","slug":"spoergsmaal-om-generationsskifte","status":"publish","type":"post","link":"https:\/\/jan-jakobsen.dk\/?p=5965","title":{"rendered":"Sp\u00f8rgsm\u00e5l om generationsskifte"},"content":{"rendered":"<p><strong>Sp\u00f8rgsm\u00e5l:<\/strong> Generationsskifte. Vores elskede chefl\u00e6ge Jes Rahb\u00e6k har meldt sin afgang og flere b\u00e6rende kr\u00e6fter i medarbejder staben vil om f\u00e5 \u00e5r ligeledes helt naturligt forlade Muskelsvindfonden. Hvordan vil en kommende formand konkret forholde sig til det s\u00e5ledes at<span class=\"text_exposed_show\">\u00a0vi sikre at det pioner arbejde og den l\u00e6gefaglige evidens bliver beh\u00f8rigt overleveret?<\/span><br \/>\n<!--more--><\/p>\n<p><strong>Svar:<\/strong> Det er rigtigt, at der er et generationsskifte i gang, for en r\u00e6kke pionerer i RehabiliteringsCenter for Muskelsvind er allerede nu g\u00e5et p\u00e5 pension og er erstattet af nye medarbejdere.<\/p>\n<p>Jeg n\u00e6vner det, fordi det s\u00e5dan set ogs\u00e5 er en del af de erfaringer som b\u00e5de Muskelsvindfonden og RehabiliteringsCenter for Muskelsvind g\u00f8r sig &#8211; og som er med til at vi bliver bedre til at tackle de situationer, der opst\u00e5r. Jeg ved, at nogle af de redskaber, der er brugt har v\u00e6ret overlapning i medarbejderstaben, s\u00e5 der er mulighed for en vidensoverlevering, indf\u00f8ring i arbejdsmetoder m.v. Selve den m\u00e5de vi rekrutterer p\u00e5 er ogs\u00e5 en del af det. Den del har jeg ikke for n\u00e6rv\u00e6rende indsigt i, hvilket jeg som menigt bestyrelsesmedlem ikke b\u00f8r have. Jeg mener, at en formand b\u00f8r v\u00e6re en naturlig del af denne proces.<\/p>\n<p>Der er ogs\u00e5 mange \u201cf\u00f8lelsesm\u00e6ssige\u201d ting i et generationsskifte som du selv beskriver ganske glimrende med ordene &#8220;Vores elskede chefl\u00e6ge\u201d. Der er foruden den rent faglige viden, som jeg erkender er meget sv\u00e6r at erstatte, jo opbygget b\u00e5de en meget specialiseret viden hos Jes og et kendskab til medlemmerne og brugerne, som bygger p\u00e5 noget s\u00e5 \u201cbanalt\u201d som erfaring og tillid. Det m\u00e5 vi nok erkende bliver sv\u00e6rt at erstatte uanset hvem der skal f\u00f8lge efter. I den situation m\u00e5 vi (som med et formandsskifte) give plads til at en ny person, s\u00e5 den nye ogs\u00e5 f\u00e5r chancen for at udvikle sig til &#8220;Vores elskede chefl\u00e6ge Laura, Knud eller\u2026\u201d.<\/p>\n<p>Ogs\u00e5 p\u00e5 det socialpolitiske omr\u00e5de er denne proces i gang. Der er kommet Thomas Krog til som en kraft ved siden af J\u00f8rgen Lenger. Jeg ser dette som en del af samme proces. Ogs\u00e5 her sker en indf\u00f8ring som har gjort, at Thomas, der i forvejen har stor faglig indsigt, allerede har gjort sig meget heldigt bem\u00e6rket p\u00e5 fondens vegne.<\/p>\n<p>Det er altid sv\u00e6rt at udskifte medarbejdere, men med de rette redskaber og lidt god vilje kan det godt lade sif g\u00f8re. Dem har vi og er vi i gang med at f\u00e5. P\u00e5 den baggrund tror jeg det nok skal lykkes.<\/p>\n","protected":false},"excerpt":{"rendered":"<p>Sp\u00f8rgsm\u00e5l: Generationsskifte. Vores elskede chefl\u00e6ge Jes Rahb\u00e6k har meldt sin afgang og flere b\u00e6rende kr\u00e6fter i medarbejder staben vil om f\u00e5 \u00e5r ligeledes helt naturligt forlade Muskelsvindfonden. Hvordan vil en kommende formand konkret forholde sig til det s\u00e5ledes at\u00a0vi sikre &hellip; <a href=\"https:\/\/jan-jakobsen.dk\/?p=5965\">L\u00e6s resten <span class=\"meta-nav\">&rarr;<\/span><\/a><\/p>\n","protected":false},"author":3,"featured_media":0,"comment_status":"open","ping_status":"open","sticky":false,"template":"","format":"standard","meta":{"footnotes":""},"categories":[351],"tags":[443,533,412],"class_list":["post-5965","post","type-post","status-publish","format-standard","hentry","category-sporgsmal-og-svar-formandsvalg-2016","tag-formandsvalg","tag-generationsskifte","tag-muskelsvindfonden"],"_links":{"self":[{"href":"https:\/\/jan-jakobsen.dk\/index.php?rest_route=\/wp\/v2\/posts\/5965","targetHints":{"allow":["GET"]}}],"collection":[{"href":"https:\/\/jan-jakobsen.dk\/index.php?rest_route=\/wp\/v2\/posts"}],"about":[{"href":"https:\/\/jan-jakobsen.dk\/index.php?rest_route=\/wp\/v2\/types\/post"}],"author":[{"embeddable":true,"href":"https:\/\/jan-jakobsen.dk\/index.php?rest_route=\/wp\/v2\/users\/3"}],"replies":[{"embeddable":true,"href":"https:\/\/jan-jakobsen.dk\/index.php?rest_route=%2Fwp%2Fv2%2Fcomments&post=5965"}],"version-history":[{"count":1,"href":"https:\/\/jan-jakobsen.dk\/index.php?rest_route=\/wp\/v2\/posts\/5965\/revisions"}],"predecessor-version":[{"id":5966,"href":"https:\/\/jan-jakobsen.dk\/index.php?rest_route=\/wp\/v2\/posts\/5965\/revisions\/5966"}],"wp:attachment":[{"href":"https:\/\/jan-jakobsen.dk\/index.php?rest_route=%2Fwp%2Fv2%2Fmedia&parent=5965"}],"wp:term":[{"taxonomy":"category","embeddable":true,"href":"https:\/\/jan-jakobsen.dk\/index.php?rest_route=%2Fwp%2Fv2%2Fcategories&post=5965"},{"taxonomy":"post_tag","embeddable":true,"href":"https:\/\/jan-jakobsen.dk\/index.php?rest_route=%2Fwp%2Fv2%2Ftags&post=5965"}],"curies":[{"name":"wp","href":"https:\/\/api.w.org\/{rel}","templated":true}]}}