{"id":59138,"date":"2022-03-12T05:24:44","date_gmt":"2022-03-12T04:24:44","guid":{"rendered":"http:\/\/jan-jakobsen.dk\/?p=59138"},"modified":"2024-05-04T19:44:59","modified_gmt":"2024-05-04T17:44:59","slug":"handicapprisen-22022","status":"publish","type":"post","link":"https:\/\/jan-jakobsen.dk\/?p=59138","title":{"rendered":"Handicapprisen 2022"},"content":{"rendered":"<div class=\"wp-block-image\">\n<figure class=\"alignleft size-large is-resized\"><img loading=\"lazy\" decoding=\"async\" width=\"620\" height=\"465\" src=\"https:\/\/jan-jakobsen.dk\/https:\/\/jan-jakobsen.dk\/wp-content\/uploads\/2022\/03\/FB_IMG_1647058319583-620x465.jpg\" alt=\"\" class=\"wp-image-59140\" style=\"width:300px\" srcset=\"https:\/\/jan-jakobsen.dk\/http:\/\/jan-jakobsen.dk\/wp-content\/uploads\/2022\/03\/FB_IMG_1647058319583-620x465.jpg 620w, https:\/\/jan-jakobsen.dk\/http:\/\/jan-jakobsen.dk\/wp-content\/uploads\/2022\/03\/FB_IMG_1647058319583-300x225.jpg 300w, https:\/\/jan-jakobsen.dk\/http:\/\/jan-jakobsen.dk\/wp-content\/uploads\/2022\/03\/FB_IMG_1647058319583.jpg 1024w\" sizes=\"auto, (max-width: 620px) 100vw, 620px\" \/><\/figure>\n<\/div>\n\n\n<p>Torsdag aften den 10. marts blev den \u00e5rlige Gallaaften afholdt i Ringsted Kongrescenter. Det bet\u00f8d, at mere end 250 repr\u00e6sentanter for det frivillige Ringsted var forsamlet for at fejre frivilligheden og have en hyggelig aften.<\/p>\n\n\n\n<p>Det er ogs\u00e5 denne aften, der bliver uddelt en r\u00e6kke priser. Jeg havde den store forn\u00f8jelse p\u00e5 vegne af Handicapr\u00e5det at overr\u00e6kke \u00e5rets handicappris til de s\u00e6rlige medarbejdere p\u00e5 Caf\u00e9 Ingeborg. Prisen blev taget rigtig godt imod af netop 3 af disse medarbejdere og vi havde en god aften sammen med mange andre frivillige.<\/p>\n\n\n\n<p>Nedenfor kan du l\u00e6se den tale, jeg holdt for de s\u00e6rlige medarbejdere p\u00e5 Caf\u00e9 Ingeborg.<\/p>\n\n\n\n<!--more-->\n\n\n\n<p>\u00c5rets modtager af Handicapprisen 2022 er de s\u00e6rligt ansatte medarbejdere p\u00e5 Caf\u00e9 Ingeborg. Jeg er glad for at f\u00e5 lov til at overr\u00e6kke Handicapprisen 2022 til jer &#8211; og stolt over, at Ringsted har fostret et projekt, som andre kommuner ser langt efter &#8211; og gerne vil g\u00f8re efter. <\/p>\n\n\n\n<p>Et projekt, der gennem 10 \u00e5r har udviklet sig til noget, vi i dag godt kan kalde &#8220;noget af en alsidig forretning&#8221;. Her er jobs af meget alsidig karakter &#8211; og med ans\u00e6ttelser, der har mange forskellige former. Som passer til ens arbejdsevne. Og \u00e9n ting kan jeg love jer, der bliver knoklet af hjertets lyst. Her er det nemlig sjovt at arbejde. Her hersker nemlig mangfoldighed, rummelighed og gl\u00e6de. Tre af de ting, der skal til for at g\u00f8re en arbejdsplads til et sted, hvor man gl\u00e6der sig til at komme\u2026  ikke blot som medarbejdere, men ogs\u00e5 som kunde i den biks, som der kommer ud af det. Den er ogs\u00e5 det, vi m\u00e5 kalde virkelig forskelligartet. <\/p>\n\n\n\n<p>Udover at drive cafeen p\u00e5 Knud Lavard Centret d\u00e6kker den ogs\u00e5 over en lang r\u00e6kke andre knopskydninger, som er kommet til i \u00e5renes l\u00f8b. Der er nogen til at tage imod os, n\u00e5r vi kommer i Sunhedscentret. Der er yderligere en caf\u00e9 p\u00e5 biblioteket. Der er et gartneri og snitteri p\u00e5 plejecentret i Ortved, der er en mobil sandwichbar, der t\u00f8ffer rundt i kommunen, hvor der sker noget\u2026 for blot at n\u00e6vne nogen\u2026  og det skulle ikke undre, om der kommer mere til. <\/p>\n\n\n\n<p>Handicapprisen bliver givet til de s\u00e6rlige medarbejdere p\u00e5 Caf\u00e9 Ingeborg og tilh\u00f8rende knopper, s\u00e5 de sammen kan lave noget for sig selv. Ikke blot fors\u00f8de og gl\u00e6de for andre, men bogstaveligt talt for sig selv. Det synes vi b\u00e5de i Handicapr\u00e5det og ogs\u00e5 dem i byr\u00e5det, er velfortjent! Tillykke med Handicapprisen 2022. I g\u00f8r det godt, s\u00e5 den gives med gl\u00e6de!<\/p>\n\n\n\n<p>Prisen best\u00e5r af en buket blomster, et kunsth\u00e5ndv\u00e6rk af en lokal kunstner og sidst, men ikke mindst, en check p\u00e5 10.000 kr.<\/p>\n","protected":false},"excerpt":{"rendered":"<p>Torsdag aften den 10. marts blev den \u00e5rlige Gallaaften afholdt i Ringsted Kongrescenter. Det bet\u00f8d, at mere end 250 repr\u00e6sentanter for det frivillige Ringsted var forsamlet for at fejre frivilligheden og have en hyggelig aften. Det er ogs\u00e5 denne aften, &hellip; <a href=\"https:\/\/jan-jakobsen.dk\/?p=59138\">L\u00e6s resten <span class=\"meta-nav\">&rarr;<\/span><\/a><\/p>\n","protected":false},"author":3,"featured_media":0,"comment_status":"open","ping_status":"closed","sticky":false,"template":"","format":"standard","meta":{"footnotes":""},"categories":[4,3,1],"tags":[744,980,978,979],"class_list":["post-59138","post","type-post","status-publish","format-standard","hentry","category-blog","category-handicapdebat","category-uncategorized","tag-cafe-ingeborg","tag-gallaaften","tag-handicappris-2022","tag-saerlige-medarbejdere"],"_links":{"self":[{"href":"https:\/\/jan-jakobsen.dk\/index.php?rest_route=\/wp\/v2\/posts\/59138","targetHints":{"allow":["GET"]}}],"collection":[{"href":"https:\/\/jan-jakobsen.dk\/index.php?rest_route=\/wp\/v2\/posts"}],"about":[{"href":"https:\/\/jan-jakobsen.dk\/index.php?rest_route=\/wp\/v2\/types\/post"}],"author":[{"embeddable":true,"href":"https:\/\/jan-jakobsen.dk\/index.php?rest_route=\/wp\/v2\/users\/3"}],"replies":[{"embeddable":true,"href":"https:\/\/jan-jakobsen.dk\/index.php?rest_route=%2Fwp%2Fv2%2Fcomments&post=59138"}],"version-history":[{"count":6,"href":"https:\/\/jan-jakobsen.dk\/index.php?rest_route=\/wp\/v2\/posts\/59138\/revisions"}],"predecessor-version":[{"id":60216,"href":"https:\/\/jan-jakobsen.dk\/index.php?rest_route=\/wp\/v2\/posts\/59138\/revisions\/60216"}],"wp:attachment":[{"href":"https:\/\/jan-jakobsen.dk\/index.php?rest_route=%2Fwp%2Fv2%2Fmedia&parent=59138"}],"wp:term":[{"taxonomy":"category","embeddable":true,"href":"https:\/\/jan-jakobsen.dk\/index.php?rest_route=%2Fwp%2Fv2%2Fcategories&post=59138"},{"taxonomy":"post_tag","embeddable":true,"href":"https:\/\/jan-jakobsen.dk\/index.php?rest_route=%2Fwp%2Fv2%2Ftags&post=59138"}],"curies":[{"name":"wp","href":"https:\/\/api.w.org\/{rel}","templated":true}]}}