{"id":59083,"date":"2021-08-21T16:19:04","date_gmt":"2021-08-21T14:19:04","guid":{"rendered":"http:\/\/jan-jakobsen.dk\/?p=59083"},"modified":"2024-05-04T19:46:26","modified_gmt":"2024-05-04T17:46:26","slug":"vi-maa-skabe-en-ny-kultur-omkring-omtale-af-handicap","status":"publish","type":"post","link":"https:\/\/jan-jakobsen.dk\/?p=59083","title":{"rendered":"Vi m\u00e5 skabe en ny kultur omkring omtale af handicap"},"content":{"rendered":"<div class=\"wp-block-image\">\n<figure class=\"alignleft size-large is-resized\"><img loading=\"lazy\" decoding=\"async\" width=\"620\" height=\"826\" src=\"https:\/\/jan-jakobsen.dk\/https:\/\/jan-jakobsen.dk\/wp-content\/uploads\/2021\/08\/20210821_155254-620x826.jpg\" alt=\"\" class=\"wp-image-59085\" style=\"width:300px\" srcset=\"https:\/\/jan-jakobsen.dk\/http:\/\/jan-jakobsen.dk\/wp-content\/uploads\/2021\/08\/20210821_155254-620x826.jpg 620w, https:\/\/jan-jakobsen.dk\/http:\/\/jan-jakobsen.dk\/wp-content\/uploads\/2021\/08\/20210821_155254-300x400.jpg 300w, https:\/\/jan-jakobsen.dk\/http:\/\/jan-jakobsen.dk\/wp-content\/uploads\/2021\/08\/20210821_155254-1153x1536.jpg 1153w, https:\/\/jan-jakobsen.dk\/http:\/\/jan-jakobsen.dk\/wp-content\/uploads\/2021\/08\/20210821_155254.jpg 1260w\" sizes=\"auto, (max-width: 620px) 100vw, 620px\" \/><\/figure>\n<\/div>\n\n\n<p>I den sidste tid har der i Politiken og p\u00e5 de sociale medier k\u00f8rt en debat om, hvordan vi med handicap gerne&nbsp; vil omtales. Jeg har s\u00e5 godt som muligt fors\u00f8gt at f\u00f8lge denne debat, selv om jeg ikke abonnerer p\u00e5 Politiken.<\/p>\n\n\n\n<p>For mig er det utroligt vigtigt, at vi forbliver mennesker og ikke identificeres og associeres med vores handicap. Det er klart, at vores handicap er noget, vi b\u00e6rer med os gennem livet, men et tydeligt tr\u00e6k er, at vi alt for ofte er i den situation, at vi bliver identiske med vores handicap frem for det individ, vi hver is\u00e6r ogs\u00e5 er.<\/p>\n\n\n\n<p>Trods f\u00e6llestr\u00e6k, som fx i mit tilf\u00e6lde en k\u00f8restol, er det vigtigt, at vi er i stand til at fastholde en anden identitet end den, der knytter sig til k\u00f8restolen og de associationer, som det giver. Jeg har i tidens l\u00f8b h\u00f8rt mig selv omtalt p\u00e5 mange forskellige m\u00e5der, som jeg ikke bryder mig om. Nogle eksempler p\u00e5 nogle af de mere udfordrende betegnelser, jeg har v\u00e6ret udsat for er &#8220;ham i k\u00f8restolen&#8221;, &#8220;kr\u00f8blingen&#8221;, &#8220;den halve mand&#8221; osv.<\/p>\n\n\n\n<!--more-->\n\n\n\n<p>Mange af disse ben\u00e6vnelser kan virke s\u00e5rende. Ikke p\u00e5 grund af selve ordene, men fordi de fort\u00e6ller noget om det indtryk, vi g\u00f8r p\u00e5 andre mennesker. At det, der g\u00f8r indtryk, mere er mit udseende, mit hj\u00e6lpemiddel k\u00f8restolen, mit hj\u00e6lpemiddel respiratoren eller andre dominerende tr\u00e6k, der knytter sig til mit handicap &#8211; og ikke fort\u00e6ller noget som helst om det menneske, jeg ogs\u00e5 er bag al denne &#8220;staffage&#8221;. <\/p>\n\n\n\n<p>Det er vigtigt for mig at pointere, at dette jo ikke noget, der alene handler om k\u00f8restole. Der er blot det, jeg selv kender til og personligt oplever. Det kan v\u00e6re mange andre kendetegn, der knytter sig til forskellige slags handicap og som ikke umiddelbart er synlige, men tr\u00e6der frem fx. i l\u00f8bet af en samtale. P\u00e5 samme m\u00e5de som jeg oplever det, er der tusindvis af andre historier, der fort\u00e6ller om andre situationer og oplevelser om andre mennesker, der ogs\u00e5 forbliver skjult bag deres &#8220;staffage&#8221;.<\/p>\n\n\n\n<p>Det har v\u00e6ret foresl\u00e5et i et debatindl\u00e6g fra landsformand i foreningen Autisme, Kathe Johansen, at vi blot skal sp\u00f8rge den enkelte, hvordan man gerne vil omtales, n\u00e5r det g\u00e6lder handicap. Det er naturligvis en l\u00f8sning. Men jeg vil alligevel gerne problematisere den lidt.&nbsp;Mest af alt fordi jeg anser omtalen af os med handicap som en kollektiv udfordring mere end en individuel udfordring. Vi kan ikke med et trylleslag \u00e6ndre den m\u00e5de andre ser og oplever os p\u00e5. <\/p>\n\n\n\n<p>Derfor har jeg ogs\u00e5 sv\u00e6rt ved at se det alene som et personligt valg, hvordan vi \u00f8nsker at blive omtalt. Det vil have sv\u00e6rt ved at sl\u00e5 igennem i mere end en meget sn\u00e6vert kreds omkring en person, hvilket naturligvis ogs\u00e5 har betydning, men vi vil stadig i medierne eller offentlig debat st\u00f8de p\u00e5 de omtaler, der kategoriseret os s\u00e5 groft, at det efterlader indtrykket af kategorierne&#8221;de handicappede&#8221; over for &#8220;os andre&#8221;. Det er her, det store sv\u00e6rdslag ligger for mig at se. Vi er og bliver mennesker &#8211; der har et eller flere af en uendelig mangfoldighed af handicaps med os i bagagen. Mere m\u00e5 det ikke fylde.<\/p>\n\n\n\n<p>I og med at vi ikke er alene om at afg\u00f8re, hvordan vi bliver italesat samfundsm\u00e6ssigt, er vi i fare for, at vi som gruppe bliver fastholdt i en position, der ikke er \u00f8nskv\u00e6rdig, netop fordi den knytter sig mere til vores handicap end til et billede af os som mennesker. Et billede, der fremkalder mit ansigt frem for hjul, slanger eller en monoton lyd af vejrtr\u00e6kning.<\/p>\n\n\n\n<p>Vi er her n\u00f8dt til at&nbsp; v\u00e6re dem, der b\u00e6rer en ny kultur frem omkring handicap, der mere s\u00e6tter fokus p\u00e5 menneskene bag et handicaps end selve handicappet. Opgaven er naturligvis sv\u00e6r og foruds\u00e6tter, at vi er mange, der g\u00e5r sammen om den, for der er tale om en kollektiv opgave, hvor vi med handicap ikke er alene om at s\u00e6tte dagsordenen. <\/p>\n\n\n\n<p>Det er v\u00e6rd at have in mente, at synet p\u00e5 os mere er b\u00e5ret af andre end af os selv. Det er en situation, vi ikke har nogen interesse i at fastholde. Tv\u00e6rtimod er vi n\u00f8dt til at tage f\u00f8rertr\u00f8jen p\u00e5 og skabe andre fort\u00e6llinger om os selv. Fort\u00e6llinger om os som jder bringer os i fokus som mennesker.<\/p>\n\n\n\n<p>Der kan meget vel v\u00e6re forskellige strategier, alt efter hvad de konkrete handicaps best\u00e5r i. Derfor kan jeg ikke afvise, at det i nogle tilf\u00e6lde er en god ide at sp\u00f8rge den enkelte, hvordan man gerne vil i omtale. Men jeg mener, at vi som mennesker med handicap har en forpligtelse i at medvirke til, at der sker en \u00e6ndring i synet p\u00e5 os &#8211; og at vi ikke medvirker til, at vi bliver fastholdt som &#8220;ham I k\u00f8restolen&#8221;, &#8220;hende autisten&#8221; eller andre m\u00e6rkv\u00e6rdige omtaler.<\/p>\n\n\n\n<p>Fastholdelse i en situation, der har fokus p\u00e5 handicap og ikke p\u00e5 mennesket bag, kan aldrig v\u00e6re \u00f8nskv\u00e6rdigt for nogen af os. Derfor vil jeg appellere til, at vi t\u00e6nker os godt om inden vi giver frit valg p\u00e5 alle hylder.<\/p>\n\n\n\n<p>Netop fastholdelsen vil i s\u00e5 fald forblive et konstant problem. I stedet er vi n\u00f8dt til at v\u00e6re i front for at f\u00e5 skabt en ny kultur omkring det at leve med et handicap &#8211; og&nbsp; f\u00f8rst og fremmest sikre billeder af os som mennesker med h\u00e5b, dr\u00f8mme og m\u00e5l. Der er ikke andre, der g\u00f8r det for os.<\/p>\n","protected":false},"excerpt":{"rendered":"<p>I den sidste tid har der i Politiken og p\u00e5 de sociale medier k\u00f8rt en debat om, hvordan vi med handicap gerne&nbsp; vil omtales. Jeg har s\u00e5 godt som muligt fors\u00f8gt at f\u00f8lge denne debat, selv om jeg ikke abonnerer &hellip; <a href=\"https:\/\/jan-jakobsen.dk\/?p=59083\">L\u00e6s resten <span class=\"meta-nav\">&rarr;<\/span><\/a><\/p>\n","protected":false},"author":3,"featured_media":0,"comment_status":"open","ping_status":"closed","sticky":false,"template":"","format":"standard","meta":{"footnotes":""},"categories":[4,1],"tags":[976,975],"class_list":["post-59083","post","type-post","status-publish","format-standard","hentry","category-blog","category-uncategorized","tag-benaevnelse-handicap","tag-ham-i-koerestolen"],"_links":{"self":[{"href":"https:\/\/jan-jakobsen.dk\/index.php?rest_route=\/wp\/v2\/posts\/59083","targetHints":{"allow":["GET"]}}],"collection":[{"href":"https:\/\/jan-jakobsen.dk\/index.php?rest_route=\/wp\/v2\/posts"}],"about":[{"href":"https:\/\/jan-jakobsen.dk\/index.php?rest_route=\/wp\/v2\/types\/post"}],"author":[{"embeddable":true,"href":"https:\/\/jan-jakobsen.dk\/index.php?rest_route=\/wp\/v2\/users\/3"}],"replies":[{"embeddable":true,"href":"https:\/\/jan-jakobsen.dk\/index.php?rest_route=%2Fwp%2Fv2%2Fcomments&post=59083"}],"version-history":[{"count":6,"href":"https:\/\/jan-jakobsen.dk\/index.php?rest_route=\/wp\/v2\/posts\/59083\/revisions"}],"predecessor-version":[{"id":60217,"href":"https:\/\/jan-jakobsen.dk\/index.php?rest_route=\/wp\/v2\/posts\/59083\/revisions\/60217"}],"wp:attachment":[{"href":"https:\/\/jan-jakobsen.dk\/index.php?rest_route=%2Fwp%2Fv2%2Fmedia&parent=59083"}],"wp:term":[{"taxonomy":"category","embeddable":true,"href":"https:\/\/jan-jakobsen.dk\/index.php?rest_route=%2Fwp%2Fv2%2Fcategories&post=59083"},{"taxonomy":"post_tag","embeddable":true,"href":"https:\/\/jan-jakobsen.dk\/index.php?rest_route=%2Fwp%2Fv2%2Ftags&post=59083"}],"curies":[{"name":"wp","href":"https:\/\/api.w.org\/{rel}","templated":true}]}}