{"id":59074,"date":"2021-08-21T14:53:57","date_gmt":"2021-08-21T12:53:57","guid":{"rendered":"http:\/\/jan-jakobsen.dk\/?p=59074"},"modified":"2024-05-04T19:47:51","modified_gmt":"2024-05-04T17:47:51","slug":"jeg-har-besluttet-at-soege-om-at-udtraede-af-byraadet","status":"publish","type":"post","link":"https:\/\/jan-jakobsen.dk\/?p=59074","title":{"rendered":"Jeg har valgt at s\u00f8ge om at udtr\u00e6de af byr\u00e5det"},"content":{"rendered":"<div class=\"wp-block-image\">\n<figure class=\"alignleft size-large is-resized\"><img loading=\"lazy\" decoding=\"async\" width=\"620\" height=\"329\" src=\"https:\/\/jan-jakobsen.dk\/https:\/\/jan-jakobsen.dk\/wp-content\/uploads\/2021\/08\/Screenshot_20210821-144839_Facebook-620x329.jpg\" alt=\"\" class=\"wp-image-59077\" style=\"width:300px\" srcset=\"https:\/\/jan-jakobsen.dk\/http:\/\/jan-jakobsen.dk\/wp-content\/uploads\/2021\/08\/Screenshot_20210821-144839_Facebook-620x329.jpg 620w, https:\/\/jan-jakobsen.dk\/http:\/\/jan-jakobsen.dk\/wp-content\/uploads\/2021\/08\/Screenshot_20210821-144839_Facebook-300x159.jpg 300w, https:\/\/jan-jakobsen.dk\/http:\/\/jan-jakobsen.dk\/wp-content\/uploads\/2021\/08\/Screenshot_20210821-144839_Facebook-1536x816.jpg 1536w, https:\/\/jan-jakobsen.dk\/http:\/\/jan-jakobsen.dk\/wp-content\/uploads\/2021\/08\/Screenshot_20210821-144839_Facebook-2048x1088.jpg 2048w\" sizes=\"auto, (max-width: 620px) 100vw, 620px\" \/><\/figure>\n<\/div>\n\n\n<p>Jeg har valgt at anmode om at tr\u00e6de ud af byr\u00e5det snarest muligt p\u00e5 grund af sygdom. Det sker trods den korte tid, der er tilbage af byr\u00e5dsperioden.<\/p>\n\n\n\n<p>Jeg har f\u00e5et den sj\u00e6ldne sygdom trigenimusneuralgi. Den er p\u00e5 ingen m\u00e5de livstruende, men er meget smertefuld uden den rigtige medicinering. Det har jeg oplevet gennem flere \u00e5r. Samtidig er den rette medicinske behandling, der p\u00e5 nuv\u00e6rende tidspunkt er i brug og som jeg nu heldigvis er i behandling med, temmelig udtr\u00e6ttende. Det g\u00f8r, at jeg m\u00e5 t\u00e6nke over, hvordan jeg bruger mine kr\u00e6fter.<\/p>\n\n\n\n<!--more-->\n\n\n\n<p>Jeg har besluttet at frav\u00e6lge byr\u00e5dsarbejdet. Det sker i forl\u00e6ngelse af, at jeg tidligere har meddelt Enhedslisten i Ringsted, at jeg ikke \u00f8nsker at genopstille p\u00e5 en plads, der kan give valg ved det kommende kommunevalg. Jeg vil udelukkende genopstille for at vise, at jeg stadig er en aktiv del af Enhedslisten i Ringsted &#8211; og fortsat vil v\u00e6re dette.<\/p>\n\n\n\n<p>Det har naturligvis v\u00e6ret sv\u00e6re beslutninger at tr\u00e6ffe. Jeg g\u00f8r det dog med den viden, at Enhedslisten har yngre, dygtige kr\u00e6fter, som kan overtage byr\u00e5dsarbejdet. De kan bidrage med nye input, som det er sv\u00e6rt at finde efter n\u00e6sten 20 \u00e5r i byr\u00e5det.<\/p>\n\n\n\n<p>Det giver mig samtidig mulighed for at bruge mere tid p\u00e5 det handicappolitiske arbejde b\u00e5de i Enhedslisten, Handicaporganisationerne, Muskelsvindfonden og LOBPA, som det har knebet med at finde samtidig med byr\u00e5dsarbejdet under det efterh\u00e5nden langstrakte forl\u00f8b med tilpasningen til trigenimusneuralgi.<\/p>\n\n\n\n<p>Der er sendt en ans\u00f8gning til borgmester Henrik Hvidesten om at udtr\u00e6de af byr\u00e5det snarest muligt. Samtidig er mine kolleger i Ringsted Byr\u00e5d blevet orienteret om beslutningen. Det er nu op til Enhedslisten at finde min afl\u00f8ser ud fra opstillingslisten ved sidste kommunevalg.<\/p>\n\n\n\n<p>Min anmodning om at tr\u00e6de ud af  byr\u00e5det bliver behandlet p\u00e5 et ekstraordin\u00e6rt byr\u00e5dsm\u00f8de, der bliver afholdt mandag den 23. august kl. 19.00. Dette m\u00f8de bliver afholdt i anden anledning, men jeg bad om ogs\u00e5 at f\u00e5 min anmodning behandlet her.<\/p>\n\n\n\n<p>Hvis min anmodning om at udtr\u00e6de af Byr\u00e5det godkendes, vil Ayan Mona Musse indtr\u00e6de i Byr\u00e5det i mit sted. <\/p>\n\n\n\n<p>Jeg er rigtig glad over, at det bliver Ayan Mona Musse kommer til at sidde i den stol, der har v\u00e6ret flyttet i byr\u00e5dssalen, mens jeg har siddet der. Jeg kender Mona som en flittig og arbejdsom kvinde, som jeg har haft forn\u00f8jelsen af at arbejde sammen med b\u00e5de i Enhedslisten, Handicaporganisationerne og hvis arbejde jeg har meget respekt for b\u00e5de i Bydelsm\u00f8dre og Integrationsr\u00e5det.<\/p>\n\n\n\n<p>Valget kunne, med de store opgaver og mange kampe, der ligger forude, n\u00e6ppe falde p\u00e5 nogen bedre end Mona, for hun tager ikke et nej for et nej uden sv\u00e6rdslag! Og det er der brug for i Ringsted Byr\u00e5d. <\/p>\n","protected":false},"excerpt":{"rendered":"<p>Jeg har valgt at anmode om at tr\u00e6de ud af byr\u00e5det snarest muligt p\u00e5 grund af sygdom. Det sker trods den korte tid, der er tilbage af byr\u00e5dsperioden. Jeg har f\u00e5et den sj\u00e6ldne sygdom trigenimusneuralgi. Den er p\u00e5 ingen m\u00e5de &hellip; <a href=\"https:\/\/jan-jakobsen.dk\/?p=59074\">L\u00e6s resten <span class=\"meta-nav\">&rarr;<\/span><\/a><\/p>\n","protected":false},"author":3,"featured_media":0,"comment_status":"open","ping_status":"closed","sticky":false,"template":"","format":"standard","meta":{"footnotes":""},"categories":[1],"tags":[972,973,971,974],"class_list":["post-59074","post","type-post","status-publish","format-standard","hentry","category-uncategorized","tag-ayan-mona-musse","tag-byraadet-ringsted","tag-jan-vagn-jakobsen","tag-nyt-byraadsmedlem"],"_links":{"self":[{"href":"https:\/\/jan-jakobsen.dk\/index.php?rest_route=\/wp\/v2\/posts\/59074","targetHints":{"allow":["GET"]}}],"collection":[{"href":"https:\/\/jan-jakobsen.dk\/index.php?rest_route=\/wp\/v2\/posts"}],"about":[{"href":"https:\/\/jan-jakobsen.dk\/index.php?rest_route=\/wp\/v2\/types\/post"}],"author":[{"embeddable":true,"href":"https:\/\/jan-jakobsen.dk\/index.php?rest_route=\/wp\/v2\/users\/3"}],"replies":[{"embeddable":true,"href":"https:\/\/jan-jakobsen.dk\/index.php?rest_route=%2Fwp%2Fv2%2Fcomments&post=59074"}],"version-history":[{"count":5,"href":"https:\/\/jan-jakobsen.dk\/index.php?rest_route=\/wp\/v2\/posts\/59074\/revisions"}],"predecessor-version":[{"id":60218,"href":"https:\/\/jan-jakobsen.dk\/index.php?rest_route=\/wp\/v2\/posts\/59074\/revisions\/60218"}],"wp:attachment":[{"href":"https:\/\/jan-jakobsen.dk\/index.php?rest_route=%2Fwp%2Fv2%2Fmedia&parent=59074"}],"wp:term":[{"taxonomy":"category","embeddable":true,"href":"https:\/\/jan-jakobsen.dk\/index.php?rest_route=%2Fwp%2Fv2%2Fcategories&post=59074"},{"taxonomy":"post_tag","embeddable":true,"href":"https:\/\/jan-jakobsen.dk\/index.php?rest_route=%2Fwp%2Fv2%2Ftags&post=59074"}],"curies":[{"name":"wp","href":"https:\/\/api.w.org\/{rel}","templated":true}]}}