{"id":59034,"date":"2021-07-24T04:58:10","date_gmt":"2021-07-24T02:58:10","guid":{"rendered":"http:\/\/jan-jakobsen.dk\/?p=59034"},"modified":"2024-05-04T19:49:38","modified_gmt":"2024-05-04T17:49:38","slug":"ud-i-naturen","status":"publish","type":"post","link":"https:\/\/jan-jakobsen.dk\/?p=59034","title":{"rendered":"Ud i naturen"},"content":{"rendered":"<div class=\"wp-block-image\">\n<figure class=\"alignleft size-large is-resized\"><img loading=\"lazy\" decoding=\"async\" width=\"620\" height=\"465\" src=\"https:\/\/jan-jakobsen.dk\/https:\/\/jan-jakobsen.dk\/wp-content\/uploads\/2021\/07\/Adobe_Post_20210723_0952030.5677302226532489-620x465.png\" alt=\"\" class=\"wp-image-59036\" style=\"width:300px\" srcset=\"https:\/\/jan-jakobsen.dk\/http:\/\/jan-jakobsen.dk\/wp-content\/uploads\/2021\/07\/Adobe_Post_20210723_0952030.5677302226532489-620x465.png 620w, https:\/\/jan-jakobsen.dk\/http:\/\/jan-jakobsen.dk\/wp-content\/uploads\/2021\/07\/Adobe_Post_20210723_0952030.5677302226532489-300x225.png 300w, https:\/\/jan-jakobsen.dk\/http:\/\/jan-jakobsen.dk\/wp-content\/uploads\/2021\/07\/Adobe_Post_20210723_0952030.5677302226532489-1536x1152.png 1536w, https:\/\/jan-jakobsen.dk\/http:\/\/jan-jakobsen.dk\/wp-content\/uploads\/2021\/07\/Adobe_Post_20210723_0952030.5677302226532489-2048x1536.png 2048w\" sizes=\"auto, (max-width: 620px) 100vw, 620px\" \/><\/figure>\n<\/div>\n\n\n<p>Jeg elsker at v\u00e6re t\u00e6t p\u00e5 naturen. Ikke mindst at fotografere.<\/p>\n\n\n\n<p>Nogle steder kan jeg i k\u00f8restol komme t\u00e6ttere p\u00e5 med kombinationen \u00f8get tilg\u00e6ngelighed og teknologiske l\u00f8sninger som f.eks. gode kameraer. Det bringer ikke kun mig, men mange andre t\u00e6ttere p\u00e5 natur, oplevelser, fantasi og psykisk sundhed.<\/p>\n\n\n\n<!--more-->\n\n\n\n<p>Det er dog langt fra alle steder, der har tilstr\u00e6kkelig god adgang til naturen, s\u00e5 vi alle kan f\u00e5 gl\u00e6de af den uanset handicap. Det viser en ny unders\u00f8gelse foretaget af Danske Handicaporganisationer. Den er en del af en rapport, der heldigvis har meget v\u00e6gt p\u00e5, hvordan vi s\u00e5 skaber de n\u00f8dvendige forandringer. Det er konstruktivt og fremadrettet.<\/p>\n\n\n\n<p>Jeg er glad for s\u00e5danne initiativer. De skaber mere ligev\u00e6rd. De rykker nogle gr\u00e6nser. De giver os mulighed for at komme t\u00e6ttere p\u00e5 vandet. Blive fanget af b\u00f8lgernes skvulpen. Se naturen t\u00e6ttere p\u00e5. Komme i ber\u00f8ring med skoven. M\u00e6rke den blide vind og dens virkning, n\u00e5r den s\u00e6tter et blad i bev\u00e6gelse, der giver en underfundig gr\u00f8n virkning p\u00e5 et foto, der egentlig bare skulle v\u00e6re af en tr\u00e6stamme. Et fejlskud, jeg er kommet til at holde af. Og en masse andre oplevelser, der for dig m\u00e5ske er s\u00e5 meget en selvf\u00f8lgelighed, du ikke t\u00e6nker over, hvor meget du nyder det. Vi skal alle med!<\/p>\n\n\n\n<p>L\u00e6s selv mere om unders\u00f8gelsen her:<br>https:\/\/handicap.dk\/nyheder\/ny-rapport-dette-staar-vejen-sikre-tilgaengelig-natur-alle<\/p>\n\n\n\n<p><em>Alle fotos vist i eksempelbilledet er mine egne (c)<\/em><\/p>\n","protected":false},"excerpt":{"rendered":"<p>Jeg elsker at v\u00e6re t\u00e6t p\u00e5 naturen. Ikke mindst at fotografere. Nogle steder kan jeg i k\u00f8restol komme t\u00e6ttere p\u00e5 med kombinationen \u00f8get tilg\u00e6ngelighed og teknologiske l\u00f8sninger som f.eks. gode kameraer. Det bringer ikke kun mig, men mange andre t\u00e6ttere &hellip; <a href=\"https:\/\/jan-jakobsen.dk\/?p=59034\">L\u00e6s resten <span class=\"meta-nav\">&rarr;<\/span><\/a><\/p>\n","protected":false},"author":3,"featured_media":0,"comment_status":"open","ping_status":"closed","sticky":false,"template":"","format":"standard","meta":{"footnotes":""},"categories":[4,1],"tags":[868,178,965,966,968,970,224,969,967],"class_list":["post-59034","post","type-post","status-publish","format-standard","hentry","category-blog","category-uncategorized","tag-foto","tag-handicap-2","tag-natur","tag-naerhed","tag-skov","tag-teknologi","tag-tilgaengelighed","tag-taet-paa","tag-vand"],"_links":{"self":[{"href":"https:\/\/jan-jakobsen.dk\/index.php?rest_route=\/wp\/v2\/posts\/59034","targetHints":{"allow":["GET"]}}],"collection":[{"href":"https:\/\/jan-jakobsen.dk\/index.php?rest_route=\/wp\/v2\/posts"}],"about":[{"href":"https:\/\/jan-jakobsen.dk\/index.php?rest_route=\/wp\/v2\/types\/post"}],"author":[{"embeddable":true,"href":"https:\/\/jan-jakobsen.dk\/index.php?rest_route=\/wp\/v2\/users\/3"}],"replies":[{"embeddable":true,"href":"https:\/\/jan-jakobsen.dk\/index.php?rest_route=%2Fwp%2Fv2%2Fcomments&post=59034"}],"version-history":[{"count":3,"href":"https:\/\/jan-jakobsen.dk\/index.php?rest_route=\/wp\/v2\/posts\/59034\/revisions"}],"predecessor-version":[{"id":60219,"href":"https:\/\/jan-jakobsen.dk\/index.php?rest_route=\/wp\/v2\/posts\/59034\/revisions\/60219"}],"wp:attachment":[{"href":"https:\/\/jan-jakobsen.dk\/index.php?rest_route=%2Fwp%2Fv2%2Fmedia&parent=59034"}],"wp:term":[{"taxonomy":"category","embeddable":true,"href":"https:\/\/jan-jakobsen.dk\/index.php?rest_route=%2Fwp%2Fv2%2Fcategories&post=59034"},{"taxonomy":"post_tag","embeddable":true,"href":"https:\/\/jan-jakobsen.dk\/index.php?rest_route=%2Fwp%2Fv2%2Ftags&post=59034"}],"curies":[{"name":"wp","href":"https:\/\/api.w.org\/{rel}","templated":true}]}}