{"id":59025,"date":"2021-04-11T16:04:46","date_gmt":"2021-04-11T14:04:46","guid":{"rendered":"http:\/\/jan-jakobsen.dk\/?p=59025"},"modified":"2024-05-04T19:58:25","modified_gmt":"2024-05-04T17:58:25","slug":"det-er-svaert-at-tro-paa-i-vores-konkrete-virkelighed-men-intet-maa-vaere-uproevet","status":"publish","type":"post","link":"https:\/\/jan-jakobsen.dk\/?p=59025","title":{"rendered":"Det er sv\u00e6rt at tro p\u00e5 i vores konkrete virkelighed&#8230; men intet m\u00e5 v\u00e6re upr\u00f8vet!"},"content":{"rendered":"<div class=\"wp-block-image is-style-default\">\n<figure class=\"alignleft size-large is-resized\"><img loading=\"lazy\" decoding=\"async\" width=\"620\" height=\"465\" src=\"https:\/\/jan-jakobsen.dk\/https:\/\/jan-jakobsen.dk\/wp-content\/uploads\/2021\/04\/px-downloadgbb674a7e392018543becc82447015bfcf00d61f6fff9097cc859e1e9a25e92cd7cefb3bf53e6903b15812d9532648df2_1920-620x465.jpg\" alt=\"\" class=\"wp-image-59026\" style=\"width:300px\" srcset=\"https:\/\/jan-jakobsen.dk\/http:\/\/jan-jakobsen.dk\/wp-content\/uploads\/2021\/04\/px-downloadgbb674a7e392018543becc82447015bfcf00d61f6fff9097cc859e1e9a25e92cd7cefb3bf53e6903b15812d9532648df2_1920-620x465.jpg 620w, https:\/\/jan-jakobsen.dk\/http:\/\/jan-jakobsen.dk\/wp-content\/uploads\/2021\/04\/px-downloadgbb674a7e392018543becc82447015bfcf00d61f6fff9097cc859e1e9a25e92cd7cefb3bf53e6903b15812d9532648df2_1920-300x225.jpg 300w, https:\/\/jan-jakobsen.dk\/http:\/\/jan-jakobsen.dk\/wp-content\/uploads\/2021\/04\/px-downloadgbb674a7e392018543becc82447015bfcf00d61f6fff9097cc859e1e9a25e92cd7cefb3bf53e6903b15812d9532648df2_1920-1536x1152.jpg 1536w, https:\/\/jan-jakobsen.dk\/http:\/\/jan-jakobsen.dk\/wp-content\/uploads\/2021\/04\/px-downloadgbb674a7e392018543becc82447015bfcf00d61f6fff9097cc859e1e9a25e92cd7cefb3bf53e6903b15812d9532648df2_1920.jpg 1920w\" sizes=\"auto, (max-width: 620px) 100vw, 620px\" \/><\/figure>\n<\/div>\n\n\n<p>N\u00e5r man, som jeg, bor i en kommune, hvor vi if\u00f8lge de sidste valide tal fra Socialministeriet har en omg\u00f8relsesprocent p\u00e5 73% p\u00e5 b\u00f8rnehandicapomr\u00e5det, kan det n\u00e6sten ikke undg\u00e5s, at jeg f\u00e5r en meget kritisk holdning til alliancer med fx KL.<\/p>\n\n\n\n<!--more-->\n\n\n\n<p>Retssikkerhed vil helt naturligt st\u00e5 \u00f8verst p\u00e5 vores lokale liste b\u00e5de i DH og i Handicapr\u00e5det. Det betyder ogs\u00e5, at skal vi som interesseorganisationer for mennesker med handicap v\u00e6re med i en alliance, s\u00e5 m\u00e5 vi v\u00e6re skarpe p\u00e5 at vise konkrete forandringer her og nu. Afg\u00f8rende i den nuv\u00e6rende konstruktion er, om KL er i stand til at g\u00f8re op med deres tidligere, fastl\u00e5ste positioner for at blive en reel del af den kraft, der skaber helt n\u00f8dvendige forandringer.<\/p>\n\n\n\n<p>Skal det lykkes, kr\u00e6ver det, at vi i handicaporganisationerne har mod, evne og vilje til at st\u00e5 fast p\u00e5, at retssikkerheden skal sikres her og nu. Tillid kommer af vilje til at g\u00f8re op med den nuv\u00e6rende, uholdbare situation. Kommer handlingerne, kommer tilliden ogs\u00e5 langsomt og sikkert. Retssikkerheden bliver forh\u00e5bentlig ogs\u00e5 udviklet. S\u00e5 intet skal v\u00e6re upr\u00f8vet &#8211; og derfor skal en alliance have en fair chance.<\/p>\n\n\n\n<p>N\u00e5r man, som jeg, bor i en kommune, hvor vi gang p\u00e5 gang oplever, at man b\u00e5de admistrativt og politisk glemmer at h\u00f8re Handicapr\u00e5det i vigtige sager trods indg\u00e5ede aftaler om h\u00f8ringsfrister, kan det heller ikke undg\u00e5s, at jeg som formand bliver temmelig tr\u00e6t i ansigtet. Sidst den 7. april, hvor vi fik en sag i et helt nyt begreb kaldet &#8220;hasteh\u00f8ring&#8221; selv samme dag som vi afholdt handicapr\u00e5dsm\u00f8de.<\/p>\n\n\n\n<p>Resultatet af den sag er indtil videre, at vi i Handicapr\u00e5det har sagt nej til at tage stilling p\u00e5 de betingelser. Sagde vi ja til at behandle sagen, ville vi kun kunne nikke ja uden reel mulighed for at se sagen kritisk og konstruktivt. Yderligere blev vi lagt under pres, da der ville v\u00e6re konsekvenser for b\u00f8rn og for\u00e6ldre, hvis man ikke kunne komme videre med sagen. Den n\u00e5ede helt frem til \u00d8K, f\u00f8r nogen fik tanken, at den skal i Handicapr\u00e5det. Det er yderst pinligt &#8211; b\u00e5de politisk og administrativt.<\/p>\n\n\n\n<p>N\u00e5r jeg n\u00e6vner b\u00e5de alliancer og den lokale behandling af Handicapr\u00e5det i samme indl\u00e6g, skyldes det, at de handler om to sider af samme sag: retssikkerheden. Den er vi n\u00f8dt til at k\u00e6mpe for f\u00f8rst og fremmest. Det er retssikkerheden vi m\u00e5 samle vores krav om her og nu &#8211; for den bliver brudt p\u00e5 mange m\u00e5der. B\u00e5de gennem de mange dybt tragiske enkeltsager, der rammer og lammer mange familier &#8211; og p\u00e5 de mere overordnede principielle linjer. Begge dele er vigtige, n\u00e5r vi vil kalde os et retssamfund.<\/p>\n","protected":false},"excerpt":{"rendered":"<p>N\u00e5r man, som jeg, bor i en kommune, hvor vi if\u00f8lge de sidste valide tal fra Socialministeriet har en omg\u00f8relsesprocent p\u00e5 73% p\u00e5 b\u00f8rnehandicapomr\u00e5det, kan det n\u00e6sten ikke undg\u00e5s, at jeg f\u00e5r en meget kritisk holdning til alliancer med fx &hellip; <a href=\"https:\/\/jan-jakobsen.dk\/?p=59025\">L\u00e6s resten <span class=\"meta-nav\">&rarr;<\/span><\/a><\/p>\n","protected":false},"author":3,"featured_media":0,"comment_status":"open","ping_status":"closed","sticky":false,"template":"","format":"standard","meta":{"footnotes":""},"categories":[1],"tags":[964,153,465,625,963,639],"class_list":["post-59025","post","type-post","status-publish","format-standard","hentry","category-uncategorized","tag-alliance","tag-danske-handicaporganisationer","tag-handicapraad","tag-kl","tag-omgoerelser","tag-retssikkerhed"],"_links":{"self":[{"href":"https:\/\/jan-jakobsen.dk\/index.php?rest_route=\/wp\/v2\/posts\/59025","targetHints":{"allow":["GET"]}}],"collection":[{"href":"https:\/\/jan-jakobsen.dk\/index.php?rest_route=\/wp\/v2\/posts"}],"about":[{"href":"https:\/\/jan-jakobsen.dk\/index.php?rest_route=\/wp\/v2\/types\/post"}],"author":[{"embeddable":true,"href":"https:\/\/jan-jakobsen.dk\/index.php?rest_route=\/wp\/v2\/users\/3"}],"replies":[{"embeddable":true,"href":"https:\/\/jan-jakobsen.dk\/index.php?rest_route=%2Fwp%2Fv2%2Fcomments&post=59025"}],"version-history":[{"count":6,"href":"https:\/\/jan-jakobsen.dk\/index.php?rest_route=\/wp\/v2\/posts\/59025\/revisions"}],"predecessor-version":[{"id":60223,"href":"https:\/\/jan-jakobsen.dk\/index.php?rest_route=\/wp\/v2\/posts\/59025\/revisions\/60223"}],"wp:attachment":[{"href":"https:\/\/jan-jakobsen.dk\/index.php?rest_route=%2Fwp%2Fv2%2Fmedia&parent=59025"}],"wp:term":[{"taxonomy":"category","embeddable":true,"href":"https:\/\/jan-jakobsen.dk\/index.php?rest_route=%2Fwp%2Fv2%2Fcategories&post=59025"},{"taxonomy":"post_tag","embeddable":true,"href":"https:\/\/jan-jakobsen.dk\/index.php?rest_route=%2Fwp%2Fv2%2Ftags&post=59025"}],"curies":[{"name":"wp","href":"https:\/\/api.w.org\/{rel}","templated":true}]}}