{"id":59020,"date":"2021-04-11T15:41:56","date_gmt":"2021-04-11T13:41:56","guid":{"rendered":"http:\/\/jan-jakobsen.dk\/?p=59020"},"modified":"2024-05-04T19:59:49","modified_gmt":"2024-05-04T17:59:49","slug":"vores-virkelighed-er-ikke-skabt-af-os-selv","status":"publish","type":"post","link":"https:\/\/jan-jakobsen.dk\/?p=59020","title":{"rendered":"Vores virkelighed er ikke skabt af os selv"},"content":{"rendered":"<div class=\"wp-block-image is-style-default\">\n<figure class=\"alignleft size-large is-resized\"><img loading=\"lazy\" decoding=\"async\" width=\"620\" height=\"410\" src=\"https:\/\/jan-jakobsen.dk\/https:\/\/jan-jakobsen.dk\/wp-content\/uploads\/2021\/04\/px-downloadg181f21a60ab25322fe4eceeb74fe7187065cc1f488e1443da29f114f55241e27e077b0cf136edfa4e3c7bcc1f62cfdf5_1920-620x410.jpg\" alt=\"\" class=\"wp-image-59021\" style=\"width:300px\" srcset=\"https:\/\/jan-jakobsen.dk\/http:\/\/jan-jakobsen.dk\/wp-content\/uploads\/2021\/04\/px-downloadg181f21a60ab25322fe4eceeb74fe7187065cc1f488e1443da29f114f55241e27e077b0cf136edfa4e3c7bcc1f62cfdf5_1920-620x410.jpg 620w, https:\/\/jan-jakobsen.dk\/http:\/\/jan-jakobsen.dk\/wp-content\/uploads\/2021\/04\/px-downloadg181f21a60ab25322fe4eceeb74fe7187065cc1f488e1443da29f114f55241e27e077b0cf136edfa4e3c7bcc1f62cfdf5_1920-300x199.jpg 300w, https:\/\/jan-jakobsen.dk\/http:\/\/jan-jakobsen.dk\/wp-content\/uploads\/2021\/04\/px-downloadg181f21a60ab25322fe4eceeb74fe7187065cc1f488e1443da29f114f55241e27e077b0cf136edfa4e3c7bcc1f62cfdf5_1920-1536x1017.jpg 1536w, https:\/\/jan-jakobsen.dk\/http:\/\/jan-jakobsen.dk\/wp-content\/uploads\/2021\/04\/px-downloadg181f21a60ab25322fe4eceeb74fe7187065cc1f488e1443da29f114f55241e27e077b0cf136edfa4e3c7bcc1f62cfdf5_1920.jpg 1920w\" sizes=\"auto, (max-width: 620px) 100vw, 620px\" \/><\/figure>\n<\/div>\n\n\n<p>Vi lever i en virkelighed, som ikke er skabt af os selv, men af mange andre interesser &#8211; fx \u00f8konomiske.  Men det er de betingelser, som vi nu engang har. <\/p>\n\n\n\n<p>Vi er selv ansvarlige for at v\u00e6re en del af de f\u00e6llesskaber, der kan v\u00e6re en samfundsforandrende kraft. Det kr\u00e6ver at vi t\u00f8r v\u00e6lge side&#8230; at vi k\u00e6mper den politiske kamp.<\/p>\n\n\n\n<!--more-->\n\n\n\n<p>Et delm\u00e5l i denne kamp lige nu er at sikre retssikkerheden. Ikke mindst p\u00e5 handicapomr\u00e5det.  Det kr\u00e6ver brede og st\u00e6rke alliancer. Men ogs\u00e5 alliancer, der viser vilje og styrke til at s\u00e6tte forandringer igennem allerede nu. Ellers bliver det blot endnu en syltekrukke. <\/p>\n\n\n\n<p>Syltekrukker har vi oplevet alt for mange af &#8211; imens tingene blot har f\u00e5et lov til at forts\u00e6tte sin sk\u00e6ve gang. Det kan vi i den brede handicapbev\u00e6gelse ikke v\u00e6re tjent med &#8211; ej heller i handicaporganisationerne. Og slet ikke i de politiske partier, der har et m\u00e5l om et samfund, hvor vi prioriterer, at det fungerer for alle mennesker.<\/p>\n\n\n\n<figure class=\"wp-block-image size-large is-style-default\"><img loading=\"lazy\" decoding=\"async\" width=\"620\" height=\"349\" src=\"https:\/\/jan-jakobsen.dk\/https:\/\/jan-jakobsen.dk\/wp-content\/uploads\/2021\/04\/Adobe_Post_20210411_1536510.143861561602587-620x349.png\" alt=\"\" class=\"wp-image-59023\" srcset=\"https:\/\/jan-jakobsen.dk\/http:\/\/jan-jakobsen.dk\/wp-content\/uploads\/2021\/04\/Adobe_Post_20210411_1536510.143861561602587-620x349.png 620w, https:\/\/jan-jakobsen.dk\/http:\/\/jan-jakobsen.dk\/wp-content\/uploads\/2021\/04\/Adobe_Post_20210411_1536510.143861561602587-300x169.png 300w, https:\/\/jan-jakobsen.dk\/http:\/\/jan-jakobsen.dk\/wp-content\/uploads\/2021\/04\/Adobe_Post_20210411_1536510.143861561602587-1536x864.png 1536w, https:\/\/jan-jakobsen.dk\/http:\/\/jan-jakobsen.dk\/wp-content\/uploads\/2021\/04\/Adobe_Post_20210411_1536510.143861561602587-2048x1152.png 2048w\" sizes=\"auto, (max-width: 620px) 100vw, 620px\" \/><\/figure>\n","protected":false},"excerpt":{"rendered":"<p>Vi lever i en virkelighed, som ikke er skabt af os selv, men af mange andre interesser &#8211; fx \u00f8konomiske. Men det er de betingelser, som vi nu engang har. Vi er selv ansvarlige for at v\u00e6re en del af &hellip; <a href=\"https:\/\/jan-jakobsen.dk\/?p=59020\">L\u00e6s resten <span class=\"meta-nav\">&rarr;<\/span><\/a><\/p>\n","protected":false},"author":3,"featured_media":0,"comment_status":"open","ping_status":"closed","sticky":false,"template":"","format":"standard","meta":{"footnotes":""},"categories":[1],"tags":[961,962,960,639,959,52],"class_list":["post-59020","post","type-post","status-publish","format-standard","hentry","category-uncategorized","tag-alliancer","tag-handicappolitisk-udvalg-enhedslisten","tag-politisk-kamp","tag-retssikkerhed","tag-tage-stilling","tag-okonomi"],"_links":{"self":[{"href":"https:\/\/jan-jakobsen.dk\/index.php?rest_route=\/wp\/v2\/posts\/59020","targetHints":{"allow":["GET"]}}],"collection":[{"href":"https:\/\/jan-jakobsen.dk\/index.php?rest_route=\/wp\/v2\/posts"}],"about":[{"href":"https:\/\/jan-jakobsen.dk\/index.php?rest_route=\/wp\/v2\/types\/post"}],"author":[{"embeddable":true,"href":"https:\/\/jan-jakobsen.dk\/index.php?rest_route=\/wp\/v2\/users\/3"}],"replies":[{"embeddable":true,"href":"https:\/\/jan-jakobsen.dk\/index.php?rest_route=%2Fwp%2Fv2%2Fcomments&post=59020"}],"version-history":[{"count":3,"href":"https:\/\/jan-jakobsen.dk\/index.php?rest_route=\/wp\/v2\/posts\/59020\/revisions"}],"predecessor-version":[{"id":60224,"href":"https:\/\/jan-jakobsen.dk\/index.php?rest_route=\/wp\/v2\/posts\/59020\/revisions\/60224"}],"wp:attachment":[{"href":"https:\/\/jan-jakobsen.dk\/index.php?rest_route=%2Fwp%2Fv2%2Fmedia&parent=59020"}],"wp:term":[{"taxonomy":"category","embeddable":true,"href":"https:\/\/jan-jakobsen.dk\/index.php?rest_route=%2Fwp%2Fv2%2Fcategories&post=59020"},{"taxonomy":"post_tag","embeddable":true,"href":"https:\/\/jan-jakobsen.dk\/index.php?rest_route=%2Fwp%2Fv2%2Ftags&post=59020"}],"curies":[{"name":"wp","href":"https:\/\/api.w.org\/{rel}","templated":true}]}}