{"id":59011,"date":"2021-03-15T18:25:00","date_gmt":"2021-03-15T17:25:00","guid":{"rendered":"http:\/\/jan-jakobsen.dk\/?p=59011"},"modified":"2024-05-04T19:54:05","modified_gmt":"2024-05-04T17:54:05","slug":"der-kom-et-brev-oven-i-koebet-en-slags-svar","status":"publish","type":"post","link":"https:\/\/jan-jakobsen.dk\/?p=59011","title":{"rendered":"Der kom en mail&#8230; oven i k\u00f8bet med en slags &#8220;svar&#8221;"},"content":{"rendered":"<div class=\"wp-block-image\">\n<figure class=\"alignleft size-medium is-resized\"><img loading=\"lazy\" decoding=\"async\" width=\"300\" height=\"169\" src=\"https:\/\/jan-jakobsen.dk\/https:\/\/jan-jakobsen.dk\/wp-content\/uploads\/2021\/04\/FB_IMG_1617763510947-edited-1-300x169.jpg\" alt=\"\" class=\"wp-image-59014\" style=\"object-fit:cover;width:300px;height:124px\" srcset=\"https:\/\/jan-jakobsen.dk\/http:\/\/jan-jakobsen.dk\/wp-content\/uploads\/2021\/04\/FB_IMG_1617763510947-edited-1-300x169.jpg 300w, https:\/\/jan-jakobsen.dk\/http:\/\/jan-jakobsen.dk\/wp-content\/uploads\/2021\/04\/FB_IMG_1617763510947-edited-1-620x349.jpg 620w, https:\/\/jan-jakobsen.dk\/http:\/\/jan-jakobsen.dk\/wp-content\/uploads\/2021\/04\/FB_IMG_1617763510947-edited-1.jpg 670w\" sizes=\"auto, (max-width: 300px) 100vw, 300px\" \/><\/figure>\n<\/div>\n\n\n<p>S\u00e5 har jeg f\u00e5et et svar fra Socialministeren p\u00e5 de sp\u00f8rgsm\u00e5l, jeg jeg stillede hende &#8211; og som tidligere har v\u00e6ret omtalt p\u00e5 disse sider i mit indl\u00e6g &#8220;Sp\u00f8rgsm\u00e5l til socialminister Astrid Krag&#8221;  fra 21. februar.<\/p>\n\n\n\n<!--more-->\n\n\n\n<p> Svaret kom den 5. marts, men jeg skal gerne indr\u00f8mme, at det f\u00f8rst er nu, jeg f\u00e5r det videre her til siden. I en lettere bearbejdet form af et opslag, jeg umiddelbart efter modtagelsen skrev p\u00e5 Facebook.<\/p>\n\n\n\n<p>Indholdsm\u00e6ssigt kan man vist roligt sige, at der intet st\u00e5r, der kan genere nogle samarbejdspartnere. Jeg vil dog gerne kreditere ministeren for, at der kommer et svar &#8211; om ikke fra hende, s\u00e5 ihvertfald fra hendes ministerium.<\/p>\n\n\n\n<p>Da slet ikke KL, der kun kan blive opmuntret til at give kommunerne endnu flere ideer til, hvordan man kan g\u00f8re indgreb over for mennesker med handicap.<\/p>\n\n\n\n<p>Det er straks mere problematisk for de mennesker, som metoderne g\u00e5r ud over. Men det er jo ikke noget, der h\u00f8rer hjemme i moderne samarbejdskultur.<\/p>\n\n\n\n<p>Jeg falder b\u00e5de over empati i svaret og fors\u00f8gene p\u00e5 at &#8220;dele sol og vind lige&#8221;. Fx. st\u00e5r der b\u00e5de &#8220;\u2026nogle af de beskrivelser af observationer, som jeg er blevet forelagt, og som er blevet afd\u00e6kket i medierne, for mig virker meget gr\u00e6nseoverskridende\u2026&#8221; og &#8220;\u2026Hvis det viser sig, at kommunerne g\u00e5r for langt\u2026&#8221;. Begge dele kan vist ikke lade sig g\u00f8re. Der s\u00e5es tvivl om borgernes udsagn med det lille &#8220;hvis&#8221;. Det skal alligevel lige flettes ind &#8211; og skaber mere mistillid.<\/p>\n\n\n\n<p>Et &#8220;hit&#8221;, der allerede har v\u00e6ret n\u00e6vnt i debatten, er gentagelsen af at &#8220;\u2026Derfor har jeg ogs\u00e5 bedt Ankestyrelsen om at unders\u00f8ge kommunernes praksis\u2026&#8221; &#8211; alts\u00e5 en praksis Ankestyrelsen selv har anerkendt, s\u00e5 de reelt skal unders\u00f8ge sig selv. Sp\u00e6ndende om de frikender sig.<\/p>\n\n\n\n<p>Eller efter et empatisk afsnit s\u00e5 &#8220;\u2026N\u00e5r det er sagt, er det dog ogs\u00e5 afg\u00f8rende for, at den enkelte kan f\u00e5 den rette hj\u00e6lp, at kommunerne s\u00f8rger for at vurdere og dokumentere hvilken indsats det enkelte menneske har behov for. Men det skal selvf\u00f8lgelig g\u00f8res med respekt for det enkelte menneske\u2026&#8221;. Jeg kunne godt t\u00e6nke mig at vide, hvad respektfuld overv\u00e5gning egentlig er. P\u00e5 mig lyder det her lidt modsatrettet.<\/p>\n\n\n\n<p>&#8220;\u2026Kommunen skal grundigt overveje, om de kunne f\u00e5 samme oplysninger p\u00e5 en mindre indgribende m\u00e5de\u2026&#8221; Tjah\u2026 man kan jo godt sige, at d\u00e9t har man overvejet grundigt\u2026 og alligevel ender man med at g\u00f8re noget uetisk.<\/p>\n\n\n\n<p>Jeg m\u00e5 sige, at jeg har sv\u00e6rt ved at se i svaret, at det tjener det, der st\u00e5r til slut: &#8220;\u2026Som socialminister er det utrolig vigtigt for mig, at vi f\u00e5r genoprettet tilliden mellem borger og kommune, som p\u00e5 handicapomr\u00e5det desv\u00e6rre har lidt et gevaldigt kn\u00e6k\u2026&#8221;. Skriv det ikke &#8211; g\u00f8r det!<\/p>\n\n\n\n<p>Start med at tro p\u00e5 os. F\u00f8rst d\u00e9r kommer tilliden. Stol p\u00e5, at vi hverken samler p\u00e5 badestole, k\u00f8restole, rollatorer, biler eller noget andet, vi ikke har brug for! Vi har ikke noget \u00f8nske om at blive overkompenseret. Tro p\u00e5, at det vi siger, er rigtigt\u2026 s\u00e5 kommer tilliden &#8211; og d\u00e9t forandrer.<\/p>\n","protected":false},"excerpt":{"rendered":"<p>S\u00e5 har jeg f\u00e5et et svar fra Socialministeren p\u00e5 de sp\u00f8rgsm\u00e5l, jeg jeg stillede hende &#8211; og som tidligere har v\u00e6ret omtalt p\u00e5 disse sider i mit indl\u00e6g &#8220;Sp\u00f8rgsm\u00e5l til socialminister Astrid Krag&#8221; fra 21. februar.<\/p>\n","protected":false},"author":3,"featured_media":0,"comment_status":"open","ping_status":"closed","sticky":false,"template":"","format":"standard","meta":{"footnotes":""},"categories":[1],"tags":[956,955,950,949,958,625,957,948],"class_list":["post-59011","post","type-post","status-publish","format-standard","hentry","category-uncategorized","tag-ankestyrelsen","tag-empati","tag-fysisk-overvaagning","tag-graenseoverskridende-adfaerd","tag-indgriben","tag-kl","tag-kommunernes-praksis","tag-socialminister-astrid-krag"],"_links":{"self":[{"href":"https:\/\/jan-jakobsen.dk\/index.php?rest_route=\/wp\/v2\/posts\/59011","targetHints":{"allow":["GET"]}}],"collection":[{"href":"https:\/\/jan-jakobsen.dk\/index.php?rest_route=\/wp\/v2\/posts"}],"about":[{"href":"https:\/\/jan-jakobsen.dk\/index.php?rest_route=\/wp\/v2\/types\/post"}],"author":[{"embeddable":true,"href":"https:\/\/jan-jakobsen.dk\/index.php?rest_route=\/wp\/v2\/users\/3"}],"replies":[{"embeddable":true,"href":"https:\/\/jan-jakobsen.dk\/index.php?rest_route=%2Fwp%2Fv2%2Fcomments&post=59011"}],"version-history":[{"count":5,"href":"https:\/\/jan-jakobsen.dk\/index.php?rest_route=\/wp\/v2\/posts\/59011\/revisions"}],"predecessor-version":[{"id":60221,"href":"https:\/\/jan-jakobsen.dk\/index.php?rest_route=\/wp\/v2\/posts\/59011\/revisions\/60221"}],"wp:attachment":[{"href":"https:\/\/jan-jakobsen.dk\/index.php?rest_route=%2Fwp%2Fv2%2Fmedia&parent=59011"}],"wp:term":[{"taxonomy":"category","embeddable":true,"href":"https:\/\/jan-jakobsen.dk\/index.php?rest_route=%2Fwp%2Fv2%2Fcategories&post=59011"},{"taxonomy":"post_tag","embeddable":true,"href":"https:\/\/jan-jakobsen.dk\/index.php?rest_route=%2Fwp%2Fv2%2Ftags&post=59011"}],"curies":[{"name":"wp","href":"https:\/\/api.w.org\/{rel}","templated":true}]}}