{"id":59004,"date":"2021-03-08T04:13:37","date_gmt":"2021-03-08T03:13:37","guid":{"rendered":"http:\/\/jan-jakobsen.dk\/?p=59004"},"modified":"2024-05-04T20:01:54","modified_gmt":"2024-05-04T18:01:54","slug":"8-marts-stadig-mange-og-flere-kampe","status":"publish","type":"post","link":"https:\/\/jan-jakobsen.dk\/?p=59004","title":{"rendered":"8. marts &#8211; stadig mange og flere kampe"},"content":{"rendered":"<div class=\"wp-block-image\">\n<figure class=\"alignleft size-large is-resized\"><img loading=\"lazy\" decoding=\"async\" width=\"620\" height=\"846\" src=\"https:\/\/jan-jakobsen.dk\/https:\/\/jan-jakobsen.dk\/wp-content\/uploads\/2021\/03\/20210308_024650-620x846.jpg\" alt=\"\" class=\"wp-image-59006\" style=\"width:300px\" srcset=\"https:\/\/jan-jakobsen.dk\/http:\/\/jan-jakobsen.dk\/wp-content\/uploads\/2021\/03\/20210308_024650-620x846.jpg 620w, https:\/\/jan-jakobsen.dk\/http:\/\/jan-jakobsen.dk\/wp-content\/uploads\/2021\/03\/20210308_024650-300x409.jpg 300w, https:\/\/jan-jakobsen.dk\/http:\/\/jan-jakobsen.dk\/wp-content\/uploads\/2021\/03\/20210308_024650.jpg 776w\" sizes=\"auto, (max-width: 620px) 100vw, 620px\" \/><figcaption class=\"wp-element-caption\">Klara Zetkin &#8211; blot \u00e9n af mange kvinder i historien, der har k\u00e6mpet for kvinders ligestilling. <\/figcaption><\/figure>\n<\/div>\n\n\n<p>Selv om jeg her almindeligvis skriver mest om handicap, s\u00e5 m\u00e5 solidaritet ogs\u00e5 v\u00e6re et helt naturligt tema. Der er jo ogs\u00e5 en hel del udfordringer ikke mindst for kvinder med handicap, som er med til at \u00f8ge den undertrykkelse, der finder sted. Blot n\u00e6vnt indledningsvis, selv om dette indl\u00e6g mest er koncentreret om de mere generelle aspekter. <\/p>\n\n\n\n<p>Endnu engang er det blevet 8. marts og dermed den internationale kvindedag. Jeg kvier mig ved at kalde det en kampdag, for det er jo ikke sandt. Kampen for ligev\u00e6rd, lige l\u00f8n for lige arbejde, respekt og anerkendelse foreg\u00e5r hele tiden &#8211; hver eneste dag og p\u00e5 mange planer.<\/p>\n\n\n\n<!--more-->\n\n\n\n<p>Vi har lige set det som endnu en b\u00f8lge af sager, hvor m\u00e6nd har opf\u00f8rt sig utilstedelig og dybt forkasteligt over for kvinder. Mange m\u00e6nd er tr\u00e6t af MeToo bev\u00e6gelsen og alt, hvad den medf\u00f8rer, men husk, at fakta jo er, at den er opst\u00e5et af noget konkret &#8211; og at vi som samfund m\u00e5 reagere lige s\u00e5 konkret.<\/p>\n\n\n\n<p>Andre steder i samfund handler det ogs\u00e5 om lige l\u00f8n for lige arbejde, om anerkendelse af kvinder af etniske minoriteter, at b\u00e6re p\u00e5 en skam, det dobbeltarbejde som kvinder stadig traditionelt har i mange samfundslag, om retten til at bestemme over egen seksualitet. Og der er mange andre problemstillinger, som specifikt er knyttet til at v\u00e6re kvinde.<\/p>\n\n\n\n<p>Gennem de senere \u00e5r har jeg til 8. marts skrevet nedenst\u00e5ende citat af den socialistiske kvindefork\u00e6mper Klara Zdtkin i anledning af markeringen. Det g\u00e6lder stadig, og hvorfor s\u00e5 ikke holde fast i det i stedet for at opfinde nyt. Det \u00f8konomiske borgerskab pr\u00f8ver i \u00e9n uendelighed at holde fast i uligheden mellem kvinder og m\u00e6nd\u2026 og det ender desv\u00e6rre p\u00e5 mange m\u00e5der altid i samme profitable undertrykkelse igen igen.<\/p>\n\n\n\n<p>Klara Zetkin udtrykker det ganske enkelt: \u201cKapitalisterne spekulerer i to faktorer: Kvinder som arbejdskraft skal betales s\u00e5 d\u00e5rligt som muligt, og konkurrencen fra kvindelig arbejdskraft skal medvirke til at s\u00e6nke l\u00f8nnen for mandlige arbejdere s\u00e5 meget som muligt.\u201d<\/p>\n\n\n\n<p>Det er et forhold, der grundl\u00e6ggende ikke er \u00e6ndret ret meget p\u00e5 efter mere end 100 \u00e5rs kvindekamp. Der er andre aspekter i kvindekampen, der siden er blevet tydeligere &#8211; s\u00e5 der er stadig meget at k\u00e6mpe for. Nationalt og internationalt.<\/p>\n\n\n\n<p>Der er stadig al mulig grund til at  at s\u00e6tte et st\u00e6rkt fokus p\u00e5 den internationale kvindedag &#8211; og ikke mindst den daglige kvindekamp. De sejre og nederlag, der er, og som enten er &#8220;nedarvede&#8221;, taget for givet og trukket med op gennem generationer. Is\u00e6r dette kan bl.a. Klara Zetkin stadig kan v\u00e6re med til at s\u00e6tte p\u00e5 plads. Andet er sn\u00e6vert forbundet med en stadig mere aggressive magtkamp. Det skal tackles i den aktuelle politiske situation &#8211; og naturligvis l\u00f8ses s\u00e5 det store flertal af kvinder ogs\u00e5 m\u00e6rker kravet om ligev\u00e6rd mellem k\u00f8nnene, selv om det er og bliver sejt.<\/p>\n\n\n\n<p>God 8. marts til alle.<\/p>\n","protected":false},"excerpt":{"rendered":"<p>Selv om jeg her almindeligvis skriver mest om handicap, s\u00e5 m\u00e5 solidaritet ogs\u00e5 v\u00e6re et helt naturligt tema. Der er jo ogs\u00e5 en hel del udfordringer ikke mindst for kvinder med handicap, som er med til at \u00f8ge den undertrykkelse, &hellip; <a href=\"https:\/\/jan-jakobsen.dk\/?p=59004\">L\u00e6s resten <span class=\"meta-nav\">&rarr;<\/span><\/a><\/p>\n","protected":false},"author":3,"featured_media":0,"comment_status":"open","ping_status":"closed","sticky":false,"template":"","format":"standard","meta":{"footnotes":""},"categories":[4,1],"tags":[732,734,951,733,954,953,952,938],"class_list":["post-59004","post","type-post","status-publish","format-standard","hentry","category-blog","category-uncategorized","tag-8-marts","tag-klara-zetkin","tag-kvindedag","tag-kvindekamp","tag-ligeloen","tag-ligestilling","tag-metoo","tag-seksualitet"],"_links":{"self":[{"href":"https:\/\/jan-jakobsen.dk\/index.php?rest_route=\/wp\/v2\/posts\/59004","targetHints":{"allow":["GET"]}}],"collection":[{"href":"https:\/\/jan-jakobsen.dk\/index.php?rest_route=\/wp\/v2\/posts"}],"about":[{"href":"https:\/\/jan-jakobsen.dk\/index.php?rest_route=\/wp\/v2\/types\/post"}],"author":[{"embeddable":true,"href":"https:\/\/jan-jakobsen.dk\/index.php?rest_route=\/wp\/v2\/users\/3"}],"replies":[{"embeddable":true,"href":"https:\/\/jan-jakobsen.dk\/index.php?rest_route=%2Fwp%2Fv2%2Fcomments&post=59004"}],"version-history":[{"count":4,"href":"https:\/\/jan-jakobsen.dk\/index.php?rest_route=\/wp\/v2\/posts\/59004\/revisions"}],"predecessor-version":[{"id":60225,"href":"https:\/\/jan-jakobsen.dk\/index.php?rest_route=\/wp\/v2\/posts\/59004\/revisions\/60225"}],"wp:attachment":[{"href":"https:\/\/jan-jakobsen.dk\/index.php?rest_route=%2Fwp%2Fv2%2Fmedia&parent=59004"}],"wp:term":[{"taxonomy":"category","embeddable":true,"href":"https:\/\/jan-jakobsen.dk\/index.php?rest_route=%2Fwp%2Fv2%2Fcategories&post=59004"},{"taxonomy":"post_tag","embeddable":true,"href":"https:\/\/jan-jakobsen.dk\/index.php?rest_route=%2Fwp%2Fv2%2Ftags&post=59004"}],"curies":[{"name":"wp","href":"https:\/\/api.w.org\/{rel}","templated":true}]}}