{"id":58999,"date":"2021-02-21T22:47:04","date_gmt":"2021-02-21T21:47:04","guid":{"rendered":"http:\/\/jan-jakobsen.dk\/?p=58999"},"modified":"2024-05-04T20:04:57","modified_gmt":"2024-05-04T18:04:57","slug":"spoergsmaal-til-socialminister-astrid-krag","status":"publish","type":"post","link":"https:\/\/jan-jakobsen.dk\/?p=58999","title":{"rendered":"Sp\u00f8rgsm\u00e5l til socialminister Astrid Krag"},"content":{"rendered":"<div class=\"wp-block-image\">\n<figure class=\"alignleft size-large is-resized\"><img loading=\"lazy\" decoding=\"async\" width=\"617\" height=\"617\" src=\"https:\/\/jan-jakobsen.dk\/https:\/\/jan-jakobsen.dk\/wp-content\/uploads\/2021\/02\/20210221_215845.jpg\" alt=\"\" class=\"wp-image-58998\" style=\"width:300px\" srcset=\"https:\/\/jan-jakobsen.dk\/http:\/\/jan-jakobsen.dk\/wp-content\/uploads\/2021\/02\/20210221_215845.jpg 617w, https:\/\/jan-jakobsen.dk\/http:\/\/jan-jakobsen.dk\/wp-content\/uploads\/2021\/02\/20210221_215845-300x300.jpg 300w, https:\/\/jan-jakobsen.dk\/http:\/\/jan-jakobsen.dk\/wp-content\/uploads\/2021\/02\/20210221_215845-150x150.jpg 150w\" sizes=\"auto, (max-width: 617px) 100vw, 617px\" \/><\/figure>\n<\/div>\n\n\n<p>Jeg har, som en del af debatten om fysisk overv\u00e5gning for at blotl\u00e6gge behov for hj\u00e6lp, n\u00e5r man har et handicap, sendt en mail til socialminister Astrid Krag. Du kan l\u00e6se den i dette indl\u00e6g. <\/p>\n\n\n\n<p>K\u00e6re Astrid Krag<\/p>\n\n\n\n<p>Jeg skriver til dig for at sp\u00f8rge omkring din udtalelse om, at overv\u00e5gning af mennesker med handicap kan v\u00e6re et godt redskab til at tr\u00e6ffe den korrekte afg\u00f8relse om hj\u00e6lp.<\/p>\n\n\n\n<!--more-->\n\n\n\n<p>I hvilke helt konkrete tilf\u00e6lde mener du det er et godt redskab? Mener du ikke, det er noget, der kan belyses korrekt ved at sp\u00f8rge borgeren om de konkrete oplysninger, der m\u00e5tte v\u00e6re brug for?Jeg g\u00e5r ud fra, at du er bekendt med Officialprincippet. Ombudsmanden har i en gennemgang af dette pointeret, at &#8220;&#8230;Omvendt skal der naturligvis ikke indhentes oplysninger eller gennemf\u00f8res unders\u00f8gelser, som ikke er relevante for afg\u00f8relsen.&#8221;<\/p>\n\n\n\n<p>Jeg kunne i den sammenh\u00e6ng godt t\u00e6nke mig at vide, om der ikke med baggrund i de beretninger, du formodentligt har f\u00e5et forelagt og forh\u00e5bentligt har sat dig ind i, er indsamlet ret mange informationer om borgere, der ikke er relevante for en sags afg\u00f8relse? Hvordan kan du forsvare det?<\/p>\n\n\n\n<p>Til sidst er jeg naturligvis n\u00f8dt til at sp\u00f8rge dig, hvordan du selv ville have det med at blive overv\u00e5get af en kommunal medarbejder under toiletbes\u00f8g eller \u00f8vrige aktiviteter? Har du virkelig en s\u00e5 stor mistillid til mennesker med handicap, at det kan retf\u00e6rdigg\u00f8re s\u00e5 gr\u00e6nseskridende handlinger, som fysisk overv\u00e5gning for at godtg\u00f8re hj\u00e6lpebehov, er et udtryk for.<\/p>\n\n\n\n<p>Med venlig hilsen <\/p>\n\n\n\n<p>Jan Vagn Jakobsen <\/p>\n\n\n\n<p><strong><em>Kommentar:<\/em><\/strong> Om jeg forventer at f\u00e5 svar?&#8230;. tjah&#8230;<\/p>\n","protected":false},"excerpt":{"rendered":"<p>Jeg har, som en del af debatten om fysisk overv\u00e5gning for at blotl\u00e6gge behov for hj\u00e6lp, n\u00e5r man har et handicap, sendt en mail til socialminister Astrid Krag. Du kan l\u00e6se den i dette indl\u00e6g. K\u00e6re Astrid Krag Jeg skriver &hellip; <a href=\"https:\/\/jan-jakobsen.dk\/?p=58999\">L\u00e6s resten <span class=\"meta-nav\">&rarr;<\/span><\/a><\/p>\n","protected":false},"author":3,"featured_media":0,"comment_status":"open","ping_status":"closed","sticky":false,"template":"","format":"standard","meta":{"footnotes":""},"categories":[4,1],"tags":[950,949,178,948,105],"class_list":["post-58999","post","type-post","status-publish","format-standard","hentry","category-blog","category-uncategorized","tag-fysisk-overvaagning","tag-graenseoverskridende-adfaerd","tag-handicap-2","tag-socialminister-astrid-krag","tag-sporgsmal"],"_links":{"self":[{"href":"https:\/\/jan-jakobsen.dk\/index.php?rest_route=\/wp\/v2\/posts\/58999","targetHints":{"allow":["GET"]}}],"collection":[{"href":"https:\/\/jan-jakobsen.dk\/index.php?rest_route=\/wp\/v2\/posts"}],"about":[{"href":"https:\/\/jan-jakobsen.dk\/index.php?rest_route=\/wp\/v2\/types\/post"}],"author":[{"embeddable":true,"href":"https:\/\/jan-jakobsen.dk\/index.php?rest_route=\/wp\/v2\/users\/3"}],"replies":[{"embeddable":true,"href":"https:\/\/jan-jakobsen.dk\/index.php?rest_route=%2Fwp%2Fv2%2Fcomments&post=58999"}],"version-history":[{"count":6,"href":"https:\/\/jan-jakobsen.dk\/index.php?rest_route=\/wp\/v2\/posts\/58999\/revisions"}],"predecessor-version":[{"id":60230,"href":"https:\/\/jan-jakobsen.dk\/index.php?rest_route=\/wp\/v2\/posts\/58999\/revisions\/60230"}],"wp:attachment":[{"href":"https:\/\/jan-jakobsen.dk\/index.php?rest_route=%2Fwp%2Fv2%2Fmedia&parent=58999"}],"wp:term":[{"taxonomy":"category","embeddable":true,"href":"https:\/\/jan-jakobsen.dk\/index.php?rest_route=%2Fwp%2Fv2%2Fcategories&post=58999"},{"taxonomy":"post_tag","embeddable":true,"href":"https:\/\/jan-jakobsen.dk\/index.php?rest_route=%2Fwp%2Fv2%2Ftags&post=58999"}],"curies":[{"name":"wp","href":"https:\/\/api.w.org\/{rel}","templated":true}]}}