{"id":58982,"date":"2021-02-14T09:03:03","date_gmt":"2021-02-14T08:03:03","guid":{"rendered":"http:\/\/jan-jakobsen.dk\/?p=58982"},"modified":"2024-05-04T20:08:39","modified_gmt":"2024-05-04T18:08:39","slug":"styrk-den-retssikkerhed-nu","status":"publish","type":"post","link":"https:\/\/jan-jakobsen.dk\/?p=58982","title":{"rendered":"Styrk den retssikkerhed &#8211; NU!"},"content":{"rendered":"<div class=\"wp-block-image\">\n<figure class=\"alignleft size-large is-resized\"><img loading=\"lazy\" decoding=\"async\" width=\"620\" height=\"372\" src=\"https:\/\/jan-jakobsen.dk\/https:\/\/jan-jakobsen.dk\/wp-content\/uploads\/2021\/02\/20210214_035636-620x372.jpg\" alt=\"\" class=\"wp-image-58983\" style=\"width:300px\" srcset=\"https:\/\/jan-jakobsen.dk\/http:\/\/jan-jakobsen.dk\/wp-content\/uploads\/2021\/02\/20210214_035636-620x372.jpg 620w, https:\/\/jan-jakobsen.dk\/http:\/\/jan-jakobsen.dk\/wp-content\/uploads\/2021\/02\/20210214_035636-300x180.jpg 300w, https:\/\/jan-jakobsen.dk\/http:\/\/jan-jakobsen.dk\/wp-content\/uploads\/2021\/02\/20210214_035636-1536x921.jpg 1536w, https:\/\/jan-jakobsen.dk\/http:\/\/jan-jakobsen.dk\/wp-content\/uploads\/2021\/02\/20210214_035636-2048x1228.jpg 2048w\" sizes=\"auto, (max-width: 620px) 100vw, 620px\" \/><\/figure>\n<\/div>\n\n\n<p>I et samr\u00e5d torsdag 11. februar 2021 om kommunernes hj\u00e6lp til os med handicap, pointerede socialminister Astrid Krag meget kraftigt, hvor afg\u00f8rende det er at f\u00e5 genskabt tilliden og styrket retssikkerheden. Den r\u00e6kkef\u00f8lge er ganske enkelt forkert. Socialministeren kan f\u00f8rst forvente, at tilliden kommer, n\u00e5r regeringen h\u00e5ndh\u00e6ver retssikkerheden.<\/p>\n\n\n\n<p>At h\u00e5ndh\u00e6ve retssikkerheden falder ikke ind under det, som ministeren flere gange tillagde stor betydning &#8211;  at der ikke findes nogle snuptagsl\u00f8sninger. At h\u00e5ndh\u00e6ve retssikkerheden kr\u00e6ver netop snuptag &#8211; b\u00e5de snuptag og mod. Ingen af delene har regeringen udvist vilje eller styrke til p\u00e5 handicapomr\u00e5det. S\u00e5 var retssikkerheden p\u00e5 plads allerede nu.<\/p>\n\n\n\n<!--more-->\n\n\n\n<p>Uden store ord kunne man s\u00e5 let som ingenting have gennemf\u00f8rt Muskelsvindfondens forslag https:\/\/muskelsvindfonden.dk\/artikler\/det-koster-ikke-noget-at-oege-retssikkerheden\/<\/p>\n\n\n\n<p>Det kan undre, at man ikke har grebet forslagene med gl\u00e6de. Ikke mindst p\u00e5 baggrund af, at vi tit nok har f\u00e5et at vide fra ministeren, hvor meget handicapomr\u00e5det betyder for regeringen. Ogs\u00e5 i n\u00e6vnte samr\u00e5d. Humlen er jo, at retssikkerheden best\u00e5r i at h\u00e5ndh\u00e6ve, at den g\u00e6ldende lovgivning skal f\u00f8lges. For hver gang ministeren betoner omr\u00e5det, lyder det stadig mere hult. For retssikkerheden kan ikke vente, ikke udskydes, som Jakob S\u00f8lvh\u00f8j ogs\u00e5 pointerede under samr\u00e5det.<\/p>\n\n\n\n<p>Alene det, at regeringen ville turde at holde fast i det ganske simple, at kommunerne  <em>skal<\/em>  f\u00f8lge loven, ville v\u00e6re k\u00e6mpe skridt I rigtige retning. Det ville \u00f8ge h\u00e5bet og tilliden ganske meget.<\/p>\n\n\n\n<p>Vi kunne ved samr\u00e5det h\u00f8re mange konkrete eksempler p\u00e5, hvor galt det g\u00e5r i \u00f8jeblikket. Set i det lys bliver det sv\u00e6rt at have den positive holdning og se lyst p\u00e5 fremtiden, som ministeren opfordrede til. P\u00e5 mig virker det som en h\u00e5n mod de mennesker, der har de dyrtk\u00f8bte erfaringer og bliver gjort til ofre, blot fordi de har behov for hj\u00e6lp beskrevet i lovgivningen. Det kn\u00e6kker mennesker. F\u00e5r dem til at give op. Svaret er styrk retssikkerheden nu! Det sker bare ikke. Dertil har KL for meget magt og regeringen tilsyneladende for lidt pondus.<\/p>\n\n\n\n<p>Alt for meget st\u00e5r p\u00e5 spil for de mennesker, der bliver ofre for regeringens n\u00f8l. Det er rigtigt, at den forrige regering lod st\u00e5 til og h\u00e5bede p\u00e5, at problemerne bare forsvandt. Jeg har dog sv\u00e6rt ved at se nogen klar forskel, s\u00e5 l\u00e6nge der sker nul og nix. Retssikkerheden er og bliver det st\u00f8rste problem. G\u00f8r noget nu, Astrid Krag.<\/p>\n\n\n\n<p>Vi er dog ogs\u00e5 afh\u00e6ngige af egne handlinger. Vi er som handicapbev\u00e6gelse n\u00f8dt til, foruden det lange, seje tr\u00e6k, vi ynder at tr\u00e6kke frem, ogs\u00e5 at till\u00e6gge os en mere aktivistisk og insisterende stil. Vi m\u00e5 indg\u00e5 i samarbejder med fx. #ENMILLIONSTEMMER og andre, der vil styrke handlinger til gavn for mennesker med handicap. Det kan v\u00e6re Danske Handicaporganisationer p\u00e5 lokalt niveau. Det kan v\u00e6re de lokale Handicapr\u00e5d, som vi ikke m\u00e5 glemme kan tage egne, selvst\u00e6ndige initiativer. Det kan v\u00e6re andre, der kan og vil bidrage.<\/p>\n\n\n\n<p>Vi st\u00e5r over for et kommunevalg, der har stor betydning for netop den retssikkerhed, der st\u00e5r p\u00e5 spil for os. Man er her fra politisk hold n\u00f8dt til at forklare sig. M\u00e5ske har vi lettere ved at gribe og sp\u00f8rge ind lokalt, fordi retssikkerheden helt konkret ogs\u00e5 rammer meget lokalt.<\/p>\n","protected":false},"excerpt":{"rendered":"<p>I et samr\u00e5d torsdag 11. februar 2021 om kommunernes hj\u00e6lp til os med handicap, pointerede socialminister Astrid Krag meget kraftigt, hvor afg\u00f8rende det er at f\u00e5 genskabt tilliden og styrket retssikkerheden. Den r\u00e6kkef\u00f8lge er ganske enkelt forkert. Socialministeren kan f\u00f8rst &hellip; <a href=\"https:\/\/jan-jakobsen.dk\/?p=58982\">L\u00e6s resten <span class=\"meta-nav\">&rarr;<\/span><\/a><\/p>\n","protected":false},"author":3,"featured_media":0,"comment_status":"open","ping_status":"open","sticky":false,"template":"","format":"standard","meta":{"footnotes":""},"categories":[4,1],"tags":[873,942,456,941,153,943,412,940,639],"class_list":["post-58982","post","type-post","status-publish","format-standard","hentry","category-blog","category-uncategorized","tag-enmillionstemmer","tag-aabent-samraad","tag-aktivisme","tag-astrid-krag","tag-danske-handicaporganisationer","tag-kommunevalg-21","tag-muskelsvindfonden","tag-regeringen","tag-retssikkerhed"],"_links":{"self":[{"href":"https:\/\/jan-jakobsen.dk\/index.php?rest_route=\/wp\/v2\/posts\/58982","targetHints":{"allow":["GET"]}}],"collection":[{"href":"https:\/\/jan-jakobsen.dk\/index.php?rest_route=\/wp\/v2\/posts"}],"about":[{"href":"https:\/\/jan-jakobsen.dk\/index.php?rest_route=\/wp\/v2\/types\/post"}],"author":[{"embeddable":true,"href":"https:\/\/jan-jakobsen.dk\/index.php?rest_route=\/wp\/v2\/users\/3"}],"replies":[{"embeddable":true,"href":"https:\/\/jan-jakobsen.dk\/index.php?rest_route=%2Fwp%2Fv2%2Fcomments&post=58982"}],"version-history":[{"count":2,"href":"https:\/\/jan-jakobsen.dk\/index.php?rest_route=\/wp\/v2\/posts\/58982\/revisions"}],"predecessor-version":[{"id":60233,"href":"https:\/\/jan-jakobsen.dk\/index.php?rest_route=\/wp\/v2\/posts\/58982\/revisions\/60233"}],"wp:attachment":[{"href":"https:\/\/jan-jakobsen.dk\/index.php?rest_route=%2Fwp%2Fv2%2Fmedia&parent=58982"}],"wp:term":[{"taxonomy":"category","embeddable":true,"href":"https:\/\/jan-jakobsen.dk\/index.php?rest_route=%2Fwp%2Fv2%2Fcategories&post=58982"},{"taxonomy":"post_tag","embeddable":true,"href":"https:\/\/jan-jakobsen.dk\/index.php?rest_route=%2Fwp%2Fv2%2Ftags&post=58982"}],"curies":[{"name":"wp","href":"https:\/\/api.w.org\/{rel}","templated":true}]}}