{"id":58914,"date":"2021-01-03T01:45:44","date_gmt":"2021-01-03T00:45:44","guid":{"rendered":"http:\/\/jan-jakobsen.dk\/?p=58914"},"modified":"2024-05-04T22:54:36","modified_gmt":"2024-05-04T20:54:36","slug":"jeg-er-traet-af-moeder-paa-nettet-jeg-vil-se-mennesker","status":"publish","type":"post","link":"https:\/\/jan-jakobsen.dk\/?p=58914","title":{"rendered":"&#8220;Jeg er tr\u00e6t af m\u00f8der p\u00e5 nettet\u2026 jeg vil se mennesker!\u201d"},"content":{"rendered":"<div class=\"wp-block-image\">\n<figure class=\"alignleft size-large is-resized\"><img loading=\"lazy\" decoding=\"async\" width=\"620\" height=\"413\" src=\"https:\/\/jan-jakobsen.dk\/https:\/\/jan-jakobsen.dk\/wp-content\/uploads\/2021\/01\/5095868_L-620x413.jpg\" alt=\"\" class=\"wp-image-58919\" style=\"width:300px\" srcset=\"https:\/\/jan-jakobsen.dk\/http:\/\/jan-jakobsen.dk\/wp-content\/uploads\/2021\/01\/5095868_L-620x413.jpg 620w, https:\/\/jan-jakobsen.dk\/http:\/\/jan-jakobsen.dk\/wp-content\/uploads\/2021\/01\/5095868_L-300x200.jpg 300w, https:\/\/jan-jakobsen.dk\/http:\/\/jan-jakobsen.dk\/wp-content\/uploads\/2021\/01\/5095868_L-1536x1024.jpg 1536w, https:\/\/jan-jakobsen.dk\/http:\/\/jan-jakobsen.dk\/wp-content\/uploads\/2021\/01\/5095868_L.jpg 1920w\" sizes=\"auto, (max-width: 620px) 100vw, 620px\" \/><\/figure>\n<\/div>\n\n\n<p>N\u00e6rmest dagligt st\u00f8der jeg p\u00e5 argumentet, at vi er mange, der er tr\u00e6t af m\u00f8der p\u00e5 nettet. Det er helt naturligt, at vi gl\u00e6der os til at kunne m\u00f8des igen ansigt til ansigt. For behovet for n\u00e6rv\u00e6r med andre mennesker er noget helt basalt for de fleste af os.<\/p>\n\n\n<p><!--more--><\/p>\n\n\n<p>\u00c5rsagen til hele diskussionen ligger i pandemien COVID-19, der fik tag i os herhjemme i marts 2020. Den bet\u00f8d et brud med vores almindeligt anerkendte samv\u00e6rs- og m\u00f8dekultur i l\u00f8bet af utroligt kort tid. Fra da af og til skrivende stund er der reelt g\u00e5et under 9 m\u00e5neder.<\/p>\n\n\n\n<p>Tvang er aldrig noget godt incitament, men for at kunne holde sammen p\u00e5 vitale samfundsfunktioner var det n\u00f8dvendigt at bruge webbaserede m\u00f8deformer. Dem har vi grundl\u00e6ggende haft til r\u00e5dighed i \u00e5revis, men aldrig helt taget til os. Nu blev det en n\u00f8dvendighed for at kunne tr\u00e6ffe beslutninger i lidt st\u00f8rre forsamlinger.<\/p>\n\n\n\n<p>Det er rundt regnet 10 \u00e5r siden, at vi benyttede Skype-m\u00f8der i noget internationalt handicaparbejde, som jeg var med i. For 6-7 \u00e5r siden gjorde vi det samme i et lignende arbejde p\u00e5 tv\u00e6rs af Danmark.<\/p>\n\n\n\n<p>Interessant var det dog, at til trods for, at begge eksempler drejede sig om mennesker med handicap, s\u00e5 slog den webbaserede m\u00f8deform aldrig rigtigt igennem. Selv om der ofte kunne v\u00e6re s\u00e6rlige udfordringer med m\u00f8der over lange str\u00e6kninger, s\u00e5 ventede vi hellere p\u00e5 fysiske m\u00f8der end brugte den kombination af fysiske m\u00f8der og skype-m\u00f8der, som der egentlig var lagt op til.<\/p>\n\n\n\n<p>Det har imidlertid taget ganske meget fart siden marts 2020. Nu er det ogs\u00e5 undervisning i folkeskole, ungdomsuddannelser, universiteter, der er indbefattet. Det er konsultationer hos l\u00e6ger og speciall\u00e6ger. Det er mit byr\u00e5dsarbejde, det \u00f8vrige politiske arbejde, jeg er med i, sociale m\u00f8der og ikke mindst et stort antal m\u00f8der, der har karakter af debatm\u00f8der og konferencer. Bl.a. arrangeret af DH, de enkelte handicaporganisationer og forskellige andre grupper som LOBPA.<\/p>\n\n\n\n<p>Det h\u00f8rer med til fort\u00e6llingen, at det hele tiden har v\u00e6ret i skiftende grader, at de forskellige elementer i opremsningen ovenfor har v\u00e6ret brugt. Det h\u00e6nger n\u00f8je sammen med den udvikling, der har v\u00e6ret i forhold til pandemien.<\/p>\n\n\n\n<p>Alene dette g\u00f8r jo, at vi ogs\u00e5 selv signalerer, at der er tale om noget midlertidigt.Personligt h\u00e5ber jeg aldrig, at vi &#8221; bare&#8221; vender tilbage til tiden f\u00f8r Covid-19. Selv om det har v\u00e6ret anstrengende med de nye m\u00f8deformer, s\u00e5 indeholder de ogs\u00e5 en r\u00e6kke muligheder. Det g\u00e6lder b\u00e5de muligheder af mere generel karakter og n\u00e5r det g\u00e6lder mennesker med handicap.<\/p>\n\n\n\n<p>Lad os tage de mere generelle f\u00f8rst.<\/p>\n\n\n\n<p>Verden st\u00e5r ikke kun over for udfordringer, der handler om pandemier, som den vi gennemlever lige nu. Vi st\u00e5r ogs\u00e5 over for en r\u00e6kke milj\u00f8m\u00e6ssige udfordringer. De kan meget vel f\u00f8re til en \u00e6ndring i vores rejsem\u00f8nster, der f\u00e5r en varig karakter.<\/p>\n\n\n<div class=\"wp-block-image\">\n<figure class=\"alignright size-large is-resized\"><img loading=\"lazy\" decoding=\"async\" width=\"620\" height=\"413\" src=\"https:\/\/jan-jakobsen.dk\/https:\/\/jan-jakobsen.dk\/wp-content\/uploads\/2021\/01\/5162927_L-620x413.jpg\" alt=\"\" class=\"wp-image-58918\" style=\"width:456px;height:304px\" srcset=\"https:\/\/jan-jakobsen.dk\/http:\/\/jan-jakobsen.dk\/wp-content\/uploads\/2021\/01\/5162927_L-620x413.jpg 620w, https:\/\/jan-jakobsen.dk\/http:\/\/jan-jakobsen.dk\/wp-content\/uploads\/2021\/01\/5162927_L-300x200.jpg 300w, https:\/\/jan-jakobsen.dk\/http:\/\/jan-jakobsen.dk\/wp-content\/uploads\/2021\/01\/5162927_L-1536x1024.jpg 1536w, https:\/\/jan-jakobsen.dk\/http:\/\/jan-jakobsen.dk\/wp-content\/uploads\/2021\/01\/5162927_L.jpg 1920w\" sizes=\"auto, (max-width: 620px) 100vw, 620px\" \/><\/figure>\n<\/div>\n\n\n<p>De kan ogs\u00e5 v\u00e6re af en karakter, hvor kommuner, for at tage et oplagt eksempel, f\u00e5r \u00f8jnene op for, at der bruges alt for mange ressourcer p\u00e5 at afholde m\u00f8der, hvis man hver gang skal bruge for meget tid p\u00e5, at mennesker flytter sig mellem flere lokationer i stedet for at bruge webbaserede l\u00f8sninger. Det er allerede sket i den kommune, hvor jeg bor, som en del af CO-VID-19 l\u00e6rlingen. Det har v\u00e6ret en \u00f8konomisk besparelse og samtidig betydet \u00f8get deltagelse. Alts\u00e5 en kvalitativ forbedring.<\/p>\n\n\n\n<p>N\u00e5r det g\u00e6lder handicap og vores samarbejde p\u00e5 tv\u00e6rs her, s\u00e5 er k\u00e6den ved at hoppe fuldst\u00e6ndig af for mig. For det er en g\u00e5de, at vi ikke for lang tid siden har bragt den webbaserede m\u00f8deform i spil p\u00e5 et mere overordnet plan.<\/p>\n\n\n\n<p>Vi ved alle, at en stor del af de udfordringer, vi st\u00e5r med i \u00f8jeblikket, sker p\u00e5 kommuneniveau. Det kan m\u00e5ske \u00e6ndre sig i fremtiden, men nu er det s\u00e5dan.<\/p>\n\n\n\n<p>Eksemplet kunne v\u00e6re, hvordan man tackler BPA i kommunerne. Det er jo langt fra ens, hvad man g\u00f8r i de enkelte kommuner. Men der kan jo v\u00e6re f\u00e6lles m\u00f8nstre, hvor vi kunne s\u00e6tte handicappolitikere sammen i grupper, n\u00e5r man har nogle udfordringer, der ligner hinanden. Ad den vej kunnre vi udt\u00e6nke samarbejder, der retter sig mod s\u00e6rligt anstrengende udfordringer. Skulle vi g\u00f8re det i fysiske m\u00f8der, vil det aldrig blive til noget. Det ville v\u00e6re b\u00e5de menneskeligt og \u00f8konomisk tungt.<\/p>\n\n\n\n<p>Humlen er her, at det kan styrke os som bev\u00e6gelse, n\u00e5r det lykkes. Det er ikke sikkert, det lykkes hver gang, men det kan relativt let afpr\u00f8ves. Som alt andet skal det pr\u00f8ves, tilpasses og g\u00f8res livsdueligt i de enkelte situationer. Det m\u00e5 dog aldrig v\u00e6re upr\u00f8vet, s\u00e5 vi st\u00e5r uden erfaringer.<\/p>\n\n\n\n<p>En anden problematik, jeg synes, vi i en del \u00e5r har undladt at forholde os til i handicapbev\u00e6gelsen er, om vi er inkluderende nok? Har vi en bev\u00e6gelse, hvor vi i tilstr\u00e6kkelig grad pr\u00f8ver at inkludere mennesker med handicap, der ikke&nbsp;helt minder om os selv? Det er noget, jeg har rejst f\u00f8r, men betydningen gik for alvor f\u00f8rst op for mig, da jeg for ca. 16 m\u00e5neder siden selv var ude for en ulykke.<\/p>\n\n\n\n<p>I de 6 m\u00e5neder, jeg var sengeliggende, var jeg sat uden for indflydelse n\u00e6rmest alle de steder, hvor jeg var aktiv. Det eneste, der fungerede, var mit byr\u00e5dsarbejde, hvor jeg var inddraget gennem m\u00f8der, hvor min afl\u00f8ser i byr\u00e5det og vores andet byr\u00e5dsmedlem, deltog. M\u00f8derne foregik i mit sovev\u00e6relse. Det var et lyspunkt for mig og bekr\u00e6ftede mig i, at vi ikke altid er s\u00e5 inkluderende, som vi selv bilder os ind.<\/p>\n\n\n\n<p>Kontrasten var meget sk\u00e6rende, da jeg var kommet i gang igen i begyndelsen af marts. Der gik nogle f\u00e5 dage og s\u00e5 blev Danmark lukket ned. Herefter var det til geng\u00e6ld en forn\u00f8jelse at opleve, at det i l\u00f8bet af utroligt kort tid var muligt at f\u00f8lge med hjemmefra gennem webbaserede l\u00f8sninger som Skype, Zoom, Messenger, Teams osv. Alle med de faciliteter, der gjorde det muligt at v\u00e6re aktiv.<\/p>\n\n\n\n<p>Det var rammerne. Det mest fantastiske var imidlertid de mange kreative indspark, det&nbsp;pludselig n\u00e6rmest sprudlede med. Der kom initiativer, der skulle g\u00f8re isolationen nemmere, som mange havde gl\u00e6de af. Jeg var med til landsm\u00f8de i Muskelsvindfonden, til \u00e5rsm\u00f8de i Enhedslisten og til mange andre arrangementer.&nbsp;Og oven i det hele kom en r\u00e6kke debatm\u00f8der, der startede med at v\u00e6re COVID-19 relaterende, men hurtigt bev\u00e6gede sig ud over dette. Gode eksempler er LOBPAs m\u00f8der om bl.a. Servicelovens vidtg\u00e5ende hj\u00e6lpeparagraffer 95 og 96.<\/p>\n\n\n<div class=\"wp-block-image\">\n<figure class=\"alignleft size-large is-resized\"><img loading=\"lazy\" decoding=\"async\" width=\"620\" height=\"410\" src=\"https:\/\/jan-jakobsen.dk\/https:\/\/jan-jakobsen.dk\/wp-content\/uploads\/2021\/01\/5059830_L-620x410.jpg\" alt=\"\" class=\"wp-image-58917\" style=\"width:362px;height:239px\" srcset=\"https:\/\/jan-jakobsen.dk\/http:\/\/jan-jakobsen.dk\/wp-content\/uploads\/2021\/01\/5059830_L-620x410.jpg 620w, https:\/\/jan-jakobsen.dk\/http:\/\/jan-jakobsen.dk\/wp-content\/uploads\/2021\/01\/5059830_L-300x199.jpg 300w, https:\/\/jan-jakobsen.dk\/http:\/\/jan-jakobsen.dk\/wp-content\/uploads\/2021\/01\/5059830_L-1536x1017.jpg 1536w, https:\/\/jan-jakobsen.dk\/http:\/\/jan-jakobsen.dk\/wp-content\/uploads\/2021\/01\/5059830_L.jpg 1920w\" sizes=\"auto, (max-width: 620px) 100vw, 620px\" \/><\/figure>\n<\/div>\n\n\n<p>N\u00e5r jeg tidligere i denne artikel skriver, at &#8220;personligt h\u00e5ber jeg aldrig, at vi &#8221; bare&#8221; vender tilbage til tiden f\u00f8r Covid-19&#8243; s\u00e5 h\u00e6nger det sammen med netop positive oplevelser som dem, jeg har n\u00e6vnt ovenfor. Webbaserede aktiviteter kan noget, vi har brug for &#8211; uanset om pandemier h\u00e6rger eller ej. Vi har brug for at tage det til os for at f\u00e5 mere fokus p\u00e5 relevant viden og debat.<\/p>\n\n\n\n<p>Vi er kun ved begyndelsen ogs\u00e5 p\u00e5 dette felt. Der tegner sig ikke noget slaraffenland, for der er mange ul\u00f8ste problemer, n\u00e5r det g\u00e6lder om at f\u00e5 tilpasset teknologien, s\u00e5 stadig flere med handicap kan f\u00e5 udbytte af den. Der kommer stadig nye muligheder til &#8211; og set fra et handicapperspektiv kan det kun g\u00e5 for langsomt.Gode skridt er taget med de robotter, der ogs\u00e5 fik mere vind i sejlene under COVID-19. De g\u00f8r det muligt at f\u00f8lge undervisningen hjemmefra for b\u00f8rn, hvor isolation er p\u00e5kr\u00e6vet. Det er dog ikke eneste anvendelse. De vinder forh\u00e5bentlig ogs\u00e5 indpas i fremtiden, n\u00e5r udsatte b\u00f8rn har et h\u00f8jt sygefrav\u00e6r.<\/p>\n\n\n\n<p>Jeg kan ogs\u00e5 blive tr\u00e6t af m\u00f8der p\u00e5 nettet. Men det er og bliver et sp\u00f8rgsm\u00e5l om, at vi skal finde ud af, hvor gr\u00e6nserne for webbaserede m\u00f8der er. Om hvad der egner sig til digitale m\u00f8der og hvorn\u00e5r det er klogest, at vi sidder over for hinanden. Om der er tale om lokale m\u00f8der eller regionale, nationale eller internationale m\u00f8der. Om hvordan dagsordenen er. Om hvordan vi sikrer pauser v\u00e6k fra sk\u00e6rmen. Blot for at n\u00e6vne enkelte \u00e5benlyse udfordringer. Der er mange flere og udviklingen vil rejse stadig nye. Det vigtige er, at vi ikke giver op, men pr\u00f8ver at udvikle os ud af dem.<\/p>\n\n\n\n<p>Og til sidst s\u00e5 vil jeg lige gribe den med inklusion. Det er et af vores vigtige punkter i handicapbev\u00e6gelsen. Vi skal gribe i egen barm og se p\u00e5, hvor inkluderende vi selv er. Jeg har, som jeg skrev tidligere, v\u00e6ret i en situation, hvor jeg nogle steder f\u00f8lte, at jeg bestemt ikke var inkluderet.&nbsp;Jeg tror ikke, det var uvilje, men manglende opm\u00e6rksomhed. Jeg h\u00e5ber, vi f\u00e5r mere opm\u00e6rksomhed p\u00e5 det i fremtiden. Mest af hensyn til de med handicap, hvor det ikke er COVID-19, der er \u00e5rsagen til isolation, men noget, der st\u00e5r p\u00e5 \u00e5r efter. Selv om man er isoleret, kan man godt besidde viden og ressourcer, som handicapbev\u00e6gelsen har brug for. Det er vores pligt at bringe dem i spil.<\/p>\n\n\n\n<p><em>Denne artikel har tidligere v\u00e6ret bragt i &#8220;BPA-bladet&#8221; nr. 5, december 2020.<\/em><\/p>\n","protected":false},"excerpt":{"rendered":"<p>N\u00e6rmest dagligt st\u00f8der jeg p\u00e5 argumentet, at vi er mange, der er tr\u00e6t af m\u00f8der p\u00e5 nettet. Det er helt naturligt, at vi gl\u00e6der os til at kunne m\u00f8des igen ansigt til ansigt. For behovet for n\u00e6rv\u00e6r med andre mennesker &hellip; <a href=\"https:\/\/jan-jakobsen.dk\/?p=58914\">L\u00e6s resten <span class=\"meta-nav\">&rarr;<\/span><\/a><\/p>\n","protected":false},"author":3,"featured_media":0,"comment_status":"open","ping_status":"open","sticky":false,"template":"","format":"standard","meta":{"footnotes":""},"categories":[5,1],"tags":[882,153,642,922,925,926,224,921,923,924],"class_list":["post-58914","post","type-post","status-publish","format-standard","hentry","category-artikler-og-kronikker","category-uncategorized","tag-covid-19","tag-danske-handicaporganisationer","tag-lobpa","tag-moedeformer","tag-skype","tag-teams","tag-tilgaengelighed","tag-web-moeder","tag-webbaserede-moeder","tag-zoom"],"_links":{"self":[{"href":"https:\/\/jan-jakobsen.dk\/index.php?rest_route=\/wp\/v2\/posts\/58914","targetHints":{"allow":["GET"]}}],"collection":[{"href":"https:\/\/jan-jakobsen.dk\/index.php?rest_route=\/wp\/v2\/posts"}],"about":[{"href":"https:\/\/jan-jakobsen.dk\/index.php?rest_route=\/wp\/v2\/types\/post"}],"author":[{"embeddable":true,"href":"https:\/\/jan-jakobsen.dk\/index.php?rest_route=\/wp\/v2\/users\/3"}],"replies":[{"embeddable":true,"href":"https:\/\/jan-jakobsen.dk\/index.php?rest_route=%2Fwp%2Fv2%2Fcomments&post=58914"}],"version-history":[{"count":10,"href":"https:\/\/jan-jakobsen.dk\/index.php?rest_route=\/wp\/v2\/posts\/58914\/revisions"}],"predecessor-version":[{"id":60245,"href":"https:\/\/jan-jakobsen.dk\/index.php?rest_route=\/wp\/v2\/posts\/58914\/revisions\/60245"}],"wp:attachment":[{"href":"https:\/\/jan-jakobsen.dk\/index.php?rest_route=%2Fwp%2Fv2%2Fmedia&parent=58914"}],"wp:term":[{"taxonomy":"category","embeddable":true,"href":"https:\/\/jan-jakobsen.dk\/index.php?rest_route=%2Fwp%2Fv2%2Fcategories&post=58914"},{"taxonomy":"post_tag","embeddable":true,"href":"https:\/\/jan-jakobsen.dk\/index.php?rest_route=%2Fwp%2Fv2%2Ftags&post=58914"}],"curies":[{"name":"wp","href":"https:\/\/api.w.org\/{rel}","templated":true}]}}