{"id":58901,"date":"2020-12-14T09:31:55","date_gmt":"2020-12-14T08:31:55","guid":{"rendered":"http:\/\/jan-jakobsen.dk\/?p=58901"},"modified":"2024-05-04T21:49:11","modified_gmt":"2024-05-04T19:49:11","slug":"58901","status":"publish","type":"post","link":"https:\/\/jan-jakobsen.dk\/?p=58901","title":{"rendered":"Et forr\u00e6deri, der vil noget&#8230;"},"content":{"rendered":"<div class=\"wp-block-image\">\n<figure class=\"alignleft size-large is-resized\"><img loading=\"lazy\" decoding=\"async\" width=\"620\" height=\"247\" src=\"https:\/\/jan-jakobsen.dk\/https:\/\/jan-jakobsen.dk\/wp-content\/uploads\/2020\/12\/FB_IMG_1607934354310-620x247.jpg\" alt=\"\" class=\"wp-image-58902\" style=\"width:300px\" srcset=\"https:\/\/jan-jakobsen.dk\/http:\/\/jan-jakobsen.dk\/wp-content\/uploads\/2020\/12\/FB_IMG_1607934354310-620x247.jpg 620w, https:\/\/jan-jakobsen.dk\/http:\/\/jan-jakobsen.dk\/wp-content\/uploads\/2020\/12\/FB_IMG_1607934354310-300x120.jpg 300w, https:\/\/jan-jakobsen.dk\/http:\/\/jan-jakobsen.dk\/wp-content\/uploads\/2020\/12\/FB_IMG_1607934354310.jpg 1015w\" sizes=\"auto, (max-width: 620px) 100vw, 620px\" \/><\/figure>\n<\/div>\n\n\n<p>Jeg hiver lige et af de v\u00e6rste &#8220;minder&#8221; frem fra min Facebook-historik.<\/p>\n\n\n\n<p>Den 14. december 2012 var en sv\u00e6r dag i mit liv. Da Socialdemokraterne sammen med borgerlige og s\u00e5gar ogs\u00e5 det &#8220;r\u00f8de&#8221; parti SF gennemtvang en f\u00f8rtids- og fleksjobreform, der den dag i dag er et monument for usolidarisk handling.<\/p>\n\n\n\n<!--more-->\n\n\n\n<p>Med et snuptag fjernede man grundlaget for, at mennesker med sv\u00e6re handicap kunne f\u00e5 pension uden at skulle igennem \u00e5relange, nedv\u00e6rdigende processer f\u00f8r pension overhovedet var en mulighed.<\/p>\n\n\n\n<p>Siden er der kun \u00e6ndret f\u00e5 kommaer. Unge med handicap bliver h\u00e6ngende p\u00e5 lave ydelser, mens de venter p\u00e5 et job, de aldrig f\u00e5r. De bindes \u00f8konomisk, s\u00e5 de m\u00e5 blive boende hjemme hos for\u00e6ldre, fordi det er umuligt at flytte hjemmefra.<\/p>\n\n\n\n<p>Det er det borgerlige Socialdemokrati, der hev en Venstre-plan op af skuffen og gjorde den til deres egen. Min tillid til b\u00e5de Socialdemokraterne og SF har siden da altid v\u00e6ret sund og velbegrundet skepsis, men i politik er det s\u00e5dan, at man er n\u00f8dt til at samarbejde &#8211; vel vidende at nogle ikke vil s\u00e5 meget, fordi de bliver ideologisk flossede i deres magtbeg\u00e6r. Det var en udvikling der l\u00e6nge var p\u00e5 vej&#8230; og grundl\u00e6ggende det, der i 2010 fik mig til at sige farvel til SF.<\/p>\n\n\n\n<p>Vi kan i dag yderligere h\u00f8re det ideologiske smuds i holdningen til retssikkerheden i kommunerne. Den sejler p\u00e5 handicapomr\u00e5det totalt trods s\u00f8de ord og tom snak.<\/p>\n\n\n\n<p>Og til sidst lige min kommentar fra 14. december 2012:<\/p>\n\n\n\n<p>F\u00f8rst 2. behandling af f\u00f8rtidspensions- og fleksjobreform. Derefter \u00c5bent samr\u00e5d i Besk\u00e6ftigelsesudvalget, hvor ministeren havde rigelig mulighed for at svare p\u00e5 de ni relevante sp\u00f8rgsm\u00e5l, som Finn S\u00f8rensen havde fremsendt. Det forblev dog ved muligheden, for den forblev uudnyttet. Ordet gentagelsens &#8216;fest&#8217; er nok lidt for vidtl\u00f8ftigt &#8211; men gentagelser uden svar forblev det&#8230;<\/p>\n","protected":false},"excerpt":{"rendered":"<p>Jeg hiver lige et af de v\u00e6rste &#8220;minder&#8221; frem fra min Facebook-historik. Den 14. december 2012 var en sv\u00e6r dag i mit liv. Da Socialdemokraterne sammen med borgerlige og s\u00e5gar ogs\u00e5 det &#8220;r\u00f8de&#8221; parti SF gennemtvang en f\u00f8rtids- og fleksjobreform, &hellip; <a href=\"https:\/\/jan-jakobsen.dk\/?p=58901\">L\u00e6s resten <span class=\"meta-nav\">&rarr;<\/span><\/a><\/p>\n","protected":false},"author":3,"featured_media":0,"comment_status":"open","ping_status":"open","sticky":false,"template":"","format":"standard","meta":{"footnotes":""},"categories":[4,1],"tags":[916,914,915,177,218,21,172],"class_list":["post-58901","post","type-post","status-publish","format-standard","hentry","category-blog","category-uncategorized","tag-14-december-2012","tag-24-december-2012","tag-borgerliggoerelse","tag-fleksjob","tag-fortidspension","tag-mette-frederiksen","tag-reform"],"_links":{"self":[{"href":"https:\/\/jan-jakobsen.dk\/index.php?rest_route=\/wp\/v2\/posts\/58901","targetHints":{"allow":["GET"]}}],"collection":[{"href":"https:\/\/jan-jakobsen.dk\/index.php?rest_route=\/wp\/v2\/posts"}],"about":[{"href":"https:\/\/jan-jakobsen.dk\/index.php?rest_route=\/wp\/v2\/types\/post"}],"author":[{"embeddable":true,"href":"https:\/\/jan-jakobsen.dk\/index.php?rest_route=\/wp\/v2\/users\/3"}],"replies":[{"embeddable":true,"href":"https:\/\/jan-jakobsen.dk\/index.php?rest_route=%2Fwp%2Fv2%2Fcomments&post=58901"}],"version-history":[{"count":4,"href":"https:\/\/jan-jakobsen.dk\/index.php?rest_route=\/wp\/v2\/posts\/58901\/revisions"}],"predecessor-version":[{"id":60239,"href":"https:\/\/jan-jakobsen.dk\/index.php?rest_route=\/wp\/v2\/posts\/58901\/revisions\/60239"}],"wp:attachment":[{"href":"https:\/\/jan-jakobsen.dk\/index.php?rest_route=%2Fwp%2Fv2%2Fmedia&parent=58901"}],"wp:term":[{"taxonomy":"category","embeddable":true,"href":"https:\/\/jan-jakobsen.dk\/index.php?rest_route=%2Fwp%2Fv2%2Fcategories&post=58901"},{"taxonomy":"post_tag","embeddable":true,"href":"https:\/\/jan-jakobsen.dk\/index.php?rest_route=%2Fwp%2Fv2%2Ftags&post=58901"}],"curies":[{"name":"wp","href":"https:\/\/api.w.org\/{rel}","templated":true}]}}