{"id":58880,"date":"2020-12-02T22:52:00","date_gmt":"2020-12-02T21:52:00","guid":{"rendered":"http:\/\/jan-jakobsen.dk\/?p=58880"},"modified":"2024-05-04T22:57:19","modified_gmt":"2024-05-04T20:57:19","slug":"til-minde-om-evald-krog","status":"publish","type":"post","link":"https:\/\/jan-jakobsen.dk\/?p=58880","title":{"rendered":"Til minde om Evald Krog"},"content":{"rendered":"<div class=\"wp-block-image\">\n<figure class=\"alignleft size-large is-resized\"><img loading=\"lazy\" decoding=\"async\" width=\"620\" height=\"620\" src=\"https:\/\/jan-jakobsen.dk\/https:\/\/jan-jakobsen.dk\/wp-content\/uploads\/2020\/12\/IMG_20201205_042633_529-620x620.jpg\" alt=\"Foto af Evald Krog \" class=\"wp-image-58893\" style=\"object-fit:cover;width:300px;height:300px\" srcset=\"https:\/\/jan-jakobsen.dk\/http:\/\/jan-jakobsen.dk\/wp-content\/uploads\/2020\/12\/IMG_20201205_042633_529-620x620.jpg 620w, https:\/\/jan-jakobsen.dk\/http:\/\/jan-jakobsen.dk\/wp-content\/uploads\/2020\/12\/IMG_20201205_042633_529-300x300.jpg 300w, https:\/\/jan-jakobsen.dk\/http:\/\/jan-jakobsen.dk\/wp-content\/uploads\/2020\/12\/IMG_20201205_042633_529-150x150.jpg 150w, https:\/\/jan-jakobsen.dk\/http:\/\/jan-jakobsen.dk\/wp-content\/uploads\/2020\/12\/IMG_20201205_042633_529-1536x1536.jpg 1536w, https:\/\/jan-jakobsen.dk\/http:\/\/jan-jakobsen.dk\/wp-content\/uploads\/2020\/12\/IMG_20201205_042633_529-2048x2048.jpg 2048w\" sizes=\"auto, (max-width: 620px) 100vw, 620px\" \/><\/figure>\n<\/div>\n\n\n<p>Verden har mistet et stort menneske. Det var den f\u00f8rste tanke, der fl\u00f8j gennem hovedet p\u00e5 mig, da jeg fra en ven h\u00f8rte at Evald Krog er d\u00f8d. Jeg havde &#8211; lidt uvant i disse tider &#8211; ikke v\u00e6ret p\u00e5 de sociale medier dagen igennem.<\/p>\n\n\n\n<!--more-->\n\n\n\n<p>Der er ingen tvivl om, at Evald var en stor inspirator for mange af os. Et midtpunkt, der kunne f\u00e5 det bedste ud af alle omkring sig og som aldrig sparede sig selv. Altsammen til stor gavn for alle med muskelsvind &#8211; og for hele handicapbev\u00e6gelsen.<\/p>\n\n\n\n<p>Et livsv\u00e6rk, der stadig vil lyse og leve videre i nye generationer, der har l\u00e6rt af st\u00e6digheden, opfindsomheden og den dygtige pranger, der n\u00e6rmest var et varem\u00e6rke for Evald<\/p>\n\n\n\n<p>Evald, du har udrettet noget stort. Du har efterladt dig noget endnu st\u00f8rre. Noget, der er v\u00e6rd at tage vare p\u00e5. Bygge videre p\u00e5. En stor arv at b\u00e6re.\u00c6ret v\u00e6re dit minde.Tanker til familien.<\/p>\n\n\n\n<p>(Eget foto)<\/p>\n","protected":false},"excerpt":{"rendered":"<p>Verden har mistet et stort menneske. Det var den f\u00f8rste tanke, der fl\u00f8j gennem hovedet p\u00e5 mig, da jeg fra en ven h\u00f8rte at Evald Krog er d\u00f8d. Jeg havde &#8211; lidt uvant i disse tider &#8211; ikke v\u00e6ret p\u00e5 &hellip; <a href=\"https:\/\/jan-jakobsen.dk\/?p=58880\">L\u00e6s resten <span class=\"meta-nav\">&rarr;<\/span><\/a><\/p>\n","protected":false},"author":3,"featured_media":0,"comment_status":"open","ping_status":"open","sticky":false,"template":"","format":"standard","meta":{"footnotes":""},"categories":[4,1],"tags":[436,911,22],"class_list":["post-58880","post","type-post","status-publish","format-standard","hentry","category-blog","category-uncategorized","tag-evald-krog","tag-inspirator","tag-muskelsvind"],"_links":{"self":[{"href":"https:\/\/jan-jakobsen.dk\/index.php?rest_route=\/wp\/v2\/posts\/58880","targetHints":{"allow":["GET"]}}],"collection":[{"href":"https:\/\/jan-jakobsen.dk\/index.php?rest_route=\/wp\/v2\/posts"}],"about":[{"href":"https:\/\/jan-jakobsen.dk\/index.php?rest_route=\/wp\/v2\/types\/post"}],"author":[{"embeddable":true,"href":"https:\/\/jan-jakobsen.dk\/index.php?rest_route=\/wp\/v2\/users\/3"}],"replies":[{"embeddable":true,"href":"https:\/\/jan-jakobsen.dk\/index.php?rest_route=%2Fwp%2Fv2%2Fcomments&post=58880"}],"version-history":[{"count":3,"href":"https:\/\/jan-jakobsen.dk\/index.php?rest_route=\/wp\/v2\/posts\/58880\/revisions"}],"predecessor-version":[{"id":60246,"href":"https:\/\/jan-jakobsen.dk\/index.php?rest_route=\/wp\/v2\/posts\/58880\/revisions\/60246"}],"wp:attachment":[{"href":"https:\/\/jan-jakobsen.dk\/index.php?rest_route=%2Fwp%2Fv2%2Fmedia&parent=58880"}],"wp:term":[{"taxonomy":"category","embeddable":true,"href":"https:\/\/jan-jakobsen.dk\/index.php?rest_route=%2Fwp%2Fv2%2Fcategories&post=58880"},{"taxonomy":"post_tag","embeddable":true,"href":"https:\/\/jan-jakobsen.dk\/index.php?rest_route=%2Fwp%2Fv2%2Ftags&post=58880"}],"curies":[{"name":"wp","href":"https:\/\/api.w.org\/{rel}","templated":true}]}}