{"id":58859,"date":"2020-07-13T01:13:29","date_gmt":"2020-07-12T23:13:29","guid":{"rendered":"http:\/\/jan-jakobsen.dk\/?p=58859"},"modified":"2024-05-05T06:02:52","modified_gmt":"2024-05-05T04:02:52","slug":"ti-aar-med-enhedslisten","status":"publish","type":"post","link":"https:\/\/jan-jakobsen.dk\/?p=58859","title":{"rendered":"Ti \u00e5r med Enhedslisten"},"content":{"rendered":"<div class=\"wp-block-image is-style-default\">\n<figure class=\"alignleft size-full is-resized\"><img loading=\"lazy\" decoding=\"async\" width=\"1331\" height=\"998\" src=\"https:\/\/jan-jakobsen.dk\/https:\/\/jan-jakobsen.dk\/wp-content\/uploads\/2020\/07\/20200707_014635.jpg\" alt=\"\" class=\"wp-image-58861\" style=\"aspect-ratio:4\/3;object-fit:cover;width:300px\" srcset=\"https:\/\/jan-jakobsen.dk\/http:\/\/jan-jakobsen.dk\/wp-content\/uploads\/2020\/07\/20200707_014635.jpg 1331w, https:\/\/jan-jakobsen.dk\/http:\/\/jan-jakobsen.dk\/wp-content\/uploads\/2020\/07\/20200707_014635-300x225.jpg 300w, https:\/\/jan-jakobsen.dk\/http:\/\/jan-jakobsen.dk\/wp-content\/uploads\/2020\/07\/20200707_014635-620x465.jpg 620w\" sizes=\"auto, (max-width: 1331px) 100vw, 1331px\" \/><\/figure>\n<\/div>\n\n\n<p>Den 7. juli, er det n\u00f8jagtigt 10 \u00e5r siden, at jeg forlod SF. Det blev f\u00f8rst senere officielt. Men denne dag orienterede jeg SF-Ringsteds formand, byr\u00e5dsgruppen, borgmesteren og flertalsgruppen i Ringsted Byr\u00e5d om, at jeg havde besluttet at g\u00e5 ud af SFs byr\u00e5dsgruppe og s\u00f8ge samarbejde med Enhedslisten med henblik p\u00e5 optagelse i partiet. Udmeldelsen af SF skete efter lang tids overvejelse.<\/p>\n\n\n\n<!--more-->\n\n\n\n<p>Jeg blev optaget i Enhedslisten 31. december 2010. Jeg har aldrig fortrudt et eneste sekund, at jeg tog den beslutning, som var helt n\u00f8dvendig for mig.<\/p>\n\n\n\n<p>Det er indtil videre blevet til 10 gode \u00e5r med Enhedslisten &#8211; alle \u00e5rene som byr\u00e5dsmedlem. I den nuv\u00e6rende periode er vi heldigvis 2 medlemmer i Enhedslistens byr\u00e5dsgruppe.<\/p>\n\n\n\n<p>Henrik Kj\u00e6r, som vi ved sidste valg prioriterede som vores spidskandidat, trak ogs\u00e5 mig med ind. Det var til tider h\u00e5rdt i de f\u00f8rste 6 \u00e5r at sidde alene i byr\u00e5det. Det kan andre, der ogs\u00e5 sidder som ene repr\u00e6sentant for et parti, sikkert bekr\u00e6fte.<\/p>\n\n\n\n<p>S\u00e5dan er det heldigvis ikke nu, hvor vi er 2 medlemmer. Det har givet mulighed for at d\u00e6kke flere politiske omr\u00e5der og g\u00e5 mere i dybden med dem. Begge er vi ogs\u00e5 hjulpet godt p\u00e5 vej af en velfungerende baggrundsgruppe.<\/p>\n\n\n\n<p>Det var f\u00f8rst den 29. juli 2010, at det blev meldt officielt ud, at jeg forlod SF. Det skete i en pressemeddelelse, jeg sendte ud denne dag.<\/p>\n\n\n\n<p>Det blev naturligvis modtaget lidt blandet, men min argumentation kom p\u00e6nt og sobert frem de fleste steder. Den blev bl.a. sammenfattet s\u00e5dan i Danske Kommuner 30. juli 2010:<\/p>\n\n\n\n<p>&#8220;\u2026Efter otte \u00e5r som repr\u00e6sentant for SF i byr\u00e5det har han valgt at forlade partiet p\u00e5 grund af, hvad han opfatter som en generel h\u00f8jredrejning.<\/p>\n\n\n\n<ul class=\"wp-block-list\">\n<li>SF retter for meget ind efter et regeringssamarbejde med Socialdemokraterne. SF forsvarer ikke i tilstr\u00e6kkelig grad samfundets svageste grupper. Alt for mange mennesker bliver tabere i den borgerlige fl\u00f8js vedvarende angreb p\u00e5 erhvervede rettigheder, skriver Jan Jakobsen i en pressemeddelelse.<\/li>\n<\/ul>\n\n\n\n<p>Den nu forhenv\u00e6rende SF&#8217;er er ud over sit virke i byr\u00e5det ogs\u00e5 Muskelsvindfondens repr\u00e6sentant i Ringsteds handicapr\u00e5d. Han peger p\u00e5 netop handicapomr\u00e5det som et eksempel p\u00e5 sin uenighed med SF.<\/p>\n\n\n\n<ul class=\"wp-block-list\">\n<li>Jeg savner klart og utvetydigt en stillingtagen fra SF imod kommunernes og KL&#8217;s \u00e5benlyse angreb p\u00e5 mennesker med handicap, erkl\u00e6rer Jan Jakobsen, der var medlem af DKP frem til 1991\u2026&#8221;<\/li>\n<\/ul>\n\n\n\n<p>En vigtig grund til at jeg forlod SF, var, som det hed i min pressemeddelelse, at &#8220;\u2026alt for mange mennesker bliver tabere i den borgerlige fl\u00f8js vedvarende angreb p\u00e5 erhvervede rettigheder. Handicapomr\u00e5det er et godt eksempel\u2026&#8221;<\/p>\n\n\n\n<p>Mennesker lades stadig i stikken. Det skete igen, da Socialdemokratiet og deres 2 \u00f8vrige regeringspartnere SF og Radikale 1. januar 2013 indf\u00f8rte fleksjob- og f\u00f8rtidspensionsreformen under Mette Frederiksens kyndige h\u00e5nd.<\/p>\n\n\n\n<p>Det skete desuden med st\u00f8tte fra Liberal Alliance, Konservative og Venstre. De eneste 2 partier imod var Dansk Folkeparti og Enhedslisten. Lige siden er retssikkerheden blevet stadig mere ustabil. Den var det ogs\u00e5 f\u00f8r, men det tog endnu mere til efter disse og efterf\u00f8lgende reformer. Ustabil er det absolut mildeste ord jeg kan finde.<\/p>\n\n\n\n<p>For mig er den vigtige forskel, at det ikke sker med Enhedslistens stemmer p\u00e5 de store sp\u00f8rgsm\u00e5l. Hvis vi stemmer for noget, s\u00e5 indeholder det en forbedring, der kan bringe os videre mod ny udvikling. At vi skaber dynamik og udvikling gennem delm\u00e5l. Det er en v\u00e6sentlig forskel fra b\u00e5de Socialdemokratiet og SF.<\/p>\n\n\n\n<p>Det er jo ingen hemmelighed, at handicappolitik er et af de omr\u00e5der, der ligger mig mest p\u00e5 sinde. Mest af alt, fordi det er d\u00e9r, jeg bilder mig ind, at jeg har erfaringer og kompetencer, der kan bringes i spil.<\/p>\n\n\n\n<p>Det er dog heller ikke nogen hemmelighed, at jeg mener, at det ikke ensporet drejer om handicap. Handicap skal ses i en st\u00f8rre og ikke mindst politisk sammenh\u00e6ng.<\/p>\n\n\n\n<p>Vi har altid pligt til at indg\u00e5 alliancer med andre for at skabe positive forandringer for alle mennesker og f\u00e6llesskabet. Men samfundet i dag er stadig drevet af fundamentale mods\u00e6tninger mellem rig og fattig, undertrykkere og undertrykte.<\/p>\n\n\n\n<p>Det bliver bakket op af en stat, der sikrer de vilk\u00e5r som den herskende magt har brug for. Alts\u00e5 pengenes magt.<\/p>\n\n\n\n<p>Grundl\u00e6ggende er det for mig at se kun et socialistisk samfund, der ikke er styret af penge, der kan fordele goderne og sikre imod de velkendte overgreb, der er begrundet i f.eks. k\u00f8n, race, tro, politisk overbevisning, seksuelle pr\u00e6ferencer og handicap, som vi kender det i dag.<\/p>\n\n\n\n<p>Foruds\u00e6tningen for kapitalismen er produktivitet. Det diskvalificerer mange mennesker p\u00e5 et arbejdsmarked, der hele tiden kr\u00e6ver mere af den enkelte &#8211; aldrig mindre.<\/p>\n\n\n\n<p>Arbejdsmarkedet har ikke den tilstr\u00e6kkelige rummelighed, der skal til for at alle kan tage aktiv del. Det g\u00f8r bl.a. mennesker med handicap til en udskilt gruppe, der f\u00e5r sv\u00e6rere ved at finde fodf\u00e6ste ikke kun p\u00e5 arbejdsmarkedet, men ogs\u00e5 i samfundet generelt.<\/p>\n\n\n\n<p>N\u00e5r vi ser handicap f\u00e5 fokus i dag, er det alt for sj\u00e6ldent fordi vi skaber vilk\u00e5rene ud fra principper om inklusion og tilstedev\u00e6relse i f\u00e6llesskabet. Alt for ofte er det enkeltsager, som f\u00e5r fokus &#8211; og n\u00e6sten lige s\u00e5 ofte, n\u00e5r den borgerlige fl\u00f8j har brug for at styrke deres image som omsorgsfulde.<\/p>\n\n\n\n<p>Sj\u00e6ldent er grunden et \u00f8nske om at sikre barren p\u00e5 et niveau, s\u00e5 alle kan v\u00e6re med menneskeligt, socialt, uddannelsesm\u00e6ssigt og \u00f8konomisk. Det er for dyrt for &#8220;os&#8221; forlyder det her i et af verdens rigeste lande.<\/p>\n\n\n\n<p>Derfor er jeg i Enhedslisten. Det giver stadig de bedste betingelser for lighed og solidaritet. Det er v\u00e6rd at k\u00e6mpe for. Og solidaritet g\u00e5r ikke kun den ene vej. Det er ikke kun andre, der skal v\u00e6re solidariske med os. Vores f\u00e6lles muligheder for udvikling er betinget af, at vi b\u00e5de erkender specifikke gruppers behov og samtidig ser vores gensidige afh\u00e6ngighed og st\u00f8tter hinanden i f\u00e6llesskabet.<\/p>\n\n\n\n<p>Hele pressemeddelelsen fra jeg meldte mig ud af SF for ti \u00e5r siden kan du l\u00e6se nedenfor.<\/p>\n\n\n\n<p>Situationen fra dengang er uforandret &#8211; hvis jeg ser bort fra, at SF i dag i langt h\u00f8jere grad ogs\u00e5 ude i kommunerne st\u00f8tter den traditionelle borgerlige fordelingspolitik. \u00d8konomisk ansvarlighed kalder man det vist. Med den udvikling styrker det kun min gl\u00e6de over politisk at have set rigtigt, da jeg valgte side i 2010.<\/p>\n\n\n\n<p>Fremtiden? Man kan ikke skue bagud uden ogs\u00e5 at kigge frem. Jeg ser ikke mig selv som topprioritet p\u00e5 listen over byr\u00e5dsmedlemmer ved valget i 2021. 20 \u00e5r er nok for mig, og der er mange andre s\u00e6rdeles vigtige omr\u00e5der, hvor jeg kan g\u00f8re en forskel.<\/p>\n\n\n\n<p>Det kan v\u00e6re i Enhedslistens Handicappolitiske udvalg, i Danske Handicaporganisationer, i Muskelsvindfonden, i Handicapr\u00e5det. Ved at stille mine kommunikative erfaringer til r\u00e5dighed b\u00e5de organisatorisk, politisk og i sammenh\u00e6ng med arbejde for at n\u00e6vne nogle omr\u00e5der.<\/p>\n\n\n\n<p>Jeg ved godt, at mine udmeldinger om n\u00f8dvendigheden af socialisme vil afholde mange fra at sympatisere med dette indl\u00e6g. Men s\u00e5dan m\u00e5 det s\u00e5 v\u00e6re.<\/p>\n\n\n\n<p>Jeg vil stadig gerne samarbejde med mange andre trods uenigheder. Jeg tror ikke, at &#8220;kampen den sidste er n\u00e6r&#8221;. Men den forts\u00e6tter. Den er dynamisk og nye muligheder s\u00e6tter nye m\u00e5l for f\u00e6llesskabet.<\/p>\n\n\n\n<figure class=\"wp-block-embed-wordpress wp-block-embed is-type-wp-embed is-provider-jan-vagn-jakobsen-jan-jakobsen-dk\"><div class=\"wp-block-embed__wrapper\">\n<blockquote class=\"wp-embedded-content\" data-secret=\"D0cQjJcTs1\"><a href=\"https:\/\/jan-jakobsen.dk\/?p=724\">Jan Jakobsen g\u00e5r ud af SF<\/a><\/blockquote><iframe loading=\"lazy\" class=\"wp-embedded-content\" sandbox=\"allow-scripts\" security=\"restricted\" style=\"position: absolute; clip: rect(1px, 1px, 1px, 1px);\" title=\"&#8220;Jan Jakobsen g\u00e5r ud af SF&#8221; &#8212; Jan V Jakobsen [jan-jakobsen.dk]\" src=\"https:\/\/jan-jakobsen.dk\/?p=724&#038;embed=true#?secret=SkL1tIoRl8#?secret=D0cQjJcTs1\" data-secret=\"D0cQjJcTs1\" width=\"600\" height=\"338\" frameborder=\"0\" marginwidth=\"0\" marginheight=\"0\" scrolling=\"no\"><\/iframe>\n<\/div><\/figure>\n","protected":false},"excerpt":{"rendered":"<p>Den 7. juli, er det n\u00f8jagtigt 10 \u00e5r siden, at jeg forlod SF. Det blev f\u00f8rst senere officielt. Men denne dag orienterede jeg SF-Ringsteds formand, byr\u00e5dsgruppen, borgmesteren og flertalsgruppen i Ringsted Byr\u00e5d om, at jeg havde besluttet at g\u00e5 ud &hellip; <a href=\"https:\/\/jan-jakobsen.dk\/?p=58859\">L\u00e6s resten <span class=\"meta-nav\">&rarr;<\/span><\/a><\/p>\n","protected":false},"author":3,"featured_media":0,"comment_status":"open","ping_status":"open","sticky":false,"template":"","format":"standard","meta":{"footnotes":""},"categories":[4,32,1],"tags":[39,895,897,899,757,670,896,413],"class_list":["post-58859","post","type-post","status-publish","format-standard","hentry","category-blog","category-byradenhedslisten","category-uncategorized","tag-enhedslisten","tag-enhedslistens-handicappolitiske-udvalg","tag-forbedringer","tag-lige-muligheder","tag-ligevaerd","tag-ringsted-byraad","tag-socialisme","tag-solidaritet"],"_links":{"self":[{"href":"https:\/\/jan-jakobsen.dk\/index.php?rest_route=\/wp\/v2\/posts\/58859","targetHints":{"allow":["GET"]}}],"collection":[{"href":"https:\/\/jan-jakobsen.dk\/index.php?rest_route=\/wp\/v2\/posts"}],"about":[{"href":"https:\/\/jan-jakobsen.dk\/index.php?rest_route=\/wp\/v2\/types\/post"}],"author":[{"embeddable":true,"href":"https:\/\/jan-jakobsen.dk\/index.php?rest_route=\/wp\/v2\/users\/3"}],"replies":[{"embeddable":true,"href":"https:\/\/jan-jakobsen.dk\/index.php?rest_route=%2Fwp%2Fv2%2Fcomments&post=58859"}],"version-history":[{"count":4,"href":"https:\/\/jan-jakobsen.dk\/index.php?rest_route=\/wp\/v2\/posts\/58859\/revisions"}],"predecessor-version":[{"id":60376,"href":"https:\/\/jan-jakobsen.dk\/index.php?rest_route=\/wp\/v2\/posts\/58859\/revisions\/60376"}],"wp:attachment":[{"href":"https:\/\/jan-jakobsen.dk\/index.php?rest_route=%2Fwp%2Fv2%2Fmedia&parent=58859"}],"wp:term":[{"taxonomy":"category","embeddable":true,"href":"https:\/\/jan-jakobsen.dk\/index.php?rest_route=%2Fwp%2Fv2%2Fcategories&post=58859"},{"taxonomy":"post_tag","embeddable":true,"href":"https:\/\/jan-jakobsen.dk\/index.php?rest_route=%2Fwp%2Fv2%2Ftags&post=58859"}],"curies":[{"name":"wp","href":"https:\/\/api.w.org\/{rel}","templated":true}]}}