{"id":58801,"date":"2020-03-28T18:26:40","date_gmt":"2020-03-28T17:26:40","guid":{"rendered":"http:\/\/jan-jakobsen.dk\/?p=58801"},"modified":"2024-05-05T06:08:36","modified_gmt":"2024-05-05T04:08:36","slug":"dagbogsblad-fra-en-isolation-1","status":"publish","type":"post","link":"https:\/\/jan-jakobsen.dk\/?p=58801","title":{"rendered":"Dagbogsblad fra en &#8220;isolation&#8221;"},"content":{"rendered":"\n<figure class=\"wp-block-gallery alignleft has-nested-images columns-default is-cropped wp-block-gallery-1 is-layout-flex wp-block-gallery-is-layout-flex\"><div class=\"wp-block-image\">\n<figure class=\"alignleft size-full\"><img loading=\"lazy\" decoding=\"async\" width=\"1280\" height=\"854\" data-id=\"58803\" src=\"https:\/\/jan-jakobsen.dk\/https:\/\/jan-jakobsen.dk\/wp-content\/uploads\/2020\/03\/1433323_M.jpg\" alt=\"\" class=\"wp-image-58803\" srcset=\"https:\/\/jan-jakobsen.dk\/http:\/\/jan-jakobsen.dk\/wp-content\/uploads\/2020\/03\/1433323_M.jpg 1280w, https:\/\/jan-jakobsen.dk\/http:\/\/jan-jakobsen.dk\/wp-content\/uploads\/2020\/03\/1433323_M-300x200.jpg 300w, https:\/\/jan-jakobsen.dk\/http:\/\/jan-jakobsen.dk\/wp-content\/uploads\/2020\/03\/1433323_M-620x414.jpg 620w\" sizes=\"auto, (max-width: 1280px) 100vw, 1280px\" \/><\/figure>\n<\/div><\/figure>\n\n\n\n<p class=\"has-text-align-left\">L\u00f8rdag 28. marts det menneskets \u00e5r 2020.<\/p>\n\n\n\n<p>Der er nu g\u00e5et 14 dage i frivillig ensomhed. Der er faldet mere ro over hele situationen og blevet lidt tid til tilbagel\u00e6net eftert\u00e6nksomhed. Ganske sundt.<\/p>\n\n\n\n<p>Det giver plads til nogle dagbogsblade. En dagbog er personlige oplevelser. Men personlige oplevelser er jo kun et udtryk for, at jeg s\u00e6tter ordene. Oplevelserne bag kan deles af mange med handicap. B\u00e5de respiratorbrugere, BPA-brugere og de med begge dele. Alt sammen med forskellige procedurer\u2026 og tolkninger hos de myndigheder, der skal l\u00f8se opgaverne.<\/p>\n\n\n\n<!--more-->\n\n\n\n<p>Forleden h\u00f8rte jeg S\u00f8ren Brostr\u00f8m tale om mental sundhed og behovet for at koble af fra nyhedsstr\u00f8mmen med dens evne til katastrofesyn. Endnu engang kloge ord fra denne empatiske mand, der pr\u00f8ver at navigere i et farvand fyldt med politiske klapf\u00e6lder.<\/p>\n\n\n\n<p>Det hjalp faktisk. Ikke fordi jeg vil tale alvoren i situationen ned. Tv\u00e6rtimod. Fordi jeg kunne m\u00e6rke, at panikken var ved at gribe mig. Og med god grund. Der er masser at g\u00e5 i panik over. Det kommer jeg mere ind p\u00e5.<\/p>\n\n\n\n<p>Men kan jeg ikke holde panikken nogenlunde i skak mister jeg overblikket endnu mere end jeg ellers ville og det er lige s\u00e5 farligt som Corona. For s\u00e5 er jeg t\u00e6ttere p\u00e5 at give op.<\/p>\n\n\n\n<p>Her de sidste 14 dage har 3 af mine faste hj\u00e6lpere v\u00e6ret syge. Corona? Vi ved det ikke, for de kunne ikke blive testet. Eneste valg var at holde alle anbefalinger\u2026 vel vidende, at det gik ud over det \u00f8vrige hj\u00e6lperhold.<\/p>\n\n\n\n<p>Alle 3 er nu tilbage efter hver ca 2 ugers frav\u00e6r. Det havde v\u00e6ret billigere for samfundet, hvis testene havde v\u00e6ret p\u00e5 plads s\u00e5 vi vidste om det var Corona. Det havde v\u00e6ret mindre stressende for b\u00e5de mine hj\u00e6lpere og mig.<\/p>\n\n\n\n<p>Jeg hilser velkommen at flere testes nu &#8211; og at hj\u00e6lpere kan v\u00e6re blandt dem. Bureaukratiet med alle dets forbehold og kalkuler er intakt selv i denne situation. F\u00e5 ulden ud af munden. Meld klart ud.<\/p>\n\n\n\n<p>Jeg skulle ogs\u00e5 tage stilling til h\u00e5ndteringen af min hj\u00e6lp under krisen. Skal jeg, som mange andre, sp\u00e6rre mig inde med f\u00e5 hj\u00e6lpere eller skal jeg fastholde det vanlige rul? Et sp\u00f8rgsm\u00e5l, der er et n\u00e6rmest religi\u00f8st forhold til.<\/p>\n\n\n\n<p>Jeg har valgt ikke at sende nogle af mine hj\u00e6lpere hjem uden l\u00f8n. Jeg tror, det tr\u00e6kker ud med denne krise og jeg vil gerne have et intakt hj\u00e6lperhold, n\u00e5r vi er gennem dette. Med f\u00e5 hj\u00e6lpere risikerer jeg at k\u00f8re dem ned, der er tilbage og miste resten. S\u00e5 er jeg for alvor p\u00e5 skideren. <\/p>\n\n\n\n<p>Der er g\u00e5et lang tid med at sikre leverancer af de v\u00e6rnemidler, vi har brug for i hverdagen til fx tracheostomipleje. Vi er fortalt, at Danmark er lukket ned for at sikre svage grupper &#8211; og selv om jeg ikke ynder at se mig selv som svag er jeg det i sundhedsfaglig forstand.<\/p>\n\n\n\n<p>Alligevel blev jeg kostet rundt mellem instanser, hvor jeg kunne m\u00e6rke lettelsen, n\u00e5r man kunne undsige sig eget ansvar og sende aben videre. Det gjaldt b\u00e5de kommune, region og s\u00e5gar den nationale Corona-linie. Sidstn\u00e6vnte havde det meget lyriske svar &#8220;fisk&#8221;\u2026 og s\u00e5 var den lukket. <\/p>\n\n\n\n<p>Det er l\u00f8st nu. Den endte hos Respirationscenter \u00d8st, fordi jeg er respiratorbruger. Det var ikke tydeligt kommunikeret ud, hvem der havde ansvaret, og p\u00e5 et tidspunkt slog det mig, at det er dejligt med omsorgen for at beskytte os mod Corona. Men at det m\u00e5ske var OK at d\u00f8 af d\u00e5rlig hygiejne. Det er jo en anden statistik.<\/p>\n\n\n\n<p>Undervejs h\u00f8rte jeg mange s\u00f8de og velmente forslag. F.eks. at vaske og genbruge handsker eller helt at undlade handsker\u2026 Vi m\u00e5 jo alle bidrage til at overleve krisen. Det er jo mindst lige s\u00e5 godt at vaske h\u00e6nderne. Snusfornuft, men ikke gangbart n\u00e5r n\u00e5r det g\u00e6lder om at suge sekret op af lungerne\u2026<\/p>\n\n\n\n<p>Det har v\u00e6ret hektiske uger. Der er lidt mere ro p\u00e5, selv om der hele tiden kommer nyt om, hvordan situationen udvikler sig og skal tackles. Angsten forsvinder aldrig helt. Hvorn\u00e5r mon man opgiver at have omsorg for at flest muligt af os overlever og i stedet kun satser p\u00e5 de mest egnede.<\/p>\n\n\n\n<p>Roen giver plads til en yderst positiv l\u00e6ring. Langt om l\u00e6nge er vi tvunget til at kommunikere digitalt. Lidt et paradoks er, at vores handicapbev\u00e6gelse med mange, der har levet isoleret lang tid f\u00f8r der var Corona-krise, f\u00f8rst nu tager disse inkluderende medier til os. Jeg h\u00e5ber, vi udvikler det i vores videre arbejde.<\/p>\n\n\n\n<p>Nogle deler erfaringer. Vi l\u00e6ser, lytter og l\u00e6rer af hinanden. F\u00e6llesskabet rykker padadoksalt nok t\u00e6ttere sammen og skaber ny forst\u00e5else og samh\u00f8righed. For dybest set er vi, med Harald Herdals ord ukuelige mennesker &#8211; lige til det sidste\u2026<\/p>\n","protected":false},"excerpt":{"rendered":"<p>L\u00f8rdag 28. marts det menneskets \u00e5r 2020. Der er nu g\u00e5et 14 dage i frivillig ensomhed. Der er faldet mere ro over hele situationen og blevet lidt tid til tilbagel\u00e6net eftert\u00e6nksomhed. Ganske sundt. Det giver plads til nogle dagbogsblade. En &hellip; <a href=\"https:\/\/jan-jakobsen.dk\/?p=58801\">L\u00e6s resten <span class=\"meta-nav\">&rarr;<\/span><\/a><\/p>\n","protected":false},"author":3,"featured_media":0,"comment_status":"open","ping_status":"open","sticky":false,"template":"","format":"standard","meta":{"footnotes":""},"categories":[4,1],"tags":[624,882,451,886,313,887,889,888],"class_list":["post-58801","post","type-post","status-publish","format-standard","hentry","category-blog","category-uncategorized","tag-bpa","tag-covid-19","tag-hjaelper","tag-isolation","tag-respirator","tag-saerligt-udsat","tag-vagtplan","tag-vaernemidler"],"_links":{"self":[{"href":"https:\/\/jan-jakobsen.dk\/index.php?rest_route=\/wp\/v2\/posts\/58801","targetHints":{"allow":["GET"]}}],"collection":[{"href":"https:\/\/jan-jakobsen.dk\/index.php?rest_route=\/wp\/v2\/posts"}],"about":[{"href":"https:\/\/jan-jakobsen.dk\/index.php?rest_route=\/wp\/v2\/types\/post"}],"author":[{"embeddable":true,"href":"https:\/\/jan-jakobsen.dk\/index.php?rest_route=\/wp\/v2\/users\/3"}],"replies":[{"embeddable":true,"href":"https:\/\/jan-jakobsen.dk\/index.php?rest_route=%2Fwp%2Fv2%2Fcomments&post=58801"}],"version-history":[{"count":8,"href":"https:\/\/jan-jakobsen.dk\/index.php?rest_route=\/wp\/v2\/posts\/58801\/revisions"}],"predecessor-version":[{"id":60378,"href":"https:\/\/jan-jakobsen.dk\/index.php?rest_route=\/wp\/v2\/posts\/58801\/revisions\/60378"}],"wp:attachment":[{"href":"https:\/\/jan-jakobsen.dk\/index.php?rest_route=%2Fwp%2Fv2%2Fmedia&parent=58801"}],"wp:term":[{"taxonomy":"category","embeddable":true,"href":"https:\/\/jan-jakobsen.dk\/index.php?rest_route=%2Fwp%2Fv2%2Fcategories&post=58801"},{"taxonomy":"post_tag","embeddable":true,"href":"https:\/\/jan-jakobsen.dk\/index.php?rest_route=%2Fwp%2Fv2%2Ftags&post=58801"}],"curies":[{"name":"wp","href":"https:\/\/api.w.org\/{rel}","templated":true}]}}