{"id":58794,"date":"2020-03-16T05:40:48","date_gmt":"2020-03-16T04:40:48","guid":{"rendered":"http:\/\/jan-jakobsen.dk\/?p=58794"},"modified":"2024-05-04T23:50:28","modified_gmt":"2024-05-04T21:50:28","slug":"jeg-prioriterer-mangfoldighed","status":"publish","type":"post","link":"https:\/\/jan-jakobsen.dk\/?p=58794","title":{"rendered":"Jeg prioriterer mangfoldighed"},"content":{"rendered":"<div class=\"wp-block-image\">\n<figure class=\"alignleft size-large is-resized\"><img loading=\"lazy\" decoding=\"async\" width=\"620\" height=\"324\" src=\"https:\/\/jan-jakobsen.dk\/https:\/\/jan-jakobsen.dk\/wp-content\/uploads\/2020\/03\/89829696_10158029038979481_3158663367753728000_o-620x324.jpg\" alt=\"\" class=\"wp-image-58795\" style=\"width:300px\" srcset=\"https:\/\/jan-jakobsen.dk\/http:\/\/jan-jakobsen.dk\/wp-content\/uploads\/2020\/03\/89829696_10158029038979481_3158663367753728000_o-620x324.jpg 620w, https:\/\/jan-jakobsen.dk\/http:\/\/jan-jakobsen.dk\/wp-content\/uploads\/2020\/03\/89829696_10158029038979481_3158663367753728000_o-300x157.jpg 300w, https:\/\/jan-jakobsen.dk\/http:\/\/jan-jakobsen.dk\/wp-content\/uploads\/2020\/03\/89829696_10158029038979481_3158663367753728000_o.jpg 1200w\" sizes=\"auto, (max-width: 620px) 100vw, 620px\" \/><\/figure>\n<\/div>\n\n\n<p>Jeg l\u00e6ste en kommentar p\u00e5 Altinget i g\u00e5r af ansvarshsvende chefredakt\u00f8r Jakob Nielsen\u00b9.&nbsp;<\/p>\n\n\n\n<p>Hoved\u00e6rindet med indl\u00e6gget var at stille sp\u00f8rgsm\u00e5lstegn ved, hvor meget er vi villige til at betale for at redde et menneskeliv?<\/p>\n\n\n\n<!--more-->\n\n\n\n<p>P\u00e5 det udtalte plan handler indl\u00e6gget om lukningen af gr\u00e6nser. Desv\u00e6rre er der samtidigt en kraftig indikation af, at indl\u00e6gget mere eller mindre raffineret ogs\u00e5 gerne vil et spadestik dybere og endnu engang stille sp\u00f8rgsm\u00e5lstegn ved, hvem der kan betale sig i dette samfund og hvem, der ikke kan.<\/p>\n\n\n\n<p>Det ligger lige under overfladen i overskriften &#8220;Hvad er Mette Frederiksens pris p\u00e5 et reddet liv?&#8221; og bekr\u00e6ftes yderligere af uddybningen &#8220;&#8230;i takt med at indsatsen mod coronavirus bliver mere indgribende, stiger ogs\u00e5 behovet for at stille sp\u00f8rgsm\u00e5let: Hvad er prisen for at redde liv? Kan den pris blive for h\u00f8j?&#8221;<\/p>\n\n\n\n<p>Selv om den &#8220;uskyldige&#8221; kobling til gr\u00e6nselukningerne officielt er undskyldningen for indl\u00e6gget, ligger der for mig ogs\u00e5 en latent diskussion af, hvem det kan betale sig at satse p\u00e5 i dette samfund.<\/p>\n\n\n\n<p>Vi kommer ganske let tilbage til den gamle diskussion af menneskers v\u00e6rdi &#8211; en diskussion jeg efterh\u00e5nden er temmelig allergisk over for. Gang p\u00e5 gang, n\u00e5r vi oplever kriser, s\u00e5 f\u00e5r jeg den tanke, at nu er der igen nogen, der mener, at vi med handicap, er for dyre for samfundet. Jeg vil meget n\u00f8dig g\u00f8re andre til gidsler for min holdning, men det vil undre mig, om jeg var den eneste med handicap, der f\u00e5r den tanke.<\/p>\n\n\n\n<p>Koblingen bliver da ogs\u00e5 ganske hurtigt sat ind i velkendte liberalistiske socio-\u00f8konomiske rammer, der er defineret af, at &#8220;indsatsen mod coronavirus kan komme til at definere dansk \u00f8konomi og politik mange \u00e5r ude i fremtiden&#8230;&#8221; og ikke kun forholder sig til undskyldningen lukningen af gr\u00e6nser.<\/p>\n\n\n\n<p>Der er ikke noget nyt i denne diskussion og naturligvis har Mette Frederiksen og hendes r\u00e5dgivere provokeret dele af det danske samfund ved at sige, at de indsatser man nu har taget, tages for at beskytte den mest udsatte del af befolkningen.<\/p>\n\n\n\n<p>Det er kendetegnende for os danskere, at vi gerne vil vise os tolerante og \u00e5bne. Men kun til det \u00f8jeblik hvor glimtet af fare for \u00f8konomi og politik viser sig, for skarpt sagt (indr\u00f8mmet) med Jan Toftlunds ord handler det om, at &#8220;&#8230;det kan da for helvede ikke passe,\/ at det altid kun er mig, der skal betale \/ til dem, der kun har hjerne til til at nasse \/ s\u00e5 er vi fa&#8217;e&#8217;me ved at v\u00e6re for sociale&#8230;&#8221;<\/p>\n\n\n\n<p>I \u00f8jeblikket har mange af os i forvejen spekulationer i retning af, om og hvordan vi overhovedet kan overleve denne situation. Det viser mange bekymrede indl\u00e6g p\u00e5 de sociale medier.<\/p>\n\n\n\n<p>Oveni er det tydeligt, at ikke alle er enige i, at vi skal passe p\u00e5 hinanden. Nogen \u00f8nsker en anden strategi med et andet fokus. Jeg siger ikke,at det n\u00f8dvendigvis er den position, som den ansvarshavende chefredakt\u00f8r p\u00e5 Altinget deler. Jeg mener til geng\u00e6ld at kommentaren har uheldige undertoner, der indikerer en helt anden debat end gr\u00e6nseovergange.<\/p>\n\n\n\n<p>\u00b9Du kan l\u00e6se Jakob Jensens kommentar her: <a href=\"https:\/\/www.altinget.dk\/forfatter.aspx?id=4967\">https:\/\/www.altinget.dk\/forfatter.aspx?id=4967<\/a> <\/p>\n","protected":false},"excerpt":{"rendered":"<p>Jeg l\u00e6ste en kommentar p\u00e5 Altinget i g\u00e5r af ansvarshsvende chefredakt\u00f8r Jakob Nielsen\u00b9.&nbsp; Hoved\u00e6rindet med indl\u00e6gget var at stille sp\u00f8rgsm\u00e5lstegn ved, hvor meget er vi villige til at betale for at redde et menneskeliv?<\/p>\n","protected":false},"author":3,"featured_media":0,"comment_status":"open","ping_status":"open","sticky":false,"template":"","format":"standard","meta":{"footnotes":""},"categories":[1],"tags":[],"class_list":["post-58794","post","type-post","status-publish","format-standard","hentry","category-uncategorized"],"_links":{"self":[{"href":"https:\/\/jan-jakobsen.dk\/index.php?rest_route=\/wp\/v2\/posts\/58794","targetHints":{"allow":["GET"]}}],"collection":[{"href":"https:\/\/jan-jakobsen.dk\/index.php?rest_route=\/wp\/v2\/posts"}],"about":[{"href":"https:\/\/jan-jakobsen.dk\/index.php?rest_route=\/wp\/v2\/types\/post"}],"author":[{"embeddable":true,"href":"https:\/\/jan-jakobsen.dk\/index.php?rest_route=\/wp\/v2\/users\/3"}],"replies":[{"embeddable":true,"href":"https:\/\/jan-jakobsen.dk\/index.php?rest_route=%2Fwp%2Fv2%2Fcomments&post=58794"}],"version-history":[{"count":4,"href":"https:\/\/jan-jakobsen.dk\/index.php?rest_route=\/wp\/v2\/posts\/58794\/revisions"}],"predecessor-version":[{"id":60269,"href":"https:\/\/jan-jakobsen.dk\/index.php?rest_route=\/wp\/v2\/posts\/58794\/revisions\/60269"}],"wp:attachment":[{"href":"https:\/\/jan-jakobsen.dk\/index.php?rest_route=%2Fwp%2Fv2%2Fmedia&parent=58794"}],"wp:term":[{"taxonomy":"category","embeddable":true,"href":"https:\/\/jan-jakobsen.dk\/index.php?rest_route=%2Fwp%2Fv2%2Fcategories&post=58794"},{"taxonomy":"post_tag","embeddable":true,"href":"https:\/\/jan-jakobsen.dk\/index.php?rest_route=%2Fwp%2Fv2%2Ftags&post=58794"}],"curies":[{"name":"wp","href":"https:\/\/api.w.org\/{rel}","templated":true}]}}