{"id":58774,"date":"2020-01-26T13:56:00","date_gmt":"2020-01-26T12:56:00","guid":{"rendered":"http:\/\/jan-jakobsen.dk\/?p=58774"},"modified":"2024-05-04T23:55:44","modified_gmt":"2024-05-04T21:55:44","slug":"ikke-hoere-om-ikke-tale-om-ikke-se-paa","status":"publish","type":"post","link":"https:\/\/jan-jakobsen.dk\/?p=58774","title":{"rendered":"Ikke h\u00f8re om, ikke tale om, ikke se p\u00e5"},"content":{"rendered":"<div class=\"wp-block-image\">\n<figure class=\"alignleft size-large is-resized\"><img loading=\"lazy\" decoding=\"async\" width=\"620\" height=\"410\" src=\"https:\/\/jan-jakobsen.dk\/https:\/\/jan-jakobsen.dk\/wp-content\/uploads\/2020\/01\/1725120_M-620x410.jpg\" alt=\"\" class=\"wp-image-58776\" style=\"width:300px\" srcset=\"https:\/\/jan-jakobsen.dk\/http:\/\/jan-jakobsen.dk\/wp-content\/uploads\/2020\/01\/1725120_M-620x410.jpg 620w, https:\/\/jan-jakobsen.dk\/http:\/\/jan-jakobsen.dk\/wp-content\/uploads\/2020\/01\/1725120_M-300x199.jpg 300w, https:\/\/jan-jakobsen.dk\/http:\/\/jan-jakobsen.dk\/wp-content\/uploads\/2020\/01\/1725120_M.jpg 1280w\" sizes=\"auto, (max-width: 620px) 100vw, 620px\" \/><\/figure>\n<\/div>\n\n\n<p>Politisk har vi i mange henseender brug for en anden tilgang til handicap. Ikke fordi dette skal v\u00e6re endnu en klagesang, men fordi vi alt for ofte f\u00f8ler os t\u00e5lt mere end respekteret. Tror mange med handicap, uanset om synligt eller ej, kender til denne fornemmelse: ikke at v\u00e6re prioriteret menneskeligt, \u00f8konomisk eller samfundsm\u00e6ssigt. Kun t\u00e5lt\u2026 for vi er jo humanister?<\/p>\n\n\n\n<!--more-->\n\n\n\n<p>Mit liv er fyldt med glimt af det. F.eks. n\u00e5r der kom en ny hjemmehj\u00e6lper, mens jeg klarede mig med hj\u00e6lp p\u00e5 bestemte tider, og gerne ville virke lidt interesseret i &#8220;mit liv&#8221;. Det aff\u00f8dte ofte sp\u00f8rgsm\u00e5l i retning af: &#8220;Hvad f\u00e5r du s\u00e5 tiden til at g\u00e5 med [og nogle gange med tilf\u00f8jelsen der blev prikken over i&#8217;et]: \u2026lille ven\u2026&#8221;. Vred? Nej, men en opgave at \u00e6ndre opfattelsen af at hj\u00e6lpe og v\u00e6re hjulpet.<\/p>\n\n\n\n<p>Ofte har jeg v\u00e6ret vidne til, n\u00e5r jeg k\u00f8rer gennem vores by, at b\u00f8rn har kigget interesseret b\u00e5de p\u00e5 min k\u00f8restol og den lille sk\u00e6ve mand med det store hoved i den. Med n\u00e6sten lige s\u00e5 stor sikkerhed en far eller mor, der n\u00e6rmest vrider nakken af led p\u00e5 det stakkels barn og taler febrilsk for at undg\u00e5 det uundg\u00e5elige sp\u00f8rgsm\u00e5l: &#8220;hvad er det?&#8221;. Kr\u00e6nket? Nej, bare urolig for, hvad der sker med det stakkels barn, der h\u00e5rdh\u00e6ndet f\u00e5r l\u00e6rt at at vende ryggen til det ukendte.<\/p>\n\n\n\n<p>Eller n\u00e5r en besk\u00e6ftigelsesminister i 2012 stiller sig op og fort\u00e6ller, hvor mange f\u00f8rtidspensionister, der lukrerer p\u00e5 samfundet og godt kunne arbejde\u2026 eller hvor lukrativt det var at v\u00e6re i fleksjob. S\u00e5 det blev der lavet om p\u00e5. Resultatet er yderligere deklassering og fattigg\u00f8relse af en meget stor gruppe med handicap &#8211; der stadig st\u00e5r uden for arbejdsmarkedet. Urolig? Ja, for er det godt politisk h\u00e5ndv\u00e6rk eller er ministeren bare et af de b\u00f8rn, der fik vredet nakken af led og nu blot reproducerer sin barndoms kultur?<\/p>\n\n\n\n<p>Eller n\u00e5r samme besk\u00e6ftigelsesminister erobrer magten som statsminister og hun og hendes parti, dybt inficeret af borgerlig tankegang, ikke siger, men praktiserer, at vi alle skal kunne betale os \u00f8konomisk for at have samfundsm\u00e6ssig v\u00e6rdi. Stadig med hovedet vredet af led og uden reelle handlinger for at \u00e6ndre egen fortids synder. Evalueringen af handicap henvises til en syltekrukke kaldet kommission, arbejdsgruppe eller et nyere trendy ord for samme. Frustreret? Nej, men i tvivl om hvad menes med fremtids m\u00e5l andet end reproduktion af det borgerlige samfunds \u00f8konomiske v\u00e6rdier, racisme og underkendelse af den v\u00e6rdi, der er i at v\u00e6re her som menneske i et f\u00e6llesskab. <\/p>\n\n\n\n<p>Eller n\u00e5r politikere st\u00e5r p\u00e5 Folketingets talerstol og and\u00e6gtigt diskuterer sundhedspolitiske prioriteringer, som det skete forleden. N\u00e6sten alle ud fra en ren \u00f8konomisk prioritering af hvem der kan betale sig \u00f8konomisk og hvem, der er for dyre at behandle. De ser ikke menneskene, det handler om og som man &#8220;leger med&#8221;\u2026 for vi taber i det \u00f8konomiske system, der hersker i dag. Men selv i dag m\u00e5 vi i sm\u00e5 sygdomsgrupper have rettigheder. For der er kommet behandling til, som allerede nu anerkendes i resten af Europa, men ikke i lille Danmark og slet ikke inden for Borgens sk\u00e6rmende mure. Skuffet? S\u00e5 absolut.<\/p>\n\n\n\n<p>Vi \u00e6ndrer ikke kultur s\u00e5 hurtigt som kapitalismens udvikler sig. Et menneskesyn b\u00e5ret hen over generationer er sv\u00e6rt at \u00e6ndre. Tr\u00e6t? B\u00e5de ja og nej. Men med tanken: det skal \u00e6ndres hvis menneskene skal sejre. Er politikere i dag blot degraderet til gidsler i et \u00f8konomisk system, hvor der hersker en kultur, der bygger p\u00e5 &#8220;ikke h\u00f8re om&#8221;, &#8220;ikke tale om&#8221; og &#8220;ikke se p\u00e5&#8221; og som ikke anerkender det enkelte menneskes unikke v\u00e6rdi?<\/p>\n\n\n\n<p><\/p>\n","protected":false},"excerpt":{"rendered":"<p>Politisk har vi i mange henseender brug for en anden tilgang til handicap. Ikke fordi dette skal v\u00e6re endnu en klagesang, men fordi vi alt for ofte f\u00f8ler os t\u00e5lt mere end respekteret. Tror mange med handicap, uanset om synligt &hellip; <a href=\"https:\/\/jan-jakobsen.dk\/?p=58774\">L\u00e6s resten <span class=\"meta-nav\">&rarr;<\/span><\/a><\/p>\n","protected":false},"author":3,"featured_media":0,"comment_status":"open","ping_status":"open","sticky":false,"template":"","format":"standard","meta":{"footnotes":""},"categories":[4,1],"tags":[894,177,218,178,759,858],"class_list":["post-58774","post","type-post","status-publish","format-standard","hentry","category-blog","category-uncategorized","tag-handicapkapitalisme","tag-fleksjob","tag-fortidspension","tag-handicap-2","tag-kultur","tag-medicinsk-behandling"],"_links":{"self":[{"href":"https:\/\/jan-jakobsen.dk\/index.php?rest_route=\/wp\/v2\/posts\/58774","targetHints":{"allow":["GET"]}}],"collection":[{"href":"https:\/\/jan-jakobsen.dk\/index.php?rest_route=\/wp\/v2\/posts"}],"about":[{"href":"https:\/\/jan-jakobsen.dk\/index.php?rest_route=\/wp\/v2\/types\/post"}],"author":[{"embeddable":true,"href":"https:\/\/jan-jakobsen.dk\/index.php?rest_route=\/wp\/v2\/users\/3"}],"replies":[{"embeddable":true,"href":"https:\/\/jan-jakobsen.dk\/index.php?rest_route=%2Fwp%2Fv2%2Fcomments&post=58774"}],"version-history":[{"count":5,"href":"https:\/\/jan-jakobsen.dk\/index.php?rest_route=\/wp\/v2\/posts\/58774\/revisions"}],"predecessor-version":[{"id":60273,"href":"https:\/\/jan-jakobsen.dk\/index.php?rest_route=\/wp\/v2\/posts\/58774\/revisions\/60273"}],"wp:attachment":[{"href":"https:\/\/jan-jakobsen.dk\/index.php?rest_route=%2Fwp%2Fv2%2Fmedia&parent=58774"}],"wp:term":[{"taxonomy":"category","embeddable":true,"href":"https:\/\/jan-jakobsen.dk\/index.php?rest_route=%2Fwp%2Fv2%2Fcategories&post=58774"},{"taxonomy":"post_tag","embeddable":true,"href":"https:\/\/jan-jakobsen.dk\/index.php?rest_route=%2Fwp%2Fv2%2Ftags&post=58774"}],"curies":[{"name":"wp","href":"https:\/\/api.w.org\/{rel}","templated":true}]}}