{"id":58663,"date":"2019-07-04T04:02:25","date_gmt":"2019-07-04T02:02:25","guid":{"rendered":"http:\/\/jan-jakobsen.dk\/?p=58663"},"modified":"2024-05-05T00:06:32","modified_gmt":"2024-05-04T22:06:32","slug":"indlaeg-i-debat-om-aktiv-doedshjaelp-paa-tv-oest","status":"publish","type":"post","link":"https:\/\/jan-jakobsen.dk\/?p=58663","title":{"rendered":"Indl\u00e6g i debat om aktiv d\u00f8dshj\u00e6lp p\u00e5 TV-\u00d8st"},"content":{"rendered":"<div class=\"wp-block-image\">\n<figure class=\"alignleft is-resized\"><img loading=\"lazy\" decoding=\"async\" width=\"1280\" height=\"847\" src=\"https:\/\/jan-jakobsen.dk\/https:\/\/jan-jakobsen.dk\/wp-content\/uploads\/2019\/07\/3156176_m1800581962378831298.jpg\" alt=\"\" class=\"wp-image-58665\" style=\"width:300px\" srcset=\"https:\/\/jan-jakobsen.dk\/http:\/\/jan-jakobsen.dk\/wp-content\/uploads\/2019\/07\/3156176_m1800581962378831298.jpg 1280w, https:\/\/jan-jakobsen.dk\/http:\/\/jan-jakobsen.dk\/wp-content\/uploads\/2019\/07\/3156176_m1800581962378831298-300x199.jpg 300w, https:\/\/jan-jakobsen.dk\/http:\/\/jan-jakobsen.dk\/wp-content\/uploads\/2019\/07\/3156176_m1800581962378831298-620x410.jpg 620w\" sizes=\"auto, (max-width: 1280px) 100vw, 1280px\" \/><\/figure>\n<\/div>\n\n\n<p><cite style=\"font-style: normal;\">I \u00f8jeblikket k\u00f8rer en debat om aktiv d\u00f8dshj\u00e6lp p\u00e5 Tv-\u00d8st. I forbindelse med en artikel om Janus Tarp, der som jeg er tilh\u00e6nger af aktiv livshj\u00e6lp, har jeg skrevet en l\u00e6ngere kommentar, som jeg ogs\u00e5 deler her som blogindl\u00e6g. Du finder et link til artiklen om Janus Tarp nederst i indl\u00e6gget. <\/cite><\/p>\n\n\n\n<p>Jeg har som Janus Tarp selv dilemmaerne omkring aktiv d\u00f8dshj\u00e6lp t\u00e6t inde p\u00e5 livet. Jeg har selv muskelsvind og har i snart 10 \u00e5r v\u00e6ret respiratorbruger &#8211; alts\u00e5 i en s\u00e5kaldt livsforl\u00e6ngende behandling. Jeg er meget enig med Janus Tarp i, at det mere handler om aktiv livshj\u00e6lp end om aktiv d\u00f8dshj\u00e6lp, n\u00e5r man ser det ud fra en samfundsm\u00e6ssig vinkel &#8211; og det er vi n\u00f8dt til, n\u00e5r vi skal tage stilling til et s\u00e5 f\u00f8lsomt emne som aktiv d\u00f8dshj\u00e6lp.<\/p>\n\n\n\n<!--more-->\n\n\n\n<p><br>Ser vi p\u00e5 fort\u00e6llingerne om \u00f8nsket om at d\u00f8, s\u00e5 kan man godt forfalde til at mene, at selvf\u00f8lgelig skal man have retten til at bestemme over sit eget liv. Men det bliver straks en helt anden sag, i det \u00f8jeblik vi inddrager staten i at organisere d\u00f8den for grupper af mennesker. Det bliver uendelig meget mere kompliceret i det \u00f8jeblik vi skal opstille nogle rammer for det.<\/p>\n\n\n\n<p>Jeg har selv v\u00e6ret medstifter af gruppen &#8220;IKKE D\u00d8D ENDNU&#8221; og aktiv i debatten om aktiv d\u00f8dshj\u00e6lp fordi vi anser det for problematisk at inddrage staten (vi kan ogs\u00e5 kalde det samfundet eller f\u00e6llesskabet) i at medvirke til selvmord. Jeg vil ikke kommentere p\u00e5 de enkelte beretninger, der har startet denne debat, men mere generelt kommentere p\u00e5 nogle situationer, der kan v\u00e6re med til at fremme \u00f8nsket om aktiv d\u00f8dshj\u00e6lp.<\/p>\n\n\n\n<p>\u00d8nsket om aktiv d\u00f8dshj\u00e6lp kan bl.a. opst\u00e5 i situationer, hvor man pludseligt bliver udsat for kritisk og st\u00e6rkt invaliderende sygdom, som helt naturligt er st\u00e6rkt angstprovokerende og hvor man f\u00e5r sv\u00e6rt ved at leve med den \u00e5benlys nye situation, det medf\u00f8rer. I den situation er det naturligt letteste at se sig selv som d\u00f8d b\u00e5de fordi man er i krise og fordi ens omgivelser ogs\u00e5 har sv\u00e6rt ved at leve med, at ens n\u00e6rmeste befinder sig i denne situation og ikke er i stand til positivt at bidrage til et andet syn. Det g\u00f8r ondt at se, at nogen man holder af kun har et \u00f8nske om at d\u00f8, og de n\u00e6rmeste kommer ogs\u00e5 selv i krise.<\/p>\n\n\n\n<p>Dette er kun et enkelt eksempel p\u00e5, hvordan man kommer frem til, at det er lettere at d\u00f8 end at leve. Et af de helt store sp\u00f8rgsm\u00e5l er, om livet bliver valgt fra, fordi det er for sv\u00e6rt at overskue, mere end d\u00f8den er et &#8220;positivt&#8221; tilvalg. Netop her er det vigtigt med indsatser for aktiv livshj\u00e6lp, som Janus Tarp ogs\u00e5 taler om, end at underst\u00f8tte \u00f8nsket om at d\u00f8.<\/p>\n\n\n\n<p>Fra unders\u00f8gelser i nogle af de lande, der har indf\u00f8rt aktiv d\u00f8dshj\u00e6lp ved vi, at der er to yderligere v\u00e6sentlige elementer, der spiller ind p\u00e5 menneskers valg af d\u00f8den. Det ene er angsten for at ligge p\u00e5r\u00f8rende (eller samfundet) til last. Det andet er angsten for smerter i tilf\u00e6lde af sygdom, der netop kan give smerter, hvis der ikke s\u00e6ttes ind med en relevant palliativ behandling. Begge de to aspekter er ofte igen et fravalg af livet med udgangspunkt i angst for livet end det er et sp\u00f8rgsm\u00e5l om at \u00f8nske d\u00f8den inderligt.<\/p>\n\n\n\n<p>Det allervigtigste sp\u00f8rgsm\u00e5l for mig i debatten om aktiv d\u00f8dshj\u00e6lp er den involvering af staten som aktiv part i at hj\u00e6lpe mennesker til at d\u00f8 &#8211; at aktiv d\u00f8dshj\u00e6lp bliver institutionaliseret som et tilbud for mennesker, der af den ene eller den anden grund ikke \u00f8nsker at leve mere.<\/p>\n\n\n\n<p>Der vil v\u00e6re tale om en glidebane, som ikke vil v\u00e6re til at styre uanset hvor mange instanser og institutioner og samtaler vi indf\u00f8rer for at sikre, at det nu er et dybf\u00f8lt \u00f8nske for den enkelte at d\u00f8. Det er og bliver meget sv\u00e6rt at n\u00e5 til bunds i. Det i sig selv vil kr\u00e6ve mange ressourcer, der efter min mening vil v\u00e6re brugt bedre p\u00e5 at skabe et v\u00e6rdig liv end en hurtig d\u00f8d.<\/p>\n\n\n\n<p>For mig er der ogs\u00e5 det overliggende problem, at vi generelt ikke ser alle mennesker som nogle, der i en eller anden form kan bidrage til samfundet. Vores generelle menneskesyn fjerner sig mere og mere fra at se mennesker som v\u00e6rdifulde i sig selv. I stedet ser vi i stadig stigende grad mennesker ud fra vores v\u00e6rdi som arbejdskraft p\u00e5 et marked.<\/p>\n\n\n\n<p>Den \u00f8konomiske konsekvens er, at vi stadig mere overvejer, hvem det kan betale sig at investere i samfunds\u00f8konomisk. En direkte konsekvens af konkurrencestaten. Det smitter helt naturligt af p\u00e5 socialpolitikken og handicappolitikken. Ogs\u00e5 det spiller ind p\u00e5 debatten om aktiv d\u00f8dshj\u00e6lp: d\u00e5rligere sociale muligheder og mangel p\u00e5 hj\u00e6lp til at leve et v\u00e6rdig liv kan ofte spille ind p\u00e5 \u00f8nsket om at d\u00f8.<\/p>\n\n\n\n<p>Selve den m\u00e5de vi organiserer vores samfund p\u00e5 med en stadig tydeligere vurdering af menneskers samfundsm\u00e6ssige v\u00e6rdi alt efter arbejdsevne rammer lige ind i debatten om aktiv d\u00f8dshj\u00e6lp og underst\u00f8tter den glidebane, der vil v\u00e6re tale om.<\/p>\n\n\n\n<p>Jeg har i tidens l\u00f8b skrevet en r\u00e6kke debatindl\u00e6g og blogindl\u00e6g, der kan findes p\u00e5 min hjemmeside <a href=\"https:\/\/l.facebook.com\/l.php?u=http%3A%2F%2Fwww.jan-jakobsen.dk%2F&amp;h=AT19YtwtBIDjZQzwkdLqEuRGmi_ZGepMoYN9qNHb6fznR20PpK1dCmvTQzwC4YAGIeQ43uQZdna5mVj_DmX90uQAHCb3fqWQlxNRjijE5ntLOshifACS3zLn3v88cba4U-M7PA9HWtAWXDeiPKOV\" target=\"_blank\" rel=\"nofollow noopener noreferrer\" data-lynx-mode=\"hover\">www.jan-jakobsen.dk<\/a>, der kommer meget mere detaljeret ind i debatten.<\/p>\n\n\n\n<p>Link til artiklen om Janus Tarp p\u00e5 Tv-\u00d8st hjemmeside: <a href=\"https:\/\/www.tv2east.dk\/artikel\/janus-er-lam-fra-halsen-og-ned-jeg-gaar-ind-aktiv-livshjaelp-og-ikke-aktiv-doedshjaelp\" target=\"_blank\" rel=\"noopener noreferrer\">klik her<\/a><\/p>\n","protected":false},"excerpt":{"rendered":"<p>I \u00f8jeblikket k\u00f8rer en debat om aktiv d\u00f8dshj\u00e6lp p\u00e5 Tv-\u00d8st. I forbindelse med en artikel om Janus Tarp, der som jeg er tilh\u00e6nger af aktiv livshj\u00e6lp, har jeg skrevet en l\u00e6ngere kommentar, som jeg ogs\u00e5 deler her som blogindl\u00e6g. Du &hellip; <a href=\"https:\/\/jan-jakobsen.dk\/?p=58663\">L\u00e6s resten <span class=\"meta-nav\">&rarr;<\/span><\/a><\/p>\n","protected":false},"author":3,"featured_media":0,"comment_status":"open","ping_status":"open","sticky":false,"template":"","format":"standard","meta":{"footnotes":""},"categories":[4,762,1],"tags":[607,867,387],"class_list":["post-58663","post","type-post","status-publish","format-standard","hentry","category-blog","category-debat-om-aktiv-doedshjaelp","category-uncategorized","tag-aktiv-doedshjaelp","tag-aktiv-livshjaelp","tag-konkurrencestat"],"_links":{"self":[{"href":"https:\/\/jan-jakobsen.dk\/index.php?rest_route=\/wp\/v2\/posts\/58663","targetHints":{"allow":["GET"]}}],"collection":[{"href":"https:\/\/jan-jakobsen.dk\/index.php?rest_route=\/wp\/v2\/posts"}],"about":[{"href":"https:\/\/jan-jakobsen.dk\/index.php?rest_route=\/wp\/v2\/types\/post"}],"author":[{"embeddable":true,"href":"https:\/\/jan-jakobsen.dk\/index.php?rest_route=\/wp\/v2\/users\/3"}],"replies":[{"embeddable":true,"href":"https:\/\/jan-jakobsen.dk\/index.php?rest_route=%2Fwp%2Fv2%2Fcomments&post=58663"}],"version-history":[{"count":7,"href":"https:\/\/jan-jakobsen.dk\/index.php?rest_route=\/wp\/v2\/posts\/58663\/revisions"}],"predecessor-version":[{"id":60283,"href":"https:\/\/jan-jakobsen.dk\/index.php?rest_route=\/wp\/v2\/posts\/58663\/revisions\/60283"}],"wp:attachment":[{"href":"https:\/\/jan-jakobsen.dk\/index.php?rest_route=%2Fwp%2Fv2%2Fmedia&parent=58663"}],"wp:term":[{"taxonomy":"category","embeddable":true,"href":"https:\/\/jan-jakobsen.dk\/index.php?rest_route=%2Fwp%2Fv2%2Fcategories&post=58663"},{"taxonomy":"post_tag","embeddable":true,"href":"https:\/\/jan-jakobsen.dk\/index.php?rest_route=%2Fwp%2Fv2%2Ftags&post=58663"}],"curies":[{"name":"wp","href":"https:\/\/api.w.org\/{rel}","templated":true}]}}