{"id":5856,"date":"2016-04-17T16:56:07","date_gmt":"2016-04-17T14:56:07","guid":{"rendered":"http:\/\/jan-jakobsen.dk\/?p=5856"},"modified":"2016-04-17T21:06:46","modified_gmt":"2016-04-17T19:06:46","slug":"isak-kornerup-houe-derfor-stemmer-jeg-paa-jan","status":"publish","type":"post","link":"https:\/\/jan-jakobsen.dk\/?p=5856","title":{"rendered":"Isak Kornerup Houe &#8211; derfor stemmer jeg p\u00e5 Jan"},"content":{"rendered":"<p>Det er et par meget store sko, der skal fyldes. Men lige siden Jan Jakobsen meldte ud, at han kandiderede til posten har jeg v\u00e6ret tryg ved, at vi f\u00e5r en god mand ved roret.<!--more--><\/p>\n<p>Der sker meget handicappolitisk i de her \u00e5r. Og det er helt afg\u00f8rende, at Muskelsvindfonden har en formand, der b\u00e5de har politisk slagkraft og kender det pragmatiske h\u00e5ndv\u00e6rk, det ogs\u00e5 er, at v\u00e6re handicappolitiker. Det kr\u00e6ver erfaring, b\u00e5de med handicappolitik og med \u2019almindelig politik\u2019. Og det kr\u00e6ver, at man form\u00e5r at holde sine personlige partipolitiske holdninger adskilt fra sin handicappolitik.<\/p>\n<p><span class=\"text_exposed_show\">Jeg har arbejdet sammen med Jan i Muskelsvindfondens bestyrelse. Og jeg ved, at han har det, der skal til. Nogle kender ham m\u00e5ske som en lidt r\u00f8d en p\u00e5 facebook og i byr\u00e5det. Men i handicappolitik er han benh\u00e5rd, professionel og ikke bange for at samarbejde p\u00e5 tv\u00e6rs af ideologi og politik. Det er det, som fonden har brug for og derfor er jeg sikker p\u00e5, at han vil blive den st\u00e6rke handicappolitiske formand, Muskelsvindfonden har brug for.<\/span><\/p>\n","protected":false},"excerpt":{"rendered":"<p>Det er et par meget store sko, der skal fyldes. Men lige siden Jan Jakobsen meldte ud, at han kandiderede til posten har jeg v\u00e6ret tryg ved, at vi f\u00e5r en god mand ved roret.<\/p>\n","protected":false},"author":3,"featured_media":0,"comment_status":"open","ping_status":"open","sticky":false,"template":"","format":"standard","meta":{"footnotes":""},"categories":[530],"tags":[],"class_list":["post-5856","post","type-post","status-publish","format-standard","hentry","category-formandsvalg-muskelsvindfonden-derfor-stemmer-jeg-paa-jan"],"_links":{"self":[{"href":"https:\/\/jan-jakobsen.dk\/index.php?rest_route=\/wp\/v2\/posts\/5856","targetHints":{"allow":["GET"]}}],"collection":[{"href":"https:\/\/jan-jakobsen.dk\/index.php?rest_route=\/wp\/v2\/posts"}],"about":[{"href":"https:\/\/jan-jakobsen.dk\/index.php?rest_route=\/wp\/v2\/types\/post"}],"author":[{"embeddable":true,"href":"https:\/\/jan-jakobsen.dk\/index.php?rest_route=\/wp\/v2\/users\/3"}],"replies":[{"embeddable":true,"href":"https:\/\/jan-jakobsen.dk\/index.php?rest_route=%2Fwp%2Fv2%2Fcomments&post=5856"}],"version-history":[{"count":4,"href":"https:\/\/jan-jakobsen.dk\/index.php?rest_route=\/wp\/v2\/posts\/5856\/revisions"}],"predecessor-version":[{"id":5866,"href":"https:\/\/jan-jakobsen.dk\/index.php?rest_route=\/wp\/v2\/posts\/5856\/revisions\/5866"}],"wp:attachment":[{"href":"https:\/\/jan-jakobsen.dk\/index.php?rest_route=%2Fwp%2Fv2%2Fmedia&parent=5856"}],"wp:term":[{"taxonomy":"category","embeddable":true,"href":"https:\/\/jan-jakobsen.dk\/index.php?rest_route=%2Fwp%2Fv2%2Fcategories&post=5856"},{"taxonomy":"post_tag","embeddable":true,"href":"https:\/\/jan-jakobsen.dk\/index.php?rest_route=%2Fwp%2Fv2%2Ftags&post=5856"}],"curies":[{"name":"wp","href":"https:\/\/api.w.org\/{rel}","templated":true}]}}