{"id":5853,"date":"2016-04-17T16:48:05","date_gmt":"2016-04-17T14:48:05","guid":{"rendered":"http:\/\/jan-jakobsen.dk\/?p=5853"},"modified":"2016-04-17T16:48:05","modified_gmt":"2016-04-17T14:48:05","slug":"torben-madsen-derfor-stemmer-jeg-paa-jan","status":"publish","type":"post","link":"https:\/\/jan-jakobsen.dk\/?p=5853","title":{"rendered":"Torben Madsen &#8211; derfor stemmer jeg p\u00e5 Jan"},"content":{"rendered":"<p>Nu n\u00e6rmere vores landsm\u00f8de sig. I \u00e5r sker der noget us\u00e6dvanligt i Mu<span class=\"text_exposed_show\">skelsvindfonden, vi skal v\u00e6lge ny formand. For nogen er det ikke en overraskelse, men jeg vil gerne opfordre til at stemme p\u00e5 Jan Jakobsen. Jan og jeg har kendt hinanden siden midt 70\u2019erne. <\/span><!--more--><\/p>\n<p><span class=\"text_exposed_show\">Jan har handicappolitik som et centralt focus omr\u00e5de. Han g\u00e5r ind for at vores forening skal v\u00e6re en forening der samler os, ikke som det er nu hvor tendensen er at vi putter os i forskellige diagnosegrupper og tro at den ene diagnose er viktiger end de andre. <\/span><\/p>\n<p><span class=\"text_exposed_show\">Hele Jans voksne liv har, han i en eller anden grad, v\u00e6ret tilknyttet arbejdsmarked. Med den m\u00e5de der f\u00f8res politik p\u00e5 nu om stunder, har det meget stor vigtighed at vi f\u00e5r en formand som har fingeren p\u00e5 pulsen. Har en samlende kraft. Men vigtigst af alt er at Jan er det bedste bud p\u00e5 en formand som magter opgaven og magter at l\u00f8fte \u2019arven\u2019.<\/span><\/p>\n","protected":false},"excerpt":{"rendered":"<p>Nu n\u00e6rmere vores landsm\u00f8de sig. I \u00e5r sker der noget us\u00e6dvanligt i Muskelsvindfonden, vi skal v\u00e6lge ny formand. For nogen er det ikke en overraskelse, men jeg vil gerne opfordre til at stemme p\u00e5 Jan Jakobsen. Jan og jeg har &hellip; <a href=\"https:\/\/jan-jakobsen.dk\/?p=5853\">L\u00e6s resten <span class=\"meta-nav\">&rarr;<\/span><\/a><\/p>\n","protected":false},"author":3,"featured_media":0,"comment_status":"open","ping_status":"open","sticky":false,"template":"","format":"standard","meta":{"footnotes":""},"categories":[530,1],"tags":[],"class_list":["post-5853","post","type-post","status-publish","format-standard","hentry","category-formandsvalg-muskelsvindfonden-derfor-stemmer-jeg-paa-jan","category-uncategorized"],"_links":{"self":[{"href":"https:\/\/jan-jakobsen.dk\/index.php?rest_route=\/wp\/v2\/posts\/5853","targetHints":{"allow":["GET"]}}],"collection":[{"href":"https:\/\/jan-jakobsen.dk\/index.php?rest_route=\/wp\/v2\/posts"}],"about":[{"href":"https:\/\/jan-jakobsen.dk\/index.php?rest_route=\/wp\/v2\/types\/post"}],"author":[{"embeddable":true,"href":"https:\/\/jan-jakobsen.dk\/index.php?rest_route=\/wp\/v2\/users\/3"}],"replies":[{"embeddable":true,"href":"https:\/\/jan-jakobsen.dk\/index.php?rest_route=%2Fwp%2Fv2%2Fcomments&post=5853"}],"version-history":[{"count":2,"href":"https:\/\/jan-jakobsen.dk\/index.php?rest_route=\/wp\/v2\/posts\/5853\/revisions"}],"predecessor-version":[{"id":5855,"href":"https:\/\/jan-jakobsen.dk\/index.php?rest_route=\/wp\/v2\/posts\/5853\/revisions\/5855"}],"wp:attachment":[{"href":"https:\/\/jan-jakobsen.dk\/index.php?rest_route=%2Fwp%2Fv2%2Fmedia&parent=5853"}],"wp:term":[{"taxonomy":"category","embeddable":true,"href":"https:\/\/jan-jakobsen.dk\/index.php?rest_route=%2Fwp%2Fv2%2Fcategories&post=5853"},{"taxonomy":"post_tag","embeddable":true,"href":"https:\/\/jan-jakobsen.dk\/index.php?rest_route=%2Fwp%2Fv2%2Ftags&post=5853"}],"curies":[{"name":"wp","href":"https:\/\/api.w.org\/{rel}","templated":true}]}}