{"id":5698,"date":"2016-04-01T18:48:12","date_gmt":"2016-04-01T16:48:12","guid":{"rendered":"http:\/\/jan-jakobsen.dk\/?p=5698"},"modified":"2016-04-09T15:07:44","modified_gmt":"2016-04-09T13:07:44","slug":"nogle-grunde-til-at-jeg-stiller-op","status":"publish","type":"post","link":"https:\/\/jan-jakobsen.dk\/?p=5698","title":{"rendered":"Vigtige grunde til at jeg stiller op til formand i Muskelsvindfonden"},"content":{"rendered":"<div><\/div>\n<p><em>Her er nogle af mine mange grunde til at stille op til formand i Muskelsvindfonden:<\/em><\/p>\n<p><b>En forening p\u00e5 tv\u00e6rs<\/b><\/p>\n<p>Vi samler medlemmerne og vil \u201cPlads til forskelle\u201d uanset om vi hver is\u00e6r g\u00e5r, sidder eller ligger. Vi skal udvikle tilbud til alle medlemmer og f.eks. ogs\u00e5 sikre plads til de, der har sv\u00e6rt ved at komme rundt i landet.<!--more--><\/p>\n<p><b>B\u00f8rn med handicap<\/b><\/p>\n<p>Hj\u00e6lpen til b\u00f8rnene skal ses i en helhed. Inklusion skal styrke dem b\u00e5de socialt og fagligt og skal ikke v\u00e6re for at spare. Vi skal sikre, at den lange dag i skolen tager h\u00f8jde for behov for ekstra hvile.<\/p>\n<p><b>St\u00e6rke og uafh\u00e6ngige<\/b><\/p>\n<p>Vi er st\u00e6rke og vil hele tiden udvikle vores arbejde for et godt liv med sygdom og handicap. Vi er \u00f8konomisk uafh\u00e6ngige og samler ind p\u00e5 nye m\u00e5der, der bygger p\u00e5 \u201cnoget for noget&#8221; og stadig styrker os. Vi viser, at plads til forskelle g\u00e5r h\u00e5nd i h\u00e5nd med, at vi tjener vores egne penge. Vi g\u00f8r Musholm til vores social\u00f8konomiske \u201ckraftcenter\u201d.<\/p>\n<p><b>Retssikkerhed<\/b><\/p>\n<p>Vi skal st\u00f8tte vore medlemmer over for b\u00e5de kommune og ankesystem. Vi vil v\u00e6re aktive ude i kommunerne for at sikre bedre sagsbehandling.<\/p>\n<div><b>Alle diagnoser skal med<\/b><\/div>\n<p>Nogle grupper blandt os har brug for s\u00e6rlig st\u00f8tte. ALS et \u00e9t eksempel. V\u00e6rdig pleje, kommunikation og indflydelse er vigtigt for et liv i respekt. Nogle har et handicap &#8211; andre opfatter sig som syge. G\u00e5ende er en anden gruppe. Her er et andet fokus. Vi skal rumme det hele.<\/p>\n<p><b>Serviceloven<\/b><\/p>\n<p>Vi vil arbejde for bedre retssikkerhed og dermed skabe ny tillid mellem kommune og borger. Vi \u00f8nsker en service overalt i landet, der b\u00e5de sikrer fuld kompensation for handicap og giver mindre byrokrati. Vi vil samle flest mulige af de administrative opgaver, der med god faglig viden kan l\u00f8ses bedre p\u00e5 tv\u00e6rs af kommuner.<\/p>\n<p><b>En demokratisk og synlig forening<\/b><\/p>\n<p>Vi skal sikre, at vi er medlemmernes forening og hele tiden har st\u00f8rst mulig \u00e5benhed. Vi skal g\u00f8re det let at f\u00f8lge med i vores arbejde. Vi vil fortsat v\u00e6re markante og synlige i medier og den offentlige debat.<\/p>\n<p><b>Pension &#8211; ikke fattig<\/b><\/p>\n<p>F\u00e6rre f\u00e5r f\u00f8rtidspension i dag. Flere skal derfor st\u00e5 til r\u00e5dighed for arbejdsmarkedet og det bliver for nogle til et liv med kontanthj\u00e6lp og varig fattigdom. Arbejde ved lille arbejdsevne skal v\u00e6re et tilbud og m\u00e5 ikke v\u00e6re et krav.<\/p>\n<p><b>Arbejde og fleksjob<\/b><\/p>\n<p>Vi vil, at langt flere private arbejdspladser er tilg\u00e6ngelige for os. Det skal v\u00e6re lettere at f\u00e5 en god uddannelse, der sikrer at vi kan klare os selv l\u00e6ngst muligt. Fleksjob skal gives p\u00e5 grund af vores arbejdsevne og ikke for at sikre kommunernes \u00f8konomi.<\/p>\n<div><b>Vi former fremtidens DH<\/b><\/div>\n<p>Sammen med 31 andre foreninger er vi med i Danske Handicaporganisationer (DH). Vi vil bringe DH p\u00e5 forkant med udviklingen. Vi vil en st\u00e6rk samlet bev\u00e6gelse.<\/p>\n<p><b>Teknologi og behandling<\/b><\/p>\n<p>Vi skal stadig v\u00e6re i front n\u00e5r det g\u00e6lder om at f\u00e5 indflydelse p\u00e5 udviklingen af ny teknik, der \u00f8ger vores chancer for at klare os. Vi vil v\u00e6re aktive for at styrke nye\u00a0 muligheder for behandling og helbredelse af muskelsvind.<\/p>\n<p><b>Hj\u00e6lpere<\/b><\/p>\n<p>Vi vil st\u00f8rst mulig selvbestemmelse gennem BPA til flest mulige brugere. Vi skal tage udgangspunkt i vores reelle behov og ogs\u00e5 st\u00f8tte g\u00e5ende med behov for BPA. Vi vil sikre vore hj\u00e6lpere gode l\u00f8n- og arbejdsvilk\u00e5r.<\/p>\n<p>&nbsp;<\/p>\n<p>&nbsp;<\/p>\n","protected":false},"excerpt":{"rendered":"<p>Her er nogle af mine mange grunde til at stille op til formand i Muskelsvindfonden: En forening p\u00e5 tv\u00e6rs Vi samler medlemmerne og vil \u201cPlads til forskelle\u201d uanset om vi hver is\u00e6r g\u00e5r, sidder eller ligger. Vi skal udvikle tilbud &hellip; <a href=\"https:\/\/jan-jakobsen.dk\/?p=5698\">L\u00e6s resten <span class=\"meta-nav\">&rarr;<\/span><\/a><\/p>\n","protected":false},"author":3,"featured_media":5140,"comment_status":"open","ping_status":"open","sticky":false,"template":"","format":"standard","meta":{"footnotes":""},"categories":[354],"tags":[],"class_list":["post-5698","post","type-post","status-publish","format-standard","has-post-thumbnail","hentry","category-formblog"],"_links":{"self":[{"href":"https:\/\/jan-jakobsen.dk\/index.php?rest_route=\/wp\/v2\/posts\/5698","targetHints":{"allow":["GET"]}}],"collection":[{"href":"https:\/\/jan-jakobsen.dk\/index.php?rest_route=\/wp\/v2\/posts"}],"about":[{"href":"https:\/\/jan-jakobsen.dk\/index.php?rest_route=\/wp\/v2\/types\/post"}],"author":[{"embeddable":true,"href":"https:\/\/jan-jakobsen.dk\/index.php?rest_route=\/wp\/v2\/users\/3"}],"replies":[{"embeddable":true,"href":"https:\/\/jan-jakobsen.dk\/index.php?rest_route=%2Fwp%2Fv2%2Fcomments&post=5698"}],"version-history":[{"count":6,"href":"https:\/\/jan-jakobsen.dk\/index.php?rest_route=\/wp\/v2\/posts\/5698\/revisions"}],"predecessor-version":[{"id":5808,"href":"https:\/\/jan-jakobsen.dk\/index.php?rest_route=\/wp\/v2\/posts\/5698\/revisions\/5808"}],"wp:featuredmedia":[{"embeddable":true,"href":"https:\/\/jan-jakobsen.dk\/index.php?rest_route=\/wp\/v2\/media\/5140"}],"wp:attachment":[{"href":"https:\/\/jan-jakobsen.dk\/index.php?rest_route=%2Fwp%2Fv2%2Fmedia&parent=5698"}],"wp:term":[{"taxonomy":"category","embeddable":true,"href":"https:\/\/jan-jakobsen.dk\/index.php?rest_route=%2Fwp%2Fv2%2Fcategories&post=5698"},{"taxonomy":"post_tag","embeddable":true,"href":"https:\/\/jan-jakobsen.dk\/index.php?rest_route=%2Fwp%2Fv2%2Ftags&post=5698"}],"curies":[{"name":"wp","href":"https:\/\/api.w.org\/{rel}","templated":true}]}}