{"id":5656,"date":"2016-03-17T11:47:28","date_gmt":"2016-03-17T10:47:28","guid":{"rendered":"http:\/\/jan-jakobsen.dk\/?p=5656"},"modified":"2016-03-17T11:49:44","modified_gmt":"2016-03-17T10:49:44","slug":"vaagn-nu-op","status":"publish","type":"post","link":"https:\/\/jan-jakobsen.dk\/?p=5656","title":{"rendered":"V\u00e5gn nu op!"},"content":{"rendered":"<p><a href=\"https:\/\/jan-jakobsen.dk\/https:\/\/jan-jakobsen.dk\/wp-content\/uploads\/2016\/01\/Jan-Jakobsen_Frit-bruges-m-credit-Fotograf-Vagn-Guldbrandsen\u00a9.jpg\" rel=\"attachment wp-att-5295\"><img loading=\"lazy\" decoding=\"async\" class=\"alignleft wp-image-5295\" src=\"https:\/\/jan-jakobsen.dk\/https:\/\/jan-jakobsen.dk\/wp-content\/uploads\/2016\/01\/Jan-Jakobsen_Frit-bruges-m-credit-Fotograf-Vagn-Guldbrandsen\u00a9.jpg\" alt=\"Jan-Jakobsen_Frit-bruges-m-credit-Fotograf-Vagn-Guldbrandsen\u00a9\" width=\"100\" height=\"142\" \/><\/a>Vi er n\u00f8dt til at v\u00e6re aktive for at \u00e6ndre p\u00e5 den holdning, politikere har til os. Der er ikke nogen andre, der g\u00f8r det for os. S\u00e5 ikke mere klynk, men handling!<!--more--><\/p>\n<p>Kontanthj\u00e6lpsloftet kommer i s\u00e6rdeleshed til at ramme mennesker med handicap og syge. Konsekvenserne er b\u00e5de d\u00e5rligt belyst og uoverskuelige. Det er sagt, at det skal motivere til at arbejde. Som om handicappede kun er dovne. Fakta er, at der ikke findes jobs p\u00e5 de betingelser, der er brug for, i n\u00e6r det omfang, der er brug for.<\/p>\n<p>Vedtagelsen f\u00e5r alts\u00e5\u00a0uoverskuelig negativ betydning\u00a0for os med handicap. Uanset hvad er vi n\u00f8dt til at bakke op om og styrke\u00a0det handicappolitiske\u00a0arbejde i DH-afdelingerne og handicapr\u00e5dene og ude i kommunerne. Det er i kommunerne, at det &#8220;store slag&#8221; st\u00e5r. Uden en massiv indsats fra alle, der kan krybe eller kravle, er vi solgt. DH-afdelingerne m\u00e5 fors\u00f8ge at bringe konsekvenserne frem til pressen og sociale medier. I handicapr\u00e5dene m\u00e5 vi f\u00e5 de kritiske sp\u00f8rgsm\u00e5l p\u00e5 dagsordenen.\u200b<\/p>\n<p>Det betyder ogs\u00e5, at vi m\u00e5 se kritisk p\u00e5 og \u00e6ndre i den m\u00e5de, vi bruger vores ressourcer p\u00e5 i handicapbev\u00e6gelsen. Tilpasse os tiderne.<\/p>\n<p>I den forbindelse vil jeg lige minde om, at Muskelsvindfonden tidligere har henvist til den rapport, som vi fik lavet for snart 1,5 \u00e5r siden i Ringsted kommune, som der kan l\u00e6ses\u00a0om p\u00e5 p\u00e5 Muskelsvindfondens hjemmeside. Rapporten fort\u00e6ller en del om situationen &#8211; og der er ikke noget, der taler for, at situationen er blevet bedre i den mellemliggende tid &#8211; nogen steder i landet. Derfor kan rapporten stadig bruges som et godt grundlag for kritiske sp\u00f8rgsm\u00e5l.<\/p>\n<p>Jeg h\u00e5ber, at alle jer, der har et handicap, vil blive enten vil blive\u00a0aktive i de afdelinger af Danske Handicaporganisationer (DH), der er i landets\u00a0kommuner eller\u00a0vil viderebringe dette til dem, der er\u00a0aktive\u00a0rundt om i kommunerne.<\/p>\n<p>Vi skal g\u00f8re meget mere og jeg er p\u00e5 vej med flere konkrete forslag.<\/p>\n<p>Du kan\u00a0l\u00e6se artiklen og finde link til rapporten\u00a0fra\u00a0Muskelsvindfondens hjemmeside\u00a0her:<\/p>\n<p><a href=\"https:\/\/muskelsvindfonden.dk\/handicappolitisk-indlaeg\/handicap-er-ikke-dovenskab-der-kan-piskes-vaek\/\">https:\/\/muskelsvindfonden.dk\/media\/2015\/10\/det-rummelige-arbejdsmarked-ringsted.pdf<\/a><\/p>\n<p>&nbsp;<\/p>\n","protected":false},"excerpt":{"rendered":"<p>Vi er n\u00f8dt til at v\u00e6re aktive for at \u00e6ndre p\u00e5 den holdning, politikere har til os. Der er ikke nogen andre, der g\u00f8r det for os. S\u00e5 ikke mere klynk, men handling!<\/p>\n","protected":false},"author":3,"featured_media":0,"comment_status":"open","ping_status":"open","sticky":false,"template":"","format":"standard","meta":{"footnotes":""},"categories":[4,3],"tags":[],"class_list":["post-5656","post","type-post","status-publish","format-standard","hentry","category-blog","category-handicapdebat"],"_links":{"self":[{"href":"https:\/\/jan-jakobsen.dk\/index.php?rest_route=\/wp\/v2\/posts\/5656","targetHints":{"allow":["GET"]}}],"collection":[{"href":"https:\/\/jan-jakobsen.dk\/index.php?rest_route=\/wp\/v2\/posts"}],"about":[{"href":"https:\/\/jan-jakobsen.dk\/index.php?rest_route=\/wp\/v2\/types\/post"}],"author":[{"embeddable":true,"href":"https:\/\/jan-jakobsen.dk\/index.php?rest_route=\/wp\/v2\/users\/3"}],"replies":[{"embeddable":true,"href":"https:\/\/jan-jakobsen.dk\/index.php?rest_route=%2Fwp%2Fv2%2Fcomments&post=5656"}],"version-history":[{"count":3,"href":"https:\/\/jan-jakobsen.dk\/index.php?rest_route=\/wp\/v2\/posts\/5656\/revisions"}],"predecessor-version":[{"id":5659,"href":"https:\/\/jan-jakobsen.dk\/index.php?rest_route=\/wp\/v2\/posts\/5656\/revisions\/5659"}],"wp:attachment":[{"href":"https:\/\/jan-jakobsen.dk\/index.php?rest_route=%2Fwp%2Fv2%2Fmedia&parent=5656"}],"wp:term":[{"taxonomy":"category","embeddable":true,"href":"https:\/\/jan-jakobsen.dk\/index.php?rest_route=%2Fwp%2Fv2%2Fcategories&post=5656"},{"taxonomy":"post_tag","embeddable":true,"href":"https:\/\/jan-jakobsen.dk\/index.php?rest_route=%2Fwp%2Fv2%2Ftags&post=5656"}],"curies":[{"name":"wp","href":"https:\/\/api.w.org\/{rel}","templated":true}]}}