{"id":5585,"date":"2016-02-22T09:47:11","date_gmt":"2016-02-22T08:47:11","guid":{"rendered":"http:\/\/jan-jakobsen.dk\/?p=5585"},"modified":"2016-02-22T10:05:51","modified_gmt":"2016-02-22T09:05:51","slug":"vi-er-som-vi-er-om-filmen-gaias-boern","status":"publish","type":"post","link":"https:\/\/jan-jakobsen.dk\/?p=5585","title":{"rendered":"Vi er som vi er &#8211; om filmen Gaias B\u00f8rn"},"content":{"rendered":"<p>Forleden skulle jeg forberede mig til et foredrag p\u00e5 en skole og var bedt om at tage afs\u00e6t i en film eleverne havde set p\u00e5 forh\u00e5nd. Det var Bente Miltons film &#8220;Gaias B\u00f8rn&#8221;, som jeg blankt m\u00e5 erkende, at jeg ikke kendte p\u00e5 forh\u00e5nd.<!--more--><\/p>\n<div id=\"attachment_5588\" style=\"width: 310px\" class=\"wp-caption alignleft\"><a href=\"https:\/\/jan-jakobsen.dk\/https:\/\/jan-jakobsen.dk\/wp-content\/uploads\/2016\/02\/nabil-shaban.png\" rel=\"attachment wp-att-5588\"><img loading=\"lazy\" decoding=\"async\" aria-describedby=\"caption-attachment-5588\" class=\"size-medium wp-image-5588\" src=\"https:\/\/jan-jakobsen.dk\/https:\/\/jan-jakobsen.dk\/wp-content\/uploads\/2016\/02\/nabil-shaban-300x238.png\" alt=\"Nabil Shaban er fort\u00e6lleren i Gaias B\u00f8rn og binder filmen sammen historisk og tematisk.\" width=\"300\" height=\"238\" srcset=\"https:\/\/jan-jakobsen.dk\/http:\/\/jan-jakobsen.dk\/wp-content\/uploads\/2016\/02\/nabil-shaban-300x238.png 300w, https:\/\/jan-jakobsen.dk\/http:\/\/jan-jakobsen.dk\/wp-content\/uploads\/2016\/02\/nabil-shaban.png 617w\" sizes=\"auto, (max-width: 300px) 100vw, 300px\" \/><\/a><p id=\"caption-attachment-5588\" class=\"wp-caption-text\">Nabil Shaban er fort\u00e6lleren i Gaias B\u00f8rn og binder filmen sammen historisk og tematisk.<\/p><\/div>\n<p>Til trods for at filmen er fra 1998 er den stadig tematisk meget aktuel i sin behandling af emnet at v\u00e6re &#8220;anderledes&#8221;. Gennem 4 interviewede personer, der alle har et meget synligt handicap, m\u00e5 vi som tilskuere forholde os til deres opv\u00e6kst og tanker om det at se det de fleste vil kalde at se anderledes ud.<\/p>\n<p>Det giver mulighed for at komme rundt om en del centrale temaer som f.eks. samfundets &#8220;accept&#8221; af mennesket som vi er og trangen til at pr\u00f8ve at normalisere os gennem sindrige indretninger eller operationer. Nogen gange godt, fordi det \u00f8ger egen oplevelse af livskvalitet &#8211; andre gange skidt,\u00a0 fordi samfundet ikke kan have noget uperfekt og vil skjule skavanker. I de tilf\u00e6lde ofte under stor smerte for individet.<\/p>\n<p>Ogs\u00e5 nutidens muligheder for gennem fosterdiagnostik at udskille mennesker bliver behandlet &#8211; og det lykkes p\u00e5 glimrende vis at ramme centrale pointer i diskussionerne om &#8220;handicap som fejl&#8221; versus mangfoldighed.<\/p>\n<p>Filmen varer 50 minutter og n\u00e5r meget t\u00e6ttere ind p\u00e5 emnet end her beskrevet. Derfor er den glimrende som opl\u00e6g til de politiske og \u00f8konomiske diskussioner, der ligger gemt i hele temaet mangfoldighed og tilstr\u00e6bt normalitet.<\/p>\n<p>Efter min mening er en af filmens \u00e5benlyse kvaliteter, at den er produceret f\u00f8r anskuelsen at \u00f8konomi kommer f\u00f8r menneske for alvor slog igennem &#8211; og derfor ikke er tvunget til at forholde sig til dette i alle forhold, men kan l\u00e6gge et mere rent snit p\u00e5 etik og mangfoldighed uden den br\u00f8debetyngethed, vi er pr\u00e6get af i dag.<\/p>\n<p>Bente Milton: Gaias B\u00f8rn. Film. Produktions\u00e5r 1998. Varighed 50 minutter.<\/p>\n<p>Filmen kan streames fra Statens filmcentral gennem linket her:\u00a0<a href=\"http:\/\/filmcentralen.dk\/alle\/film\/gaias-born#\">http:\/\/filmcentralen.dk\/alle\/film\/gaias-born#<\/a><\/p>\n","protected":false},"excerpt":{"rendered":"<p>Forleden skulle jeg forberede mig til et foredrag p\u00e5 en skole og var bedt om at tage afs\u00e6t i en film eleverne havde set p\u00e5 forh\u00e5nd. Det var Bente Miltons film &#8220;Gaias B\u00f8rn&#8221;, som jeg blankt m\u00e5 erkende, at jeg &hellip; <a href=\"https:\/\/jan-jakobsen.dk\/?p=5585\">L\u00e6s resten <span class=\"meta-nav\">&rarr;<\/span><\/a><\/p>\n","protected":false},"author":3,"featured_media":0,"comment_status":"open","ping_status":"open","sticky":false,"template":"","format":"standard","meta":{"footnotes":""},"categories":[3,1,9],"tags":[106,486,484,488,487,485],"class_list":["post-5585","post","type-post","status-publish","format-standard","hentry","category-handicapdebat","category-uncategorized","category-se","tag-accept","tag-anderledes","tag-bente-milton","tag-fosterdiagnose","tag-genetik","tag-nabil-shaban"],"_links":{"self":[{"href":"https:\/\/jan-jakobsen.dk\/index.php?rest_route=\/wp\/v2\/posts\/5585","targetHints":{"allow":["GET"]}}],"collection":[{"href":"https:\/\/jan-jakobsen.dk\/index.php?rest_route=\/wp\/v2\/posts"}],"about":[{"href":"https:\/\/jan-jakobsen.dk\/index.php?rest_route=\/wp\/v2\/types\/post"}],"author":[{"embeddable":true,"href":"https:\/\/jan-jakobsen.dk\/index.php?rest_route=\/wp\/v2\/users\/3"}],"replies":[{"embeddable":true,"href":"https:\/\/jan-jakobsen.dk\/index.php?rest_route=%2Fwp%2Fv2%2Fcomments&post=5585"}],"version-history":[{"count":5,"href":"https:\/\/jan-jakobsen.dk\/index.php?rest_route=\/wp\/v2\/posts\/5585\/revisions"}],"predecessor-version":[{"id":5592,"href":"https:\/\/jan-jakobsen.dk\/index.php?rest_route=\/wp\/v2\/posts\/5585\/revisions\/5592"}],"wp:attachment":[{"href":"https:\/\/jan-jakobsen.dk\/index.php?rest_route=%2Fwp%2Fv2%2Fmedia&parent=5585"}],"wp:term":[{"taxonomy":"category","embeddable":true,"href":"https:\/\/jan-jakobsen.dk\/index.php?rest_route=%2Fwp%2Fv2%2Fcategories&post=5585"},{"taxonomy":"post_tag","embeddable":true,"href":"https:\/\/jan-jakobsen.dk\/index.php?rest_route=%2Fwp%2Fv2%2Ftags&post=5585"}],"curies":[{"name":"wp","href":"https:\/\/api.w.org\/{rel}","templated":true}]}}