{"id":557,"date":"2007-02-01T16:30:53","date_gmt":"2007-02-01T15:30:53","guid":{"rendered":"http:\/\/jan-jakobsen.dk\/?p=557"},"modified":"2009-12-24T16:43:13","modified_gmt":"2009-12-24T15:43:13","slug":"m%c3%b8d-din-%e2%80%99barrierebryder%e2%80%99","status":"publish","type":"post","link":"https:\/\/jan-jakobsen.dk\/?p=557","title":{"rendered":"M\u00f8d din lokale \u2019Barrierebryder\u2019"},"content":{"rendered":"<div>\n<div id=\"attachment_164\">\n<div id=\"attachment_164\" style=\"width: 370px\" class=\"wp-caption alignleft\"><a href=\"https:\/\/jan-jakobsen.dk\/https:\/\/jan-jakobsen.dk\/wp-content\/uploads\/2009\/08\/image7823.jpg\"><img loading=\"lazy\" decoding=\"async\" aria-describedby=\"caption-attachment-164\" class=\"size-full wp-image-164\" title=\"Jan Jakobsen - din lokale barrierebryder.\" src=\"https:\/\/jan-jakobsen.dk\/https:\/\/jan-jakobsen.dk\/wp-content\/uploads\/2009\/08\/image7823.jpg\" alt=\"\" width=\"360\" height=\"380\" srcset=\"https:\/\/jan-jakobsen.dk\/http:\/\/jan-jakobsen.dk\/wp-content\/uploads\/2009\/08\/image7823.jpg 360w, https:\/\/jan-jakobsen.dk\/http:\/\/jan-jakobsen.dk\/wp-content\/uploads\/2009\/08\/image7823-284x300.jpg 284w\" sizes=\"auto, (max-width: 360px) 100vw, 360px\" \/><\/a><p id=\"caption-attachment-164\" class=\"wp-caption-text\">Jan Jakobsen - din lokale barrierebryder.<\/p><\/div>\n<p>Mit navn er Jan Jakobsen. Jeg er 53 \u00e5r gammel og sidder i elektrisk k\u00f8restol, fordi jeg har muskelsvind \u2013 og haft det siden min f\u00f8dsel.<\/p><\/div>\n<p>Det har ikke forhindret mig i at arbejde og leve et liv, der minder om mange andre helt almindelige menneskers liv. I min praktiske hverdag er der en del, der er anderledes, fordi jeg er afh\u00e6ngig af andres hj\u00e6lp.<\/p>\n<p>Det forhindrer mig dog ikke i at arbejde, selv om jeg kunne l\u00e6ne mig tilbage og modtage min pension. De sidste fire \u00e5r har jeg derfor ikke modtaget pension, men er i fleksjob i egen virksomhed som freelance kommunikationsmedarbejder. Det er med til at give mig et godt liv med selvv\u00e6rd, gode relationer til andre \u2013 og ikke mindst den l\u00f8n, jeg selv har tjent.<\/p>\n<p>Jeg har valgt, at jeg gerne vil v\u00e6re med til at skabe, at fors\u00f8rge mig selv og m\u00f8de andre mennesker gennem et sp\u00e6ndende arbejde. Det er der mange andre mennesker, der lever med et handicap, der ogs\u00e5 gerne vil.<\/p>\n<p>Det er dog ikke alle, der er ude p\u00e5 arbejdsmarkedet i dag. Det er baggrunden for, at jeg arbejder som Barrierebryder i projektet \u2019Fra Barriere til Karriere\u2019, der gennemf\u00f8res af DH (Danske Handicaporganisationer) for Arbejdsmarkedsstyrelsen.<\/p>\n<p>Jeg kender p\u00e5 egen krop de muligheder, der er for os, der lever med et handicap. Jeg kender nogle af de barrierer, der rejser sig, n\u00e5r vi pr\u00f8ver at komme ind p\u00e5 arbejdsmarkedet. For eksempel skal jeg leve med den usikkerhed, der er hos ledelsen om, hvorvidt jeg nu er den l\u00f8n v\u00e6rd, som jeg skal have. Jeg kan ogs\u00e5 se mine kolleger angst for at sige eller g\u00f8re noget forkert, der kan s\u00e5re mig \u2013 eller at de t\u00e6nker: hvordan kan den stakkel dog arbejde?<\/p>\n<p>Det er vigtigt, at vi skaber et arbejdsmarked, hvor der er plads til alle \u2013 uanset om vi lever med et handicap. Vi skal nedbryder de fordomme, der hersker. Det er vi med til i netv\u00e6rket \u2019Barrierebryderne\u2019.<\/p>\n<p>Som Barrierebrydere giver vi virksomhedsledere og medarbejdere mulighed for at f\u00e5 konfronteret og diskutere deres holdninger til et arbejdsmarked, hvor der ogs\u00e5 er plads til mennesker med et handicap. Vores opgave er med det levende eksempel at vise, at det kan lade sig g\u00f8re ved, at virksomheder m\u00f8der ressourcest\u00e6rke personer, der har et arbejde \u2013 og for resten ogs\u00e5 et handicap.<\/p>\n<p>Derfor kommer jeg gerne p\u00e5 virksomhedsbes\u00f8g i Ringsted-omr\u00e5det. Jeg h\u00e5ber, at bes\u00f8gene kan resultere i flere ans\u00e6ttelser af mennesker med handicap p\u00e5 ordin\u00e6re vilk\u00e5r, i fleksjob eller job med l\u00f8ntilskud.<\/p>\n<p>Jeg tilbyder jer som Barriere-bryder dialog- og informationsm\u00f8der, hvor ledelse \u2013 og ogs\u00e5 meget gerne medarbejdere \u2013 f\u00e5r mulighed for at m\u00f8de en erhvervsaktiv \u2019kollega\u2019 med et handicap. M\u00e5lgruppen for f\u00f8rst og fremmest virksomheder, der har arbejdspladser med mere en 20-30 ansatte, men jeg kommer ogs\u00e5 gerne i mindre virksomheder og institutioner, der godt kan rumme et eller flere mennesker med handicap.<\/p>\n<p>Projektet, der er finansieret af Arbejdsmarkedsstyrelsen, er startet i februar 2006 og l\u00f8ber frem til september 2008. \u00d8nsker din virksomhed at f\u00e5 bes\u00f8g af mig, s\u00e5 er I velkommen til at kontakte mig p\u00e5 telefon \u00a0\u00a0\u00a0\u00a0\u00a0\u00a0\u00a0\u00a0\u00a0\u00a0\u00a0\u00a0\u00a0\u00a061\u00a069\u00a031\u00a050\u00a0\u00a0\u00a0\u00a0\u00a0\u00a0\u00a0\u00a0 61\u00a069\u00a031\u00a050.<\/p>\n<p>Med venlig hilsen<\/p>\n<p>Jan Jakobsen<\/p>\n<p>Barrierebryder for DH<\/p>\n<p>(Tidligere DSI \u2013 \u201dDe Samvirkende Invalideorganisationer\u201d)<\/p>\n<\/div>\n","protected":false},"excerpt":{"rendered":"<p>Mit navn er Jan Jakobsen. Jeg er 53 \u00e5r gammel og sidder i elektrisk k\u00f8restol, fordi jeg har muskelsvind \u2013 og haft det siden min f\u00f8dsel. Det har ikke forhindret mig i at arbejde og leve et liv, der minder &hellip; <a href=\"https:\/\/jan-jakobsen.dk\/?p=557\">L\u00e6s resten <span class=\"meta-nav\">&rarr;<\/span><\/a><\/p>\n","protected":false},"author":3,"featured_media":0,"comment_status":"open","ping_status":"open","sticky":false,"template":"","format":"standard","meta":{"footnotes":""},"categories":[6],"tags":[],"class_list":["post-557","post","type-post","status-publish","format-standard","hentry","category-andre-indlaeg"],"_links":{"self":[{"href":"https:\/\/jan-jakobsen.dk\/index.php?rest_route=\/wp\/v2\/posts\/557","targetHints":{"allow":["GET"]}}],"collection":[{"href":"https:\/\/jan-jakobsen.dk\/index.php?rest_route=\/wp\/v2\/posts"}],"about":[{"href":"https:\/\/jan-jakobsen.dk\/index.php?rest_route=\/wp\/v2\/types\/post"}],"author":[{"embeddable":true,"href":"https:\/\/jan-jakobsen.dk\/index.php?rest_route=\/wp\/v2\/users\/3"}],"replies":[{"embeddable":true,"href":"https:\/\/jan-jakobsen.dk\/index.php?rest_route=%2Fwp%2Fv2%2Fcomments&post=557"}],"version-history":[{"count":6,"href":"https:\/\/jan-jakobsen.dk\/index.php?rest_route=\/wp\/v2\/posts\/557\/revisions"}],"predecessor-version":[{"id":564,"href":"https:\/\/jan-jakobsen.dk\/index.php?rest_route=\/wp\/v2\/posts\/557\/revisions\/564"}],"wp:attachment":[{"href":"https:\/\/jan-jakobsen.dk\/index.php?rest_route=%2Fwp%2Fv2%2Fmedia&parent=557"}],"wp:term":[{"taxonomy":"category","embeddable":true,"href":"https:\/\/jan-jakobsen.dk\/index.php?rest_route=%2Fwp%2Fv2%2Fcategories&post=557"},{"taxonomy":"post_tag","embeddable":true,"href":"https:\/\/jan-jakobsen.dk\/index.php?rest_route=%2Fwp%2Fv2%2Ftags&post=557"}],"curies":[{"name":"wp","href":"https:\/\/api.w.org\/{rel}","templated":true}]}}