{"id":5321,"date":"2016-01-30T08:00:36","date_gmt":"2016-01-30T07:00:36","guid":{"rendered":"http:\/\/jan-jakobsen.dk\/?p=5321"},"modified":"2016-01-30T08:14:42","modified_gmt":"2016-01-30T07:14:42","slug":"socialministeren-og-handicap","status":"publish","type":"post","link":"https:\/\/jan-jakobsen.dk\/?p=5321","title":{"rendered":"Socialministeren og handicap"},"content":{"rendered":"<p>S\u00e5 sent som i g\u00e5r var social- og indenrigsminister Karen Ellemann fremme med, at\u00a0mennesker med handicap\u00a0oftere end andre grupper st\u00e5r uden for arbejdsmarkedet. Det viser en ny analyse, som ministeren refererer til.<\/p>\n<p>Det er fakta, som vi fra handicaporganisationerne l\u00e6nge har pr\u00f8vet at give videre til b\u00e5de den nuv\u00e6rende minister og tidligere ministre.<!--more--><\/p>\n<p>Ministeren f\u00e5r det til at lyde enkelt at konvertere pensioner til ust\u00f8ttet arbejde p\u00e5\u00a0almindelige vilk\u00e5r. Det er ikke tilf\u00e6ldet. Det er ikke nok, at ministeren \u201c\u2026ved, at mennesker med handicap er mennesker med b\u00e5de kompetencer, erfaringer og virkelyst, og som rigtig gerne vil v\u00e6re med i det arbejdende f\u00e6llesskab\u2026\u201d.<\/p>\n<p>Skal det kunne lade sig g\u00f8re, er det n\u00f8dvendigt med et mere nuanceret syn p\u00e5 handicap og nedsat funktionsevne. Gruppen er utrolig bred &#8211; for handicap er blot en f\u00e6llesbetegnelse, der ikke lader sig sammenfatte i \u00e9t begreb. Det er muligt, at der er mennesker med\u00a0nedsat funktionsevne, der umiddelbart kan v\u00e6re p\u00e5 arbejdsmarkedet i et ust\u00f8ttet job, men det er ikke det generelle billede. Desuden tager en r\u00e6kke af de reformer, der nu g\u00e6lder, ikke de n\u00f8dvendige hensyn til reelle muligheder p\u00e5 arbejdsmarkedet.<\/p>\n<p>Der er brug for investeringer og redskaber, n\u00e5r ministerens vision skal blive en realitet. B\u00e5de investeringer, der matcher de reelle funktionsneds\u00e6ttelser, og sikrer uhindret adgang til arbejdsmarkedet og investeringer, der sikrer, at vilk\u00e5rene for relevant uddannelse p\u00e5 relevante vilk\u00e5r er til stede. Endelig er der brug for redskaber, der g\u00f8r op med de fordomme, der, som ministeren ogs\u00e5 n\u00e6vner, er p\u00e5 arbejdsmarkedet over for mennesker med handicap.<\/p>\n<p>&nbsp;<\/p>\n<p>#jjstr\u00f8<\/p>\n","protected":false},"excerpt":{"rendered":"<p>S\u00e5 sent som i g\u00e5r var social- og indenrigsminister Karen Ellemann fremme med, at\u00a0mennesker med handicap\u00a0oftere end andre grupper st\u00e5r uden for arbejdsmarkedet. Det viser en ny analyse, som ministeren refererer til. Det er fakta, som vi fra handicaporganisationerne l\u00e6nge &hellip; <a href=\"https:\/\/jan-jakobsen.dk\/?p=5321\">L\u00e6s resten <span class=\"meta-nav\">&rarr;<\/span><\/a><\/p>\n","protected":false},"author":3,"featured_media":5143,"comment_status":"open","ping_status":"open","sticky":false,"template":"","format":"standard","meta":{"footnotes":""},"categories":[1,357],"tags":[471,163,470,472,469,473,468,474],"class_list":["post-5321","post","type-post","status-publish","format-standard","has-post-thumbnail","hentry","category-uncategorized","category-stroetanker","tag-arbejdende-faellesskab","tag-arbejdsmarked","tag-funktionsevne","tag-investeringer","tag-karen-ellemann","tag-redskaber","tag-social-og-indenrigsminister","tag-uddannelse"],"_links":{"self":[{"href":"https:\/\/jan-jakobsen.dk\/index.php?rest_route=\/wp\/v2\/posts\/5321","targetHints":{"allow":["GET"]}}],"collection":[{"href":"https:\/\/jan-jakobsen.dk\/index.php?rest_route=\/wp\/v2\/posts"}],"about":[{"href":"https:\/\/jan-jakobsen.dk\/index.php?rest_route=\/wp\/v2\/types\/post"}],"author":[{"embeddable":true,"href":"https:\/\/jan-jakobsen.dk\/index.php?rest_route=\/wp\/v2\/users\/3"}],"replies":[{"embeddable":true,"href":"https:\/\/jan-jakobsen.dk\/index.php?rest_route=%2Fwp%2Fv2%2Fcomments&post=5321"}],"version-history":[{"count":1,"href":"https:\/\/jan-jakobsen.dk\/index.php?rest_route=\/wp\/v2\/posts\/5321\/revisions"}],"predecessor-version":[{"id":5322,"href":"https:\/\/jan-jakobsen.dk\/index.php?rest_route=\/wp\/v2\/posts\/5321\/revisions\/5322"}],"wp:featuredmedia":[{"embeddable":true,"href":"https:\/\/jan-jakobsen.dk\/index.php?rest_route=\/wp\/v2\/media\/5143"}],"wp:attachment":[{"href":"https:\/\/jan-jakobsen.dk\/index.php?rest_route=%2Fwp%2Fv2%2Fmedia&parent=5321"}],"wp:term":[{"taxonomy":"category","embeddable":true,"href":"https:\/\/jan-jakobsen.dk\/index.php?rest_route=%2Fwp%2Fv2%2Fcategories&post=5321"},{"taxonomy":"post_tag","embeddable":true,"href":"https:\/\/jan-jakobsen.dk\/index.php?rest_route=%2Fwp%2Fv2%2Ftags&post=5321"}],"curies":[{"name":"wp","href":"https:\/\/api.w.org\/{rel}","templated":true}]}}