{"id":5308,"date":"2016-01-27T08:48:33","date_gmt":"2016-01-27T07:48:33","guid":{"rendered":"http:\/\/jan-jakobsen.dk\/?p=5308"},"modified":"2016-01-27T08:49:37","modified_gmt":"2016-01-27T07:49:37","slug":"om-mit-engagement-i-muskelsvindfonden","status":"publish","type":"post","link":"https:\/\/jan-jakobsen.dk\/?p=5308","title":{"rendered":"Om mit engagement i Muskelsvindfonden"},"content":{"rendered":"<p class=\"_45m_ _2vxa\" data-block=\"true\" data-offset-key=\"bgd75-0-0\">Jeg har lovet nogle uddybninger til min opstilling. Dette er den f\u00f8rste, der s\u00e6tter mit engagement i fonden lidt p\u00e5 plads.<\/p>\n<p class=\"_45m_ _2vxa\" data-block=\"true\" data-offset-key=\"56tj1-0-0\"><span data-offset-key=\"56tj1-0-0\">Jeg er f\u00f8dt 1955 med muskelsvind type SMA II. Jeg blev diagnosticeret ca. 3 \u00e5r gammel og k\u00f8restolsbruger da jeg var 10 \u00e5r.<\/span><!--more--><\/p>\n<p class=\"_45m_ _2vxa\" data-block=\"true\" data-offset-key=\"flijl-0-0\"><span data-offset-key=\"flijl-0-0\">Allerede fra \u201876 var jeg handicappolitisk aktiv i det, der i dag er Dansk Handicap Forbund (DHF). Det handicappolitiske arbejde blev efterh\u00e5nden afl\u00f8st af et mere alment politisk arbejde. Bl.a. som byr\u00e5dsmedlem i Ringsted kommune &#8211; indtil nu er det blevet til 14 \u00e5r (jeg holder orlov i \u00f8jeblikket i forbindelse med denne opstilling). Mit udgangspunkt er, at vi kun skaber handicappolitik ved at v\u00e6re en synlig del af samfundet og debatten.<\/span><\/p>\n<p class=\"_45m_ _2vxa\" data-block=\"true\" data-offset-key=\"jssi-0-0\"><span data-offset-key=\"jssi-0-0\">F\u00f8rst i 2006 blev jeg medlem af Muskelsvindfonden. Her har jeg siden 2008 v\u00e6ret i repr\u00e6sentantskabet og bestyrelsen. Jeg er formand for Ringsted Handicapr\u00e5d og sidder i vores lokale DH. Blev for Muskelsvindfonden april 2015 valgt ind i Danske Handicaporganisationers forretningsudvalg. Jeg har i min tid i bestyrelsen for Muskelsvindfonden bl.a repr\u00e6senteret Danmark i den europ\u00e6iske sammenslutning af Muskelsvindsorganisationer (EAMDA), som vi dog ikke har v\u00e6ret aktive i siden 2011. Jeg har et par \u00e5r siddet i bestyrelsen for RehabiliteringsCenter for Muskelsvind (RCfM). Jeg var med i opstarten af et samarbejde med de nordiske s\u00f8sterlande (MuskelNorden).<\/span><\/p>\n<p class=\"_45m_ _2vxa\" data-block=\"true\" data-offset-key=\"3231l-0-0\"><span data-offset-key=\"3231l-0-0\">Jeg holder i samarbejde med Muskelsvindfonden en r\u00e6kke foredrag om at leve med et handicap. Desuden holder jeg p\u00e5 Social- og Sundhedsskoler opl\u00e6g om det samme.<\/span><\/p>\n<p class=\"_45m_ _2vxa\" data-block=\"true\" data-offset-key=\"6997l-0-0\"><span data-offset-key=\"6997l-0-0\">Hvis du vil vide mere om mig, kan du l\u00e6se her p\u00e5 min hjemmeside:<\/span><\/p>\n<p class=\"_45m_ _2vxa\" data-block=\"true\" data-offset-key=\"2rgib-0-0\"><span data-offset-key=\"2rgib-0-0\">\u201cOm\u201d &#8211; et samlet overblik: https:\/\/jan-jakobsen.dk\/?page_id=197<\/span><\/p>\n<p class=\"_45m_ _2vxa\" data-block=\"true\" data-offset-key=\"b3cj1-0-0\"><span data-offset-key=\"b3cj1-0-0\">\u201cHandicap\u201d &#8211; bl.a. om min historie &#8211; endnu ikke f\u00e6rdigskrevet, men giver et godt billede af bl.a. barndom. Der er ogs\u00e5 andre afsnit: https:\/\/jan-jakobsen.dk\/?page_id=16<\/span><\/p>\n","protected":false},"excerpt":{"rendered":"<p>Jeg har lovet nogle uddybninger til min opstilling. Dette er den f\u00f8rste, der s\u00e6tter mit engagement i fonden lidt p\u00e5 plads. Jeg er f\u00f8dt 1955 med muskelsvind type SMA II. Jeg blev diagnosticeret ca. 3 \u00e5r gammel og k\u00f8restolsbruger da &hellip; <a href=\"https:\/\/jan-jakobsen.dk\/?p=5308\">L\u00e6s resten <span class=\"meta-nav\">&rarr;<\/span><\/a><\/p>\n","protected":false},"author":3,"featured_media":5140,"comment_status":"open","ping_status":"open","sticky":false,"template":"","format":"standard","meta":{"footnotes":""},"categories":[354],"tags":[464,466,389,144,465,412,449,463,467],"class_list":["post-5308","post","type-post","status-publish","format-standard","has-post-thumbnail","hentry","category-formblog","tag-dh-forretningsudvalg","tag-eamda","tag-foredrag","tag-handicappolitik","tag-handicapraad","tag-muskelsvindfonden","tag-rehabiliteringscenter-for-muskelsvind","tag-sma-ii","tag-social-og-sundhedsskoler"],"_links":{"self":[{"href":"https:\/\/jan-jakobsen.dk\/index.php?rest_route=\/wp\/v2\/posts\/5308","targetHints":{"allow":["GET"]}}],"collection":[{"href":"https:\/\/jan-jakobsen.dk\/index.php?rest_route=\/wp\/v2\/posts"}],"about":[{"href":"https:\/\/jan-jakobsen.dk\/index.php?rest_route=\/wp\/v2\/types\/post"}],"author":[{"embeddable":true,"href":"https:\/\/jan-jakobsen.dk\/index.php?rest_route=\/wp\/v2\/users\/3"}],"replies":[{"embeddable":true,"href":"https:\/\/jan-jakobsen.dk\/index.php?rest_route=%2Fwp%2Fv2%2Fcomments&post=5308"}],"version-history":[{"count":1,"href":"https:\/\/jan-jakobsen.dk\/index.php?rest_route=\/wp\/v2\/posts\/5308\/revisions"}],"predecessor-version":[{"id":5309,"href":"https:\/\/jan-jakobsen.dk\/index.php?rest_route=\/wp\/v2\/posts\/5308\/revisions\/5309"}],"wp:featuredmedia":[{"embeddable":true,"href":"https:\/\/jan-jakobsen.dk\/index.php?rest_route=\/wp\/v2\/media\/5140"}],"wp:attachment":[{"href":"https:\/\/jan-jakobsen.dk\/index.php?rest_route=%2Fwp%2Fv2%2Fmedia&parent=5308"}],"wp:term":[{"taxonomy":"category","embeddable":true,"href":"https:\/\/jan-jakobsen.dk\/index.php?rest_route=%2Fwp%2Fv2%2Fcategories&post=5308"},{"taxonomy":"post_tag","embeddable":true,"href":"https:\/\/jan-jakobsen.dk\/index.php?rest_route=%2Fwp%2Fv2%2Ftags&post=5308"}],"curies":[{"name":"wp","href":"https:\/\/api.w.org\/{rel}","templated":true}]}}