{"id":530,"date":"2007-06-08T10:43:31","date_gmt":"2007-06-08T08:43:31","guid":{"rendered":"http:\/\/jan-jakobsen.dk\/?p=530"},"modified":"2013-07-25T21:25:21","modified_gmt":"2013-07-25T19:25:21","slug":"hvem-bliver-de-n%c3%a6ste","status":"publish","type":"post","link":"https:\/\/jan-jakobsen.dk\/?p=530","title":{"rendered":"Hvem bliver de n\u00e6ste?"},"content":{"rendered":"<p>Medlemmer af Dansk Folkeparti er for kort tid siden blevet anmeldt til politiet for overtr\u00e6delse af racismeparagraffen. Deres udtalelser efterlader det indtryk, at der efterh\u00e5nden er meget vide gr\u00e6nser for, hvad vi kan sige og g\u00f8re i Danmark \u2013 en udvikling, der fra min stol giver anledning til bekymring, for hvilken gruppe bliver lagt for had n\u00e6ste gang?<\/p>\n<p><!--more-->Kronik<\/p>\n<p>Af Jan Jakobsen<\/p>\n<p>Man kan v\u00e6lge at anse det for at v\u00e6re tilf\u00e6ldigheder og intet at have med hinanden at g\u00f8re, men jeg kan alligevel ikke lade v\u00e6re med at f\u00e5 den tanke, at der i disse \u00e5r sker en forr\u00e5else i det danske samfund, som er dybt bekymrende.<\/p>\n<p>Inden for de seneste m\u00e5neder er tre medlemmer af Dansk Folkeparti blevet politianmeldt for at komme med det, jeg vil betegne som grove udfald mod indvandrere i Danmark. Det i sig selv er st\u00e6rkt bekymrende, men hvis man ser det i lidt videre perspektiv, s\u00e5 bliver det endnu mere bekymrende og skr\u00e6mmende.<\/p>\n<p>Sager, der er poppet op gennem de sidste \u00e5r, som f.eks. behandlingen af psykisk handicappede p\u00e5 Strandv\u00e6nget i Nyborg, forholdene p\u00e5 plejehjemmet F\u00e6lledg\u00e5rden og en p\u00e6dagogs voldelige adf\u00e6rd over for en elev p\u00e5 et behandlingstilbud, giver anledning til en bredere refleksion over udviklingen i det danske samfund. For mig tegner de sammen med de nye sager et billede af, at vi i disse \u00e5r oplever en efter min mening uacceptabel forr\u00e5else i holdninger og handlinger, som desv\u00e6rre bliver stadig mere almindelig. Det er ikke OK at opf\u00f8re sig hverken groft racistisk eller behandle mennesker, der er ude af stand til at forsvare sig med verbale argumenter, p\u00e5 en s\u00e5 nedvurderende m\u00e5de.<\/p>\n<p>Det forekommer mig, at det virker som om netop de hadske holdninger, som Dansk Folkepartis medlemmer gennem efterh\u00e5nden en del \u00e5r har givet udtryk for, er med til at sende nogle signaler ud i det danske samfund om, at det er i orden at l\u00e6gge minoriteter for had. Jeg postulerer dermed ikke, at de mennesker, der er grebet i en urimelig behandling af beboere p\u00e5 Strandv\u00e6nget eller andre institutioner, kan tages til indt\u00e6gt for holdninger, der forsvares af eller ligger t\u00e6t p\u00e5 Dansk Folkeparti, men alene, at der sendes nogle holdninger og nogle signaler ud i samfundet, der i stresssituationer kan inspirere svage sj\u00e6le til at agere p\u00e5 en uhensigtsm\u00e6ssig m\u00e5de.<\/p>\n<p>Det er en farlig tendens, der efter min mening kr\u00e6ver, at samfundet kollektivt beslutter, at der skal sl\u00e5s ned p\u00e5 en s\u00e5dan divergerende adf\u00e6rd og de mennesker, det handler om, stilles til ansvar for udtalelser og handlinger.<\/p>\n<p>Jeg er ikke i tvivl om, at det er frustration, der er en v\u00e6sentlig medvirkende \u00e5rsag til nogle af de ovenn\u00e6vnte episoder, og som s\u00e5dan er det ogs\u00e5 et samfundsm\u00e6ssigt ansvar at modvirke, at situationerne opst\u00e5r. Det m\u00e5 dog ikke f\u00e5 karakter af en undskyldning for handlingerne, som den enkelte m\u00e5 og skal st\u00e5 til ansvar over for.<\/p>\n<p>Der sker en rubricering af mennesker i et samfund, fordi det inden for nogle n\u00e6rmere definerede gr\u00e6nser kan v\u00e6re hensigtsm\u00e6ssigt at operere med gruppebegreber frem for at se alle som enkeltindivider. Det kan v\u00e6re grupper som indvandrere, handicappede, psykisk handicappede, kvinder, m\u00e6nd, \u00e6ldre, b\u00f8rn osv.<\/p>\n<p>Det kan have en vis fornuft med denne form for gruppeinddeling, s\u00e5 l\u00e6nge, der ikke l\u00e6gges et v\u00e6rdiladet indhold i det.<\/p>\n<p>Tendensen er imidlertid, at vi bruger grupperne til at udvikle stereotype forestillinger om, hvordan grupper er \u2013 alle, der g\u00e5r med t\u00f8rkl\u00e6der, bliver pludselig sk\u00e5ret over \u00e9n kam og det bliver un\u00f8dvendigt at reflektere over det enkelte menneskes bev\u00e6ggrunde for at g\u00e5 med t\u00f8rkl\u00e6de, selv om det ogs\u00e5 kan v\u00e6r meget forskelligartede grunde til dette. P\u00e5 samme m\u00e5de bliver k\u00f8restolsbrugere, gamle osv. rubriceret i hver en kategori uden sm\u00e5lig skelen til, at der ogs\u00e5 her er tale om alt andet end homogene grupper.<\/p>\n<p>Stereotype forestillinger f\u00f8rer til fordomme \u2013 f\u00e6rdigsyede meninger om, hvordan de enkelte grupper er og agerer; og det kan p\u00e5 sigt f\u00f8re til, at de bliver underlagt et had og en decideret diskrimination, hvor de negative holdninger til gruppen bliver de dominerende.<\/p>\n<p>Vi oplever samtidig en tid, hvor de positive identifikationsgrupper i samfundet, som der tidligere har v\u00e6ret, er i opl\u00f8sning. Forst\u00e5elsen af os selv i en kollektiv virkelighed er under opl\u00f8sning. Vi mangler grupper at identificere os med, som kan v\u00e6re med til at danne et bolv\u00e6rk mod de angreb, som vi som grupper uds\u00e6ttes for, samtidig med at gr\u00e6nserne for hvad man kan tillade sig flyder.<\/p>\n<p>Umiddelbart kan det lyde som en selvmodsigelse, men sagen er jo, at en gruppes selvforst\u00e5else netop kun forholder sig til den rubricering, der er positiv og hensigtsm\u00e6ssig uden at forfalde til fordomme om sig selv.<\/p>\n<p>Medlemmerne kender gruppen og ved, at der er stor forskel p\u00e5 dem, der er med i gruppen. P\u00e5 samme m\u00e5de er der sikkert ogs\u00e5 medlemmer af Dansk Folkeparti, der gerne vil v\u00e6re fri for at blive sl\u00e5et i hartkorn med dette partis mest ekstreme medlemmer.<\/p>\n<p>Det er sv\u00e6rt at l\u00f8se dette dilemma, for det er ikke nok at straffe de mennesker, der beg\u00e5r forbrydelser mod andre individer. Desv\u00e6rre tror jeg, at de frems\u00e6tter deres holdninger helt bevidst og derfor er totalt uden for p\u00e6dagogisk r\u00e6kkevidde. De pr\u00f8ver at f\u00e5 status som frihedsk\u00e6mpere i det danske samfund og vil kun se en dom som samfundets urimelige stempling af deres heroiske kamp. De skal nok f\u00e5 helgenstatus for deres hellige kamp hos enkelte lige s\u00e5 forh\u00e6rdede tilh\u00e6ngere af diskrimination i det danske samfund.<\/p>\n<p>Det er derfor ikke denne lille forh\u00e6rdede gruppe, vi skal koncentrere os om. Deres holdninger m\u00e5 isoleres af et bredt folkeligt flertal, der m\u00e5 finde sammen om at sikre samfundet mod angreb p\u00e5 mange forskellige minoriteter. Derfor er det ogs\u00e5 n\u00f8dvendigt, at vi sikrer os, at stress og uhensigtsm\u00e6ssige vilk\u00e5r ikke forf\u00f8rer medarbejdere p\u00e5 institutioner til en urimelig adf\u00e6rd over for de mennesker, de er ansat til at forsvare. Svaret er ikke, som den borgerlige regerings bud ellers altid er, mere kontrol. Det er et udviklingsarbejde, der giver personaler p\u00e5 institutioner osv. nogle redskaber, der forhindrer, at man falder i en gr\u00f8ft, hvor man begynder at opf\u00f8re sig uhensigtsm\u00e6ssigt over for beboere etc.<\/p>\n<p>Jeg tilh\u00f8rer selv den minoritetsgruppe, der hedder k\u00f8restolsbrugere. Derfor skr\u00e6mmer den ekstreme tone, der igennem de sidste \u00e5r er kommet i det danske samfund, mig voldsomt.<\/p>\n<p>Jeg er nerv\u00f8s b\u00e5de p\u00e5 vegne af de minoriteter, der allerede \u00e5benlyst bliver lagt for had og p\u00e5 vegne af de minoriteter, der i fremtiden kan blive lagt for et mere \u00e5benlyst had. Sporene fra historien skr\u00e6mmer. I Tyskland startede det med had til j\u00f8der, men i al gedulgthed omfattede hadet ogs\u00e5 b\u00e5de fysisk og psykisk handicappede, som man efter Hitlers magtovertagelse udryddede i stor stil.<\/p>\n<p>Vi m\u00e5 i det danske samfund finde sammen for at isolere disse kr\u00e6fter og vi m\u00e5 arbejde positivt sammen for at finde en f\u00e6lles fremtid, hvor vi accepterer hinanden.<\/p>\n","protected":false},"excerpt":{"rendered":"<p>Medlemmer af Dansk Folkeparti er for kort tid siden blevet anmeldt til politiet for overtr\u00e6delse af racismeparagraffen. Deres udtalelser efterlader det indtryk, at der efterh\u00e5nden er meget vide gr\u00e6nser for, hvad vi kan sige og g\u00f8re i Danmark \u2013 en &hellip; <a href=\"https:\/\/jan-jakobsen.dk\/?p=530\">L\u00e6s resten <span class=\"meta-nav\">&rarr;<\/span><\/a><\/p>\n","protected":false},"author":3,"featured_media":0,"comment_status":"open","ping_status":"open","sticky":false,"template":"","format":"standard","meta":{"footnotes":""},"categories":[5,3],"tags":[],"class_list":["post-530","post","type-post","status-publish","format-standard","hentry","category-artikler-og-kronikker","category-handicapdebat"],"_links":{"self":[{"href":"https:\/\/jan-jakobsen.dk\/index.php?rest_route=\/wp\/v2\/posts\/530","targetHints":{"allow":["GET"]}}],"collection":[{"href":"https:\/\/jan-jakobsen.dk\/index.php?rest_route=\/wp\/v2\/posts"}],"about":[{"href":"https:\/\/jan-jakobsen.dk\/index.php?rest_route=\/wp\/v2\/types\/post"}],"author":[{"embeddable":true,"href":"https:\/\/jan-jakobsen.dk\/index.php?rest_route=\/wp\/v2\/users\/3"}],"replies":[{"embeddable":true,"href":"https:\/\/jan-jakobsen.dk\/index.php?rest_route=%2Fwp%2Fv2%2Fcomments&post=530"}],"version-history":[{"count":4,"href":"https:\/\/jan-jakobsen.dk\/index.php?rest_route=\/wp\/v2\/posts\/530\/revisions"}],"predecessor-version":[{"id":2423,"href":"https:\/\/jan-jakobsen.dk\/index.php?rest_route=\/wp\/v2\/posts\/530\/revisions\/2423"}],"wp:attachment":[{"href":"https:\/\/jan-jakobsen.dk\/index.php?rest_route=%2Fwp%2Fv2%2Fmedia&parent=530"}],"wp:term":[{"taxonomy":"category","embeddable":true,"href":"https:\/\/jan-jakobsen.dk\/index.php?rest_route=%2Fwp%2Fv2%2Fcategories&post=530"},{"taxonomy":"post_tag","embeddable":true,"href":"https:\/\/jan-jakobsen.dk\/index.php?rest_route=%2Fwp%2Fv2%2Ftags&post=530"}],"curies":[{"name":"wp","href":"https:\/\/api.w.org\/{rel}","templated":true}]}}