{"id":5294,"date":"2016-01-25T20:43:49","date_gmt":"2016-01-25T19:43:49","guid":{"rendered":"http:\/\/jan-jakobsen.dk\/?p=5294"},"modified":"2016-04-03T02:09:54","modified_gmt":"2016-04-03T00:09:54","slug":"officielle-opstilling-sendt-ind","status":"publish","type":"post","link":"https:\/\/jan-jakobsen.dk\/?p=5294","title":{"rendered":"Officielle opstilling sendt ind"},"content":{"rendered":"<p>S\u00e5 er min officielle opstilling som formand for Muskelsvindfonden sendt ind og skulle gerne sammen med &#8220;vellignende foto&#8221; v\u00e6re at finde p\u00e5 fondens hjemmeside en<span class=\"text_exposed_show\">\u00a0af de kommende dage. Opstillingsteksten, der h\u00f8jst m\u00e5 v\u00e6re p\u00e5 1200 anslag, lyder s\u00e5ledes:<\/span><!--more--><\/p>\n<div class=\"text_exposed_show\">\n<p><span style=\"text-decoration: underline;\"><strong>Jan Jakobsen<\/strong><\/span><\/p>\n<div id=\"attachment_4864\" style=\"width: 290px\" class=\"wp-caption alignright\"><img loading=\"lazy\" decoding=\"async\" aria-describedby=\"caption-attachment-4864\" class=\"size-medium wp-image-4864\" src=\"https:\/\/jan-jakobsen.dk\/https:\/\/jan-jakobsen.dk\/wp-content\/uploads\/2014\/10\/Jan-Jakobsen_Frit-bruges-m-credit-Fotograf-Vagn-Guldbrandsen\u00a9-280x300.jpg\" alt=\"Foto: Vagn Guldbrandsen\" width=\"280\" height=\"300\" srcset=\"https:\/\/jan-jakobsen.dk\/http:\/\/jan-jakobsen.dk\/wp-content\/uploads\/2014\/10\/Jan-Jakobsen_Frit-bruges-m-credit-Fotograf-Vagn-Guldbrandsen\u00a9-280x300.jpg 280w, https:\/\/jan-jakobsen.dk\/http:\/\/jan-jakobsen.dk\/wp-content\/uploads\/2014\/10\/Jan-Jakobsen_Frit-bruges-m-credit-Fotograf-Vagn-Guldbrandsen\u00a9-768x823.jpg 768w, https:\/\/jan-jakobsen.dk\/http:\/\/jan-jakobsen.dk\/wp-content\/uploads\/2014\/10\/Jan-Jakobsen_Frit-bruges-m-credit-Fotograf-Vagn-Guldbrandsen\u00a9-680x728.jpg 680w\" sizes=\"auto, (max-width: 280px) 100vw, 280px\" \/><p id=\"caption-attachment-4864\" class=\"wp-caption-text\">Foto: Vagn Guldbrandsen<\/p><\/div>\n<p>Jeg har i 8 \u00e5r siddet i Muskelsvindfondens bestyrelse. Jeg sidder i Danske Handicaporganisationers forretningsudvalg og har repr\u00e6senteret fonden internationalt.<br \/>\nFonden har 2 vigtige spor:<br \/>\n&#8211; En virksomhed. Vi skal tjene penge og sikre en st\u00e6rk og uafh\u00e6ngig fond med aktiviteter som Gr\u00f8n Koncert, Cirkus Summarum, Cyclo og Musholm Bugt &#8211; og nye til fremover.<br \/>\n&#8211; En handicap- og sygdomsforening, der k\u00e6mper for alle mennesker med muskelsygdomme.<br \/>\nDet f\u00f8rste har vi succes med. Det andet halter. Det skal vi rette op p\u00e5. Vi er et rigt samfund, der har r\u00e5d til at skabe plads til forskelle.<br \/>\nJeg vil v\u00e6re foran i den kamp. Jeg har 40 \u00e5rs erfaring med handicappolitik og kommunalpolitik. Jeg har blik for vore udfordringer i kommunerne og for, hvad vi skal g\u00f8re.<br \/>\nTil hverdag arbejder jeg med kommunikation p\u00e5 en skole for b\u00f8rn og unge med handicap. Jeg er 61 \u00e5r og gift. Jeg er respiratorbruger. Jeg vil bruge hele min arbejdsevne for Muskelsvindfonden &#8211; og har en masse at give af. Jeg er holdspiller med viljen, evnen og st\u00e6digheden til at n\u00e5 resultater. Jeg har respekt for Evalds store arbejde, fondens historie og positive tilgang &#8211; og mod til at forny, hvor n\u00f8dvendigt, for nutiden er barsk.<\/p>\n<\/div>\n","protected":false},"excerpt":{"rendered":"<p>S\u00e5 er min officielle opstilling som formand for Muskelsvindfonden sendt ind og skulle gerne sammen med &#8220;vellignende foto&#8221; v\u00e6re at finde p\u00e5 fondens hjemmeside en\u00a0af de kommende dage. Opstillingsteksten, der h\u00f8jst m\u00e5 v\u00e6re p\u00e5 1200 anslag, lyder s\u00e5ledes:<\/p>\n","protected":false},"author":3,"featured_media":0,"comment_status":"open","ping_status":"open","sticky":false,"template":"","format":"standard","meta":{"footnotes":""},"categories":[354,3,1],"tags":[],"class_list":["post-5294","post","type-post","status-publish","format-standard","hentry","category-formblog","category-handicapdebat","category-uncategorized"],"_links":{"self":[{"href":"https:\/\/jan-jakobsen.dk\/index.php?rest_route=\/wp\/v2\/posts\/5294","targetHints":{"allow":["GET"]}}],"collection":[{"href":"https:\/\/jan-jakobsen.dk\/index.php?rest_route=\/wp\/v2\/posts"}],"about":[{"href":"https:\/\/jan-jakobsen.dk\/index.php?rest_route=\/wp\/v2\/types\/post"}],"author":[{"embeddable":true,"href":"https:\/\/jan-jakobsen.dk\/index.php?rest_route=\/wp\/v2\/users\/3"}],"replies":[{"embeddable":true,"href":"https:\/\/jan-jakobsen.dk\/index.php?rest_route=%2Fwp%2Fv2%2Fcomments&post=5294"}],"version-history":[{"count":6,"href":"https:\/\/jan-jakobsen.dk\/index.php?rest_route=\/wp\/v2\/posts\/5294\/revisions"}],"predecessor-version":[{"id":5743,"href":"https:\/\/jan-jakobsen.dk\/index.php?rest_route=\/wp\/v2\/posts\/5294\/revisions\/5743"}],"wp:attachment":[{"href":"https:\/\/jan-jakobsen.dk\/index.php?rest_route=%2Fwp%2Fv2%2Fmedia&parent=5294"}],"wp:term":[{"taxonomy":"category","embeddable":true,"href":"https:\/\/jan-jakobsen.dk\/index.php?rest_route=%2Fwp%2Fv2%2Fcategories&post=5294"},{"taxonomy":"post_tag","embeddable":true,"href":"https:\/\/jan-jakobsen.dk\/index.php?rest_route=%2Fwp%2Fv2%2Ftags&post=5294"}],"curies":[{"name":"wp","href":"https:\/\/api.w.org\/{rel}","templated":true}]}}