{"id":520,"date":"2008-06-07T10:28:32","date_gmt":"2008-06-07T08:28:32","guid":{"rendered":"http:\/\/jan-jakobsen.dk\/?p=520"},"modified":"2013-07-25T21:24:47","modified_gmt":"2013-07-25T19:24:47","slug":"konflikt-b%c3%a6rer-langt-fra-hele-skylden-for-d%c3%b8dsfald","status":"publish","type":"post","link":"https:\/\/jan-jakobsen.dk\/?p=520","title":{"rendered":"Konflikt b\u00e6rer langt fra hele skylden for d\u00f8dsfald"},"content":{"rendered":"<p>Situationen p\u00e5 respirationscentrene h\u00e6nger ogs\u00e5 sammen med, at det er vanskeligt at f\u00e5 udsluset reelt f\u00e6rdigbehandlede patienter til eget hjem.<\/p>\n<p><!--more-->Af Jan Jakobsen<\/p>\n<p>Ringsted<\/p>\n<p>Medlem af Muskelsvindfondens bestyrelse.<\/p>\n<p>Sagen omkring en 58-\u00e5rig mand, der d\u00f8de 16. maj p\u00e5 Odense sygehus, har efter medieomtale givet styrke til et krav om at gribe ind i den verserende arbejdsmarkedskonflikt, men l\u00f8ser det problemet?<\/p>\n<p>Manden d\u00f8de af den aggressive muskelsygdom ALS, fordi han ikke i tide blev opereret i halsen, s\u00e5 han kunne tr\u00e6kke vejret ved hj\u00e6lp af en respirator. Der er tale om en meget tragisk h\u00e6ndelse, og der er for mig ingen tvivl om, at forkerte vurderingen i forbindelse med konflikten af alvoren for denne patient kan have indflydelse p\u00e5 d\u00f8dsfaldet.<\/p>\n<p>Ikke hele skylden<\/p>\n<p>Konflikten b\u00e6rer dog langt fra hele skylden. De lange ventetider p\u00e5 indl\u00e6ggelse p\u00e5 de to respirationscentre i \u00f8st- og Vestdanmark er en meget v\u00e6sentlig \u00e5rsag. Allerede tre m\u00e5neder forud for konflikten var n\u00e6vnte patient p\u00e5 venteliste til indl\u00e6ggelse p\u00e5 Respirationscenter Vest. De lange ventelister er politikerne p\u00e5 Christiansborg for lang tid siden blevet gjort opm\u00e6rksomme p\u00e5 blandt andet gennem den bekymring for problemerne, som Muskelsvindfonden har givet udtryk for.<\/p>\n<p>S\u00e5 sent som p\u00e5 Muskelsvindfondens Landsm\u00f8de i april advarede formanden Evald Krog mod,at der kunne opst\u00e5 den situation, der f\u00f8rte til det tragiske d\u00f8dsfald p\u00e5 Fyn. Evald Krog k\u00e6dede ikke situationen sammen med en arbejdskonflikt, men med det faktum, at der ikke er kapacitet nok p\u00e5 de to respirationscentre. I en pressemeddelelse fra landsm\u00f8det hedder det bl.a.: \u201d\u2026Kapaciteten p\u00e5 Respirationscentrene er for lille, og det har alvorlige konsekvenser for os der har sv\u00e6rt ved selv at tr\u00e6kke vejret. Vi oplever i Muskelsvindfonden, at vores medlemmer ikke kommer til, f\u00f8r det er for sent, siger Evald Krog, der derfor vil have \u00f8get kapaciteten p\u00e5 respirationscentrene\u2026\u201d.<\/p>\n<p>Situationen p\u00e5 respirationscentrene h\u00e6nger igen sammen med, at det er vanskeligt at f\u00e5 udsluset reelt f\u00e6rdigbehandlede patienter til eget hjem. Der er vanskeligheder med at rekruttere og f\u00e5 uddannet de n\u00f8dvendige hj\u00e6lpere, som skal til i forbindelse med brug af respirator. Denne del af problematikken arbejder Folketinget i \u00f8jeblikket p\u00e5 at l\u00f8se gennem en forbedring af handicaphj\u00e6lpernes l\u00f8n- og arbejdsforhold. Der er ingen tvivl om, at en manglende l\u00f8nudvikling p\u00e5 dette omr\u00e5de sammen med en rekordlav arbejdsl\u00f8shed ogs\u00e5 har betydning \u2013 s\u00e5 meget afh\u00e6nger ogs\u00e5 af, om det lykkes at finde en fornuftig l\u00f8sning her.<\/p>\n<p>Kan opst\u00e5 igen<\/p>\n<p>Tilbage st\u00e5r, at politikerne p\u00e5 Christiansborg ogs\u00e5 m\u00e5 l\u00f8se den uholdbare situation p\u00e5 respirationscentrene \u2013 for en lige s\u00e5 tragisk situation kan opst\u00e5 igen\u2026 med eller uden konflikt p\u00e5 arbejdsmarkedet.<\/p>\n","protected":false},"excerpt":{"rendered":"<p>Situationen p\u00e5 respirationscentrene h\u00e6nger ogs\u00e5 sammen med, at det er vanskeligt at f\u00e5 udsluset reelt f\u00e6rdigbehandlede patienter til eget hjem.<\/p>\n","protected":false},"author":3,"featured_media":0,"comment_status":"open","ping_status":"open","sticky":false,"template":"","format":"standard","meta":{"footnotes":""},"categories":[5,3],"tags":[],"class_list":["post-520","post","type-post","status-publish","format-standard","hentry","category-artikler-og-kronikker","category-handicapdebat"],"_links":{"self":[{"href":"https:\/\/jan-jakobsen.dk\/index.php?rest_route=\/wp\/v2\/posts\/520","targetHints":{"allow":["GET"]}}],"collection":[{"href":"https:\/\/jan-jakobsen.dk\/index.php?rest_route=\/wp\/v2\/posts"}],"about":[{"href":"https:\/\/jan-jakobsen.dk\/index.php?rest_route=\/wp\/v2\/types\/post"}],"author":[{"embeddable":true,"href":"https:\/\/jan-jakobsen.dk\/index.php?rest_route=\/wp\/v2\/users\/3"}],"replies":[{"embeddable":true,"href":"https:\/\/jan-jakobsen.dk\/index.php?rest_route=%2Fwp%2Fv2%2Fcomments&post=520"}],"version-history":[{"count":7,"href":"https:\/\/jan-jakobsen.dk\/index.php?rest_route=\/wp\/v2\/posts\/520\/revisions"}],"predecessor-version":[{"id":2422,"href":"https:\/\/jan-jakobsen.dk\/index.php?rest_route=\/wp\/v2\/posts\/520\/revisions\/2422"}],"wp:attachment":[{"href":"https:\/\/jan-jakobsen.dk\/index.php?rest_route=%2Fwp%2Fv2%2Fmedia&parent=520"}],"wp:term":[{"taxonomy":"category","embeddable":true,"href":"https:\/\/jan-jakobsen.dk\/index.php?rest_route=%2Fwp%2Fv2%2Fcategories&post=520"},{"taxonomy":"post_tag","embeddable":true,"href":"https:\/\/jan-jakobsen.dk\/index.php?rest_route=%2Fwp%2Fv2%2Ftags&post=520"}],"curies":[{"name":"wp","href":"https:\/\/api.w.org\/{rel}","templated":true}]}}