{"id":5142,"date":"2016-01-16T08:31:36","date_gmt":"2016-01-16T07:31:36","guid":{"rendered":"http:\/\/jan-jakobsen.dk\/?p=5142"},"modified":"2016-01-16T18:01:36","modified_gmt":"2016-01-16T17:01:36","slug":"de-gode-gamle-dage","status":"publish","type":"post","link":"https:\/\/jan-jakobsen.dk\/?p=5142","title":{"rendered":"Gamle dage &#8211; er de til noget?"},"content":{"rendered":"<p>Forleden redigere jeg min hjemmeside. Her fort\u00e6ller jeg bl.a. min egen historie. Det fik mig til at t\u00e6nke: er s\u00e5danne tilbageblik relevante? Det bliver\u00a0let til h\u00e5n mod\u00a0unge\u00a0som\u00a0fork\u00e6lede, men\u00a0nu skal de bare h\u00f8re, hvor h\u00e5rdt det var i vores barndom.<!--more--><\/p>\n<p>Eller\u00a0at i vores barndom var alting bedre, lysere, solen skinnede altid &#8211; og s\u00e5 var der solidaritet i mods\u00e6tning til i dag, hvor alle er egoistiske og selvcentrerede. I begge tilf\u00e6lde kn\u00e6kker filmen og og l\u00e6serne er st\u00e5et af.<\/p>\n<p>Min og andres historie kan fort\u00e6lle, hvor meget,\u00a0der er sket i den tid, vi\u00a0har v\u00e6ret med i handicappolitik. Godt og skidt. Det er b\u00e5de politik og historie skabt helt andre steder &#8211; men samtidig\u00a0ogs\u00e5 en fort\u00e6lling om vores egen indsats og engagement. Der er erfaringer. De kan ikke bare plukkes og genbruges, men m\u00e5\u00a0ses i en ny tid og ny sammenh\u00e6ng. Noget kan inspirere, for &#8220;noget&#8221; virker\u00a0stadig &#8211; ikke mindst sammen med de muligheder nye teknologier og ny viden giver os.<\/p>\n<p>I den sammenh\u00e6ng er historierne stadig en drivkraft: N\u00e5r vi kan og vil forandring, s\u00e5\u00a0presser vi p\u00e5 for at det sker, og s\u00e5 lykkes\u00a0det. \u00a0G\u00f8r vi ikke noget, forandres intet. Heri ligger erfaringer, der sammen med nye muligheder giver h\u00e5b og perspektiv. Det hindrer meget af den h\u00e5bl\u00f8shed, som ellers tager over. For vi skal ikke tage fejl: i nuet virker meget h\u00e5bl\u00f8st. Det gjorde det s\u00e5dan set ogs\u00e5 &#8220;dengang&#8221; vores historie var nuet.<\/p>\n<p>Med den dimension i baghovedet\u00a0skaber vi sammen\u00a0nutidens aktivisme og forandring, for vi har alle sammen noget at bidrage med. Det er mangfoldighed og kr\u00e6ver rummelighed: b\u00e5de\u00a0historisk, politisk og set i forhold til\u00a0m\u00e5let.<\/p>\n<p>#jjstr\u00f8<\/p>\n","protected":false},"excerpt":{"rendered":"<p>Forleden redigere jeg min hjemmeside. Her fort\u00e6ller jeg bl.a. min egen historie. Det fik mig til at t\u00e6nke: er s\u00e5danne tilbageblik relevante? Det bliver\u00a0let til h\u00e5n mod\u00a0unge\u00a0som\u00a0fork\u00e6lede, men\u00a0nu skal de bare h\u00f8re, hvor h\u00e5rdt det var i vores barndom.<\/p>\n","protected":false},"author":3,"featured_media":5143,"comment_status":"open","ping_status":"open","sticky":false,"template":"","format":"standard","meta":{"footnotes":""},"categories":[357],"tags":[361,456,457,458],"class_list":["post-5142","post","type-post","status-publish","format-standard","has-post-thumbnail","hentry","category-stroetanker","tag-jjstroe","tag-aktivisme","tag-forandring","tag-historie"],"_links":{"self":[{"href":"https:\/\/jan-jakobsen.dk\/index.php?rest_route=\/wp\/v2\/posts\/5142","targetHints":{"allow":["GET"]}}],"collection":[{"href":"https:\/\/jan-jakobsen.dk\/index.php?rest_route=\/wp\/v2\/posts"}],"about":[{"href":"https:\/\/jan-jakobsen.dk\/index.php?rest_route=\/wp\/v2\/types\/post"}],"author":[{"embeddable":true,"href":"https:\/\/jan-jakobsen.dk\/index.php?rest_route=\/wp\/v2\/users\/3"}],"replies":[{"embeddable":true,"href":"https:\/\/jan-jakobsen.dk\/index.php?rest_route=%2Fwp%2Fv2%2Fcomments&post=5142"}],"version-history":[{"count":15,"href":"https:\/\/jan-jakobsen.dk\/index.php?rest_route=\/wp\/v2\/posts\/5142\/revisions"}],"predecessor-version":[{"id":5162,"href":"https:\/\/jan-jakobsen.dk\/index.php?rest_route=\/wp\/v2\/posts\/5142\/revisions\/5162"}],"wp:featuredmedia":[{"embeddable":true,"href":"https:\/\/jan-jakobsen.dk\/index.php?rest_route=\/wp\/v2\/media\/5143"}],"wp:attachment":[{"href":"https:\/\/jan-jakobsen.dk\/index.php?rest_route=%2Fwp%2Fv2%2Fmedia&parent=5142"}],"wp:term":[{"taxonomy":"category","embeddable":true,"href":"https:\/\/jan-jakobsen.dk\/index.php?rest_route=%2Fwp%2Fv2%2Fcategories&post=5142"},{"taxonomy":"post_tag","embeddable":true,"href":"https:\/\/jan-jakobsen.dk\/index.php?rest_route=%2Fwp%2Fv2%2Ftags&post=5142"}],"curies":[{"name":"wp","href":"https:\/\/api.w.org\/{rel}","templated":true}]}}