{"id":4988,"date":"2016-01-08T17:44:06","date_gmt":"2016-01-08T16:44:06","guid":{"rendered":"http:\/\/jan-jakobsen.dk\/?p=4988"},"modified":"2016-01-13T06:46:40","modified_gmt":"2016-01-13T05:46:40","slug":"sanger-med-respirator-goer-entre-i-x-faktor","status":"publish","type":"post","link":"https:\/\/jan-jakobsen.dk\/?p=4988","title":{"rendered":"Sanger med respirator g\u00f8r entre i X-Faktor!"},"content":{"rendered":"<div id=\"attachment_4989\" style=\"width: 310px\" class=\"wp-caption alignright\"><img loading=\"lazy\" decoding=\"async\" aria-describedby=\"caption-attachment-4989\" class=\"size-medium wp-image-4989\" src=\"https:\/\/jan-jakobsen.dk\/https:\/\/jan-jakobsen.dk\/wp-content\/uploads\/2016\/01\/xfaktor-300x152.jpg\" alt=\"F\u00f8lg med i X Faktor i aften kl. 20.00 p\u00e5 DR 1.\" width=\"300\" height=\"152\" srcset=\"https:\/\/jan-jakobsen.dk\/http:\/\/jan-jakobsen.dk\/wp-content\/uploads\/2016\/01\/xfaktor-300x152.jpg 300w, https:\/\/jan-jakobsen.dk\/http:\/\/jan-jakobsen.dk\/wp-content\/uploads\/2016\/01\/xfaktor.jpg 437w\" sizes=\"auto, (max-width: 300px) 100vw, 300px\" \/><p id=\"caption-attachment-4989\" class=\"wp-caption-text\">F\u00f8lg med i X Faktor i aften kl. 20.00 p\u00e5 DR 1.<\/p><\/div>\n<p>For 17 timer siden postede Sarah Glerup f\u00f8lgende velbevarede hemmelighed p\u00e5 sin Facebook-profil: &#8220;&#8230;Jeg har rodet mig ud i et eksperiment: Kan man synge sig igennem en audition, uden at X Factors dommere opdager, at man ikke tr\u00e6kker vejret selv??<\/p>\n<p>Til lejligheden har jeg kamufleret min respirator med blondestof. Jeg h\u00e5ber, det lykkes at vise, at livet med en respirator kan v\u00e6re godt og aktivt og skattekronerne v\u00e6rd. Se udfaldet i morgen fredag kl. 20 p\u00e5 DR&#8230;&#8221;<!--more--><\/p>\n<p>Dette er ikke noget dagligdags. Det er det geniale breakthrougt i medierne for at fort\u00e6lle om, at vi\u00a0kan have et fedt liv med respirator. Det bliver den direkte kontakt med seerne, som vi har talt om i \u00e5revis. Det handler f\u00f8rst og fremmest om at f\u00e5 en scene\u00a0at fort\u00e6lle den personlig historie fra.\u00a0Sarah Glerup nu har gjort det adskillige gange f\u00f8r. Hendes <a href=\"http:\/\/sarahglerup.blogspot.dk\" target=\"_blank\">Det Sarahkastiske hj\u00f8rne<\/a>. Hendes<a href=\"https:\/\/www.youtube.com\/watch?v=Bjp2pABJ8-c\" target=\"_blank\"> FLEKSJOB\/N\u00e5r funktionsneds\u00e6ttelsen er permanent..<\/a>. Hendes <a href=\"http:\/\/www.information.dk\/485062\" target=\"_blank\">Artikel: Kr\u00f8bling kend din krop<\/a>. Og med egne ord er Sarah &#8220;en lesbisk venstreradikal stores\u00f8sterhumanistn\u00f8rd med muskelsvind&#8221;, der str\u00f8r om sig med tanker og tegninger, der giver rigtig god mening. S\u00e5 gl\u00e6d dig. Der er power og tanke med\u00a0denne optr\u00e6den&#8230;<\/p>\n<p>Det betyder s\u00e5 ogs\u00e5, at jeg for f\u00f8rste gang i mit liv skal se en hel X-faktor, men det g\u00f8r ikke noget, for det giver mening for ikke kun mig &#8211; men for mange&#8230; men gad vide, hvor mange fredage det kommer til at sluge?<\/p>\n","protected":false},"excerpt":{"rendered":"<p>For 17 timer siden postede Sarah Glerup f\u00f8lgende velbevarede hemmelighed p\u00e5 sin Facebook-profil: &#8220;&#8230;Jeg har rodet mig ud i et eksperiment: Kan man synge sig igennem en audition, uden at X Factors dommere opdager, at man ikke tr\u00e6kker vejret selv?? &hellip; <a href=\"https:\/\/jan-jakobsen.dk\/?p=4988\">L\u00e6s resten <span class=\"meta-nav\">&rarr;<\/span><\/a><\/p>\n","protected":false},"author":3,"featured_media":4989,"comment_status":"open","ping_status":"open","sticky":false,"template":"","format":"standard","meta":{"footnotes":""},"categories":[4,3,1],"tags":[381,313,336,382,380],"class_list":["post-4988","post","type-post","status-publish","format-standard","has-post-thumbnail","hentry","category-blog","category-handicapdebat","category-uncategorized","tag-lesbisk","tag-respirator","tag-sarah-glerup","tag-venstreradikal","tag-x-faktor"],"_links":{"self":[{"href":"https:\/\/jan-jakobsen.dk\/index.php?rest_route=\/wp\/v2\/posts\/4988","targetHints":{"allow":["GET"]}}],"collection":[{"href":"https:\/\/jan-jakobsen.dk\/index.php?rest_route=\/wp\/v2\/posts"}],"about":[{"href":"https:\/\/jan-jakobsen.dk\/index.php?rest_route=\/wp\/v2\/types\/post"}],"author":[{"embeddable":true,"href":"https:\/\/jan-jakobsen.dk\/index.php?rest_route=\/wp\/v2\/users\/3"}],"replies":[{"embeddable":true,"href":"https:\/\/jan-jakobsen.dk\/index.php?rest_route=%2Fwp%2Fv2%2Fcomments&post=4988"}],"version-history":[{"count":3,"href":"https:\/\/jan-jakobsen.dk\/index.php?rest_route=\/wp\/v2\/posts\/4988\/revisions"}],"predecessor-version":[{"id":4993,"href":"https:\/\/jan-jakobsen.dk\/index.php?rest_route=\/wp\/v2\/posts\/4988\/revisions\/4993"}],"wp:featuredmedia":[{"embeddable":true,"href":"https:\/\/jan-jakobsen.dk\/index.php?rest_route=\/wp\/v2\/media\/4989"}],"wp:attachment":[{"href":"https:\/\/jan-jakobsen.dk\/index.php?rest_route=%2Fwp%2Fv2%2Fmedia&parent=4988"}],"wp:term":[{"taxonomy":"category","embeddable":true,"href":"https:\/\/jan-jakobsen.dk\/index.php?rest_route=%2Fwp%2Fv2%2Fcategories&post=4988"},{"taxonomy":"post_tag","embeddable":true,"href":"https:\/\/jan-jakobsen.dk\/index.php?rest_route=%2Fwp%2Fv2%2Ftags&post=4988"}],"curies":[{"name":"wp","href":"https:\/\/api.w.org\/{rel}","templated":true}]}}