{"id":4951,"date":"2016-01-08T01:41:19","date_gmt":"2016-01-08T00:41:19","guid":{"rendered":"http:\/\/jan-jakobsen.dk\/?p=4951"},"modified":"2016-01-16T06:52:01","modified_gmt":"2016-01-16T05:52:01","slug":"konkurrencestaten","status":"publish","type":"post","link":"https:\/\/jan-jakobsen.dk\/?p=4951","title":{"rendered":"Konkurrencestaten"},"content":{"rendered":"<p>Jeg har gennem det sidste \u00e5rs tid oplevet, at politikere reagerer voldsomt, n\u00e5r jeg i forbindelse med handicap kritiserer konkurrencestaten.<\/p>\n<p>Det g\u00e6lder ikke mindst politikere, der har tilh\u00f8rt det s\u00e5kaldte &#8220;centrum-venstre\u201d (is\u00e6r Socialdemokrater og SF). P\u00e5 et m\u00f8de for nogle m\u00e5neder siden blev jeg m\u00f8dt med argumentet, at \u201chandicappede har det meget v\u00e6rre i andre lande\u201d.<!--more--><\/p>\n<p>Det er helt rigtigt, men det har da aldrig v\u00e6ret et argument for, at fx. fagbev\u00e6gelsen i Danmark skulle s<span class=\"text_exposed_show\">toppe kampen for bedre l\u00f8n- og arbejdsvilk\u00e5r. P\u00e5 samme vis m\u00e5 vi med handicap ikke opgive kritikken af opl\u00f8sningen af velf\u00e6rdsstaten.<\/span><\/p>\n<div class=\"text_exposed_show\">\n<p>M\u00e5ske t\u00e5ler disse politikere ikke kritikken af konkurrencestaten fordi den minder dem om fad\u00e6sen New Public Management og viser den politiske og moralske opl\u00f8sning, det har bragt centrum-venstre i.<\/p>\n<p>#jjstr\u00f8<\/p>\n<\/div>\n","protected":false},"excerpt":{"rendered":"<p>Jeg har gennem det sidste \u00e5rs tid oplevet, at politikere reagerer voldsomt, n\u00e5r jeg i forbindelse med handicap kritiserer konkurrencestaten. Det g\u00e6lder ikke mindst politikere, der har tilh\u00f8rt det s\u00e5kaldte &#8220;centrum-venstre\u201d (is\u00e6r Socialdemokrater og SF). P\u00e5 et m\u00f8de for nogle &hellip; <a href=\"https:\/\/jan-jakobsen.dk\/?p=4951\">L\u00e6s resten <span class=\"meta-nav\">&rarr;<\/span><\/a><\/p>\n","protected":false},"author":3,"featured_media":5143,"comment_status":"open","ping_status":"open","sticky":false,"template":"","format":"standard","meta":{"footnotes":""},"categories":[342,357],"tags":[361,388,178,387],"class_list":["post-4951","post","type-post","status-publish","format-standard","has-post-thumbnail","hentry","category-foredragfb-debatoplaeg","category-stroetanker","tag-jjstroe","tag-centrum-venstre","tag-handicap-2","tag-konkurrencestat"],"_links":{"self":[{"href":"https:\/\/jan-jakobsen.dk\/index.php?rest_route=\/wp\/v2\/posts\/4951","targetHints":{"allow":["GET"]}}],"collection":[{"href":"https:\/\/jan-jakobsen.dk\/index.php?rest_route=\/wp\/v2\/posts"}],"about":[{"href":"https:\/\/jan-jakobsen.dk\/index.php?rest_route=\/wp\/v2\/types\/post"}],"author":[{"embeddable":true,"href":"https:\/\/jan-jakobsen.dk\/index.php?rest_route=\/wp\/v2\/users\/3"}],"replies":[{"embeddable":true,"href":"https:\/\/jan-jakobsen.dk\/index.php?rest_route=%2Fwp%2Fv2%2Fcomments&post=4951"}],"version-history":[{"count":7,"href":"https:\/\/jan-jakobsen.dk\/index.php?rest_route=\/wp\/v2\/posts\/4951\/revisions"}],"predecessor-version":[{"id":5040,"href":"https:\/\/jan-jakobsen.dk\/index.php?rest_route=\/wp\/v2\/posts\/4951\/revisions\/5040"}],"wp:featuredmedia":[{"embeddable":true,"href":"https:\/\/jan-jakobsen.dk\/index.php?rest_route=\/wp\/v2\/media\/5143"}],"wp:attachment":[{"href":"https:\/\/jan-jakobsen.dk\/index.php?rest_route=%2Fwp%2Fv2%2Fmedia&parent=4951"}],"wp:term":[{"taxonomy":"category","embeddable":true,"href":"https:\/\/jan-jakobsen.dk\/index.php?rest_route=%2Fwp%2Fv2%2Fcategories&post=4951"},{"taxonomy":"post_tag","embeddable":true,"href":"https:\/\/jan-jakobsen.dk\/index.php?rest_route=%2Fwp%2Fv2%2Ftags&post=4951"}],"curies":[{"name":"wp","href":"https:\/\/api.w.org\/{rel}","templated":true}]}}