{"id":4930,"date":"2016-01-05T10:55:30","date_gmt":"2016-01-05T09:55:30","guid":{"rendered":"http:\/\/jan-jakobsen.dk\/?p=4930"},"modified":"2016-01-13T07:01:13","modified_gmt":"2016-01-13T06:01:13","slug":"at-proeve-kraefter","status":"publish","type":"post","link":"https:\/\/jan-jakobsen.dk\/?p=4930","title":{"rendered":"At pr\u00f8ve kr\u00e6fter&#8230;"},"content":{"rendered":"<p><img loading=\"lazy\" decoding=\"async\" class=\"alignleft wp-image-4931\" src=\"https:\/\/jan-jakobsen.dk\/https:\/\/jan-jakobsen.dk\/wp-content\/uploads\/2016\/01\/Mac-1-300x169.jpg\" alt=\"Jan Jakobsen med sin computer foran sig fotograferet under et byr\u00e5dsm\u00f8de i Ringsted\" width=\"620\" height=\"349\" srcset=\"https:\/\/jan-jakobsen.dk\/http:\/\/jan-jakobsen.dk\/wp-content\/uploads\/2016\/01\/Mac-1-300x169.jpg 300w, https:\/\/jan-jakobsen.dk\/http:\/\/jan-jakobsen.dk\/wp-content\/uploads\/2016\/01\/Mac-1.jpg 640w\" sizes=\"auto, (max-width: 620px) 100vw, 620px\" \/><\/p>\n<p>Nu kommer vi ikke uden om det l\u00e6ngere. Vi har taget hul p\u00e5 et helt nyt \u00e5r, hvor vi skal til at huske at skrive 2016 i stedet for 2015. Det er blevet\u00a0\u201cdagligdag\u201d\u00a0igen, hvis det er muligt uden at antyde, at det handler om rutiner. Det er der for mit vedkommende nok ingen fare for. Der venter en r\u00e6kke foredrag og opl\u00e6g forude. Desuden er jeg ved at l\u00e6gge sidste h\u00e5nd p\u00e5 de sidste to artikler om\u00a0\u201cMit liv med respirator&#8221;, som jeg igangsatte i oktober sidste \u00e5r. Det er meningen, at de straks efter at alle artiklerne er f\u00e6rdige, redigeres og bliver til en lille gratis e-bog, der kan hentes p\u00e5 min hjemmeside. Flere andre artikler er ogs\u00e5 p\u00e5 vej.<!--more--><\/p>\n<p>Derudover har jeg s\u00f8gt tre m\u00e5neders orlov fra mit byr\u00e5dsarbejde i Ringsted. Det skyldes dels min beslutning om at stille op som kandidat til posten som formand i Muskelsvindfonden. Det skyldes dog ogs\u00e5, om ikke andet s\u00e5 i denne periode, et \u00f8nske om mere intensivt at kunne arbejde med handicappolitik. Det er ingen hemmelighed, at jeg mener, at vi p\u00e5 dette omr\u00e5de er under voldsomt pres og at noget m\u00e5 g\u00f8res. Jeg vil bruge de tre m\u00e5neder til at skrive, debattere og v\u00e6re med til at skabe mere og m\u00e5lrettet handling p\u00e5 dette omr\u00e5de, der har s\u00e5 stor betydning for vores liv, n\u00e5r vi har et handicap.<\/p>\n<p>Det bliver en periode, hvor mit mere generelle politiske engagement kommer til at tr\u00e6de i baggrunden for bestr\u00e6belserne p\u00e5 at v\u00e6re med til at skabe en mere synlig handicappolitisk aktivitet. Det bliver noget helt nyt, men jeg tror, at det for mig er den rigtige beslutning, jeg har truffet, selv om det g\u00f8r alt mere usikkert og mindre forudsigeligt. Engang imellem tror jeg vi har brug for som mennesker at v\u00e6re lidt p\u00e5 gyngende grund og s\u00f8ge nye udfordringer om ikke andet s\u00e5 i en periode.<\/p>\n<p>Orloven tr\u00e6der i kraft i februar og starter med ferie den f\u00f8rste uge af februar, hvilket jeg ikke mindst ser frem til.<\/p>\n<p>Der er ingen, der skal have nogen som helst skrupler med at henvende sig om et foredrag eller et opl\u00e6g omkring handicap under min orlov. Tiden, den giver mig, skal jo netop bruges til at jeg kan v\u00e6re med til at skabe debat om den m\u00e5de vi arbejder med handicappolitik.<\/p>\n","protected":false},"excerpt":{"rendered":"<p>Nu kommer vi ikke uden om det l\u00e6ngere. Vi har taget hul p\u00e5 et helt nyt \u00e5r, hvor vi skal til at huske at skrive 2016 i stedet for 2015. Det er blevet\u00a0\u201cdagligdag\u201d\u00a0igen, hvis det er muligt uden at antyde, &hellip; <a href=\"https:\/\/jan-jakobsen.dk\/?p=4930\">L\u00e6s resten <span class=\"meta-nav\">&rarr;<\/span><\/a><\/p>\n","protected":false},"author":3,"featured_media":0,"comment_status":"open","ping_status":"open","sticky":false,"template":"","format":"standard","meta":{"footnotes":""},"categories":[4,10,3,1],"tags":[392,393,391,389,178,144,390,394],"class_list":["post-4930","post","type-post","status-publish","format-standard","hentry","category-blog","category-debatoplaeg","category-handicapdebat","category-uncategorized","tag-byraad","tag-byraadsarbejde","tag-e-bog","tag-foredrag","tag-handicap-2","tag-handicappolitik","tag-oplaeg","tag-orlov"],"_links":{"self":[{"href":"https:\/\/jan-jakobsen.dk\/index.php?rest_route=\/wp\/v2\/posts\/4930","targetHints":{"allow":["GET"]}}],"collection":[{"href":"https:\/\/jan-jakobsen.dk\/index.php?rest_route=\/wp\/v2\/posts"}],"about":[{"href":"https:\/\/jan-jakobsen.dk\/index.php?rest_route=\/wp\/v2\/types\/post"}],"author":[{"embeddable":true,"href":"https:\/\/jan-jakobsen.dk\/index.php?rest_route=\/wp\/v2\/users\/3"}],"replies":[{"embeddable":true,"href":"https:\/\/jan-jakobsen.dk\/index.php?rest_route=%2Fwp%2Fv2%2Fcomments&post=4930"}],"version-history":[{"count":3,"href":"https:\/\/jan-jakobsen.dk\/index.php?rest_route=\/wp\/v2\/posts\/4930\/revisions"}],"predecessor-version":[{"id":5042,"href":"https:\/\/jan-jakobsen.dk\/index.php?rest_route=\/wp\/v2\/posts\/4930\/revisions\/5042"}],"wp:attachment":[{"href":"https:\/\/jan-jakobsen.dk\/index.php?rest_route=%2Fwp%2Fv2%2Fmedia&parent=4930"}],"wp:term":[{"taxonomy":"category","embeddable":true,"href":"https:\/\/jan-jakobsen.dk\/index.php?rest_route=%2Fwp%2Fv2%2Fcategories&post=4930"},{"taxonomy":"post_tag","embeddable":true,"href":"https:\/\/jan-jakobsen.dk\/index.php?rest_route=%2Fwp%2Fv2%2Ftags&post=4930"}],"curies":[{"name":"wp","href":"https:\/\/api.w.org\/{rel}","templated":true}]}}