{"id":488,"date":"2009-12-22T13:42:38","date_gmt":"2009-12-22T12:42:38","guid":{"rendered":"http:\/\/jan-jakobsen.dk\/?p=488"},"modified":"2013-05-27T17:08:45","modified_gmt":"2013-05-27T15:08:45","slug":"en-jule-og-nytarshilsen-til-alle-jeg-kender-og-ikke-kender","status":"publish","type":"post","link":"https:\/\/jan-jakobsen.dk\/?p=488","title":{"rendered":"En jule- og nyt\u00e5rshilsen til alle jeg kender &#8211; og ikke kender"},"content":{"rendered":"<p><img loading=\"lazy\" decoding=\"async\" class=\"alignleft size-medium wp-image-486\" title=\"efteraar2\" src=\"https:\/\/jan-jakobsen.dk\/https:\/\/jan-jakobsen.dk\/wp-content\/uploads\/2009\/12\/efteraar2-214x300.jpg\" alt=\"efteraar2\" width=\"214\" height=\"300\" srcset=\"https:\/\/jan-jakobsen.dk\/http:\/\/jan-jakobsen.dk\/wp-content\/uploads\/2009\/12\/efteraar2-214x300.jpg 214w, https:\/\/jan-jakobsen.dk\/http:\/\/jan-jakobsen.dk\/wp-content\/uploads\/2009\/12\/efteraar2.jpg 400w\" sizes=\"auto, (max-width: 214px) 100vw, 214px\" \/>Endnu et \u00e5r er g\u00e5et. Et begivenhedsrigt \u00e5r. Jeg vil tage nogle af de begivenheder op, der blev s\u00e5vel h\u00f8jdepunkter som skuffelser for mig. De vil handle om b\u00e5de politiske og handicappolitiske sejre og nederlag.<br \/>\nDet har for mig v\u00e6ret et utroligt l\u00e6rerigt \u00e5r. Jeg har haft fantastisk gode oplevelser og f\u00e5et nye erfaringer \u2013 ikke mindst i Muskelsvindfonden, hvor vi fik endnu et rekord\u00e5r med Gr\u00f8n Koncert og med nyskabelsen Cirkus Summarum i samarbejde med Danmarks Radio. Det er kun muligt gennem mange menneskers store indsats. Mit eget arbejde har v\u00e6ret p\u00e5 den internationale front i Sammenslutningen af Muskelsvindorganisationer i Europa (EAMDA) og i dannelsen af Muskelsvindfondens Etiske R\u00e5d. Begge dele forventer jeg meget af. Det har v\u00e6ret en forn\u00f8jelse at v\u00e6re med. S\u00e5 tak for at det har kunnet lade sig g\u00f8re.<br \/>\nI handicapr\u00e5det i Ringsted er resultaterne knapt s\u00e5 str\u00e5lende. Vi fik nok rettet nogle problemer med nogle handicapparkeringspladser, men ellers har det sidste \u00e5r v\u00e6ret lidt en rejse p\u00e5 stedet med mange proklamationer og sm\u00e5t med synlige resultater.<br \/>\n2009 blev det \u00e5r, regeringen gerne vil have os til at huske som regelforenklingernes \u00e5r. Der er dog langt fra ord til\u00a0virkelighed. Det, der st\u00e5r tilbage er stadig\u00a0mere kontrol og mindre tillid til borgerne.<br \/>\nNu kan mennesker med handicap tage sin hj\u00e6lp med sig til udlandet en hel m\u00e5ned uden at bede kommunen om lov. Det fremg\u00e5r af det udlandscirkul\u00e6re, der er i h\u00f8ring. Allerede f\u00f8r vedtagelsen er cirkul\u00e6ret ude af trit med virkeligheden. Hvem andre end mennesker med handicap skal bede om lov til at tage p\u00e5 ferie eller p\u00e5 studieophold i udlandet? Det er diskrimination s\u00e5 det klodser.<br \/>\nBilreglerne bliver ogs\u00e5 revideret. Der er forbedringer, men ikke i den grad vi\u00a0kunne h\u00e5be p\u00e5 &#8211; s\u00e6rligt ikke set i forhold til de ressourcer, der er brugt p\u00e5 forberedelserne af lovforslaget. Der\u00a0var lagt op til at\u00a0 sagsbehandlingstiderne skulle ned. Det ender med at v\u00e6re frivilligt om kommunerne vil indf\u00f8re en forenklet sagsbehandling. Hvilke kommuner\u00a0g\u00f8r det, n\u00e5r de,\u00a0uden at nogen l\u00f8fter en pegefinger, kan v\u00e6re 18 m\u00e5neder om at sagsbehandle blot en genbevilling af bil. Det g\u00f8r, at man kan skubbe en udgift til n\u00e6ste \u00e5r eller n\u00e6ste \u00e5r igen. Den kalkule\u00a0er mere fristende end at t\u00e6nke i, om borgere med handicap kan komme uden for deres hjem.<br \/>\nDer kan n\u00e6vnes andre punkter. V\u00e6rst er dog, som det er g\u00e5et med de opgaver, kommunerne overtog fra amterne &#8211; og de opgaver, der fortsat l\u00f8ses i regionerne.\u00a0Resultaterne er fulgt t\u00e6t af SL &#8211; Socialp\u00e6dagogernes Landsforbund. De viser skr\u00e6mmende tydeligt, at taberne i dette spil\u00a0er mennesker med udviklingsh\u00e6mning. Det er en ekstrem s\u00e5rbar gruppe, der ofte m\u00e5 forlade sig p\u00e5 andre som taler\u00f8r. Jeg kender ikke l\u00f8sningen, men kan se, at der i kommunerne ikke er de forn\u00f8dne moralske og humane ressourcer til at sikre en god l\u00f8sning. \u00d8konomi t\u00e6ller mere end mennesker ogs\u00e5 i denne sag. Det er ikke acceptabelt.<br \/>\nP\u00e5 den baggrund er det ufatteligt, at 2009 var \u00e5ret, hvor Danmark\u00a0tiltr\u00e5dte Handicapkonventionen. Det forpligter til at give lige muligheder og ikke at diskriminere p\u00e5 grund af handicap. Der ligger en stor opgave hos s\u00e5vel handicaporganisationer som kommunale handicapr\u00e5d i at holde fast i pligterne. Det er sidste udkald. I 1993 traf Folketinget beslutningsforslag om &#8220;Ligebehandling af handicappede og ikke handicappede borgere&#8221;, som det hed. Vi fik samtidig overv\u00e5gningsorganet &#8220;Center for Ligebehandling af Handicappede&#8221;, CLH. CLH har mange gange p\u00e5vist, at intentionerne om lige muligheder aldrig har givet mennesker med handicap reel ligestilling. Nu er Handicapkonventionen kommet til. Det er sidste skud i b\u00f8ssen. Vores opgave er at holde fast i, at\u00a0 de gode viljers tid er forbi. At vi har rettigheder, vi skal st\u00e5 fast p\u00e5. En sv\u00e6r opgave, men ikke til at komme uden om!<br \/>\n2009 blev ogs\u00e5 \u00e5ret, hvor vi havde kommunevalg. For mig personligt var det et godt valg her i Ringsted. Set med de store briller blev det noget af en forestilling. Aftaler var ikke aftaler alligevel og borgerne i adskillige kommuner v\u00e5gnede op til en anden virkelighed end den, de havde betroet deres stemme til. Jeg er ikke tilh\u00e6nger af den slags, for ofte g\u00f8res det for magt. Hvis man i vadestedet skifter parti for at f\u00e5 magt, er der noget galt.<br \/>\nI Ringsted fik SF tre ind i byr\u00e5det, hvor vi f\u00f8r var to. Det er jeg glad for. Det giver mulighed for at fordele arbejdet bedre. Det betyder, at vi ogs\u00e5 kan d\u00e6kke de tekniske udvalg. Is\u00e6r milj\u00f8- og klimaomr\u00e5det f\u00e5r gl\u00e6de af det. Det er vi ikke utilfredse med. Jeg er glad for, at vi er med i et flertal, der sikrer stabilitet. Det m\u00e5 dog aldrig f\u00f8re til, at det st\u00e6kker vores ret til at frems\u00e6tte egne forslag eller at det \u00e6ndrer vores politiske grundholdninger. Det har vi desv\u00e6rre set alt for mange eksempler p\u00e5 i den sidste tid \u2013 ogs\u00e5 i SF.<br \/>\nDer ligger store opgaver forude. \u00c5ret 2009 blev ikke et gennembruds\u00e5r for de holdninger, jeg k\u00e6mper for. Alligevel har det v\u00e6ret et godt \u00e5r. Det har sat nogle gode spor for den retning, vi skal. Det er et \u00e5r, der f\u00f8rst og fremmest har vist, at det er n\u00f8dvendigt at k\u00e6mpe. Og der bliver k\u00e6mpet. I aviserne kom adskillige enkeltsager frem, hvor mennesker med handicap var blevet ladt i stikken i kommunerne. Den p\u00e5pegning af problemerne, artiklerne har vist, er vigtige. Vores opgave er at sikre, at politikerne oms\u00e6tter det til lovgivning, der sikrer mennesker med handicap rettigheder. Det er det, der kr\u00e6ver kamp. Det g\u00f8r ikke noget, for det er derfor vi er her. Det vigtigste er, at vi kan se en vej frem. Og den er der, hvis vi kl\u00f8r p\u00e5. Vi kan og skal k\u00e6mpe!<br \/>\nTil sidst en generel politisk kommentar. Fattigdommen har bidt sig fast i Danmark. S\u00e5dan har overskrifterne lydt de senere dage. Samtidig har Rockwool-fonden offentliggjort en unders\u00f8gelse, der viser, at selv under opgangstiderne blev fattige i Danmark fattigere. Det passer alts\u00e5 ikke, at vi alle f\u00e5r gl\u00e6de af, n\u00e5r hjulene ruller hurtigere. Flertallet &#8211; os, der er ovenp\u00e5 &#8230;- har, men det er ikke godt nok til et solidarisk samfund!<br \/>\nMed det vil jeg \u00f8nske alle en god jul og et godt nyt\u00e5r. Tak for samarbejdet. Tak for uenighederne. Tak for kampen. Tak for de resultater, vi trods alt n\u00e5ede! Der er ingen tvivl om, at det kan blive bedre!<br \/>\nMange gode hilsner<br \/>\nJan<\/p>\n","protected":false},"excerpt":{"rendered":"<p>Endnu et \u00e5r er g\u00e5et. Et begivenhedsrigt \u00e5r. Jeg vil tage nogle af de begivenheder op, der blev s\u00e5vel h\u00f8jdepunkter som skuffelser for mig. De vil handle om b\u00e5de politiske og handicappolitiske sejre og nederlag. Det har for mig v\u00e6ret &hellip; <a href=\"https:\/\/jan-jakobsen.dk\/?p=488\">L\u00e6s resten <span class=\"meta-nav\">&rarr;<\/span><\/a><\/p>\n","protected":false},"author":3,"featured_media":0,"comment_status":"open","ping_status":"open","sticky":false,"template":"","format":"standard","meta":{"footnotes":""},"categories":[4],"tags":[],"class_list":["post-488","post","type-post","status-publish","format-standard","hentry","category-blog"],"_links":{"self":[{"href":"https:\/\/jan-jakobsen.dk\/index.php?rest_route=\/wp\/v2\/posts\/488","targetHints":{"allow":["GET"]}}],"collection":[{"href":"https:\/\/jan-jakobsen.dk\/index.php?rest_route=\/wp\/v2\/posts"}],"about":[{"href":"https:\/\/jan-jakobsen.dk\/index.php?rest_route=\/wp\/v2\/types\/post"}],"author":[{"embeddable":true,"href":"https:\/\/jan-jakobsen.dk\/index.php?rest_route=\/wp\/v2\/users\/3"}],"replies":[{"embeddable":true,"href":"https:\/\/jan-jakobsen.dk\/index.php?rest_route=%2Fwp%2Fv2%2Fcomments&post=488"}],"version-history":[{"count":4,"href":"https:\/\/jan-jakobsen.dk\/index.php?rest_route=\/wp\/v2\/posts\/488\/revisions"}],"predecessor-version":[{"id":491,"href":"https:\/\/jan-jakobsen.dk\/index.php?rest_route=\/wp\/v2\/posts\/488\/revisions\/491"}],"wp:attachment":[{"href":"https:\/\/jan-jakobsen.dk\/index.php?rest_route=%2Fwp%2Fv2%2Fmedia&parent=488"}],"wp:term":[{"taxonomy":"category","embeddable":true,"href":"https:\/\/jan-jakobsen.dk\/index.php?rest_route=%2Fwp%2Fv2%2Fcategories&post=488"},{"taxonomy":"post_tag","embeddable":true,"href":"https:\/\/jan-jakobsen.dk\/index.php?rest_route=%2Fwp%2Fv2%2Ftags&post=488"}],"curies":[{"name":"wp","href":"https:\/\/api.w.org\/{rel}","templated":true}]}}