{"id":4691,"date":"2015-11-28T06:40:18","date_gmt":"2015-11-28T05:40:18","guid":{"rendered":"http:\/\/jan-jakobsen.dk\/?p=4691"},"modified":"2015-12-14T02:29:42","modified_gmt":"2015-12-14T01:29:42","slug":"bliver-det-ikke-svaert-at-leve-op-til-evald-krog-som-formand","status":"publish","type":"post","link":"https:\/\/jan-jakobsen.dk\/?p=4691","title":{"rendered":"Bliver det ikke sv\u00e6rt at leve op til Evald Krog som formand?"},"content":{"rendered":"<p><strong>Svar:<\/strong> Det kan jeg ikke. Jeg tror ikke, nogen vil slippe godt fra at pr\u00f8ve at blive en ny Evald.<\/p>\n<p>Evald er ikke alene formand for Muskelsvindfonden. Han er manden, der skabte den forening, der siden 1971 har bedret k\u00e5rene for mennesker med muskelsvind. Det er et livsv\u00e6rk, vi arver og skal udvikle.<!--more--><\/p>\n<p>En ny formand m\u00e5 finde egen stil og holde fast i fondens sj\u00e6l: aktive svindlere, der vil v\u00e6re en del af det danske samfund. Det i sig selv er en stor opgave, for der er hele tiden nye sider, vi skal udvikle, n\u00e5r det skal lykkes. Ansvaret bliver ikke mindre.<\/p>\n<p>En ny formand bliver givet m\u00f8dt med \u201cs\u00e5dan gjorde Evald ikke\u201d og \u201chvad tror du Evald siger til det?\u201d Der er kun at sige, at Evald gik sine egne veje &#8211; og det m\u00e5 vi ogs\u00e5 med samme sans for m\u00e5let.<\/p>\n","protected":false},"excerpt":{"rendered":"<p>Svar: Det kan jeg ikke. Jeg tror ikke, nogen vil slippe godt fra at pr\u00f8ve at blive en ny Evald. Evald er ikke alene formand for Muskelsvindfonden. Han er manden, der skabte den forening, der siden 1971 har bedret k\u00e5rene &hellip; <a href=\"https:\/\/jan-jakobsen.dk\/?p=4691\">L\u00e6s resten <span class=\"meta-nav\">&rarr;<\/span><\/a><\/p>\n","protected":false},"author":3,"featured_media":0,"comment_status":"open","ping_status":"open","sticky":false,"template":"","format":"standard","meta":{"footnotes":""},"categories":[351],"tags":[],"class_list":["post-4691","post","type-post","status-publish","format-standard","hentry","category-sporgsmal-og-svar-formandsvalg-2016"],"_links":{"self":[{"href":"https:\/\/jan-jakobsen.dk\/index.php?rest_route=\/wp\/v2\/posts\/4691","targetHints":{"allow":["GET"]}}],"collection":[{"href":"https:\/\/jan-jakobsen.dk\/index.php?rest_route=\/wp\/v2\/posts"}],"about":[{"href":"https:\/\/jan-jakobsen.dk\/index.php?rest_route=\/wp\/v2\/types\/post"}],"author":[{"embeddable":true,"href":"https:\/\/jan-jakobsen.dk\/index.php?rest_route=\/wp\/v2\/users\/3"}],"replies":[{"embeddable":true,"href":"https:\/\/jan-jakobsen.dk\/index.php?rest_route=%2Fwp%2Fv2%2Fcomments&post=4691"}],"version-history":[{"count":2,"href":"https:\/\/jan-jakobsen.dk\/index.php?rest_route=\/wp\/v2\/posts\/4691\/revisions"}],"predecessor-version":[{"id":4822,"href":"https:\/\/jan-jakobsen.dk\/index.php?rest_route=\/wp\/v2\/posts\/4691\/revisions\/4822"}],"wp:attachment":[{"href":"https:\/\/jan-jakobsen.dk\/index.php?rest_route=%2Fwp%2Fv2%2Fmedia&parent=4691"}],"wp:term":[{"taxonomy":"category","embeddable":true,"href":"https:\/\/jan-jakobsen.dk\/index.php?rest_route=%2Fwp%2Fv2%2Fcategories&post=4691"},{"taxonomy":"post_tag","embeddable":true,"href":"https:\/\/jan-jakobsen.dk\/index.php?rest_route=%2Fwp%2Fv2%2Ftags&post=4691"}],"curies":[{"name":"wp","href":"https:\/\/api.w.org\/{rel}","templated":true}]}}