{"id":4666,"date":"2015-11-18T22:30:39","date_gmt":"2015-11-18T21:30:39","guid":{"rendered":"http:\/\/jan-jakobsen.dk\/?p=4666"},"modified":"2015-12-14T02:31:42","modified_gmt":"2015-12-14T01:31:42","slug":"brugerinvolvering-hvor-langt-ind-i-sjaelen-naar-det","status":"publish","type":"post","link":"https:\/\/jan-jakobsen.dk\/?p=4666","title":{"rendered":"Brugerinvolvering: hvor langt ind i sj\u00e6len n\u00e5r det?"},"content":{"rendered":"<p>Var i dag til KL&#8217;s Handicap- og Psykiatri-konference. Der var en r\u00e6kke gode opl\u00e6g om bl.a. brugerinvolvering. Jeg kan alligevel ikke lade v\u00e6re med at v\u00e6re lidt\u00a0<span class=\"text_exposed_show\">kritisk over for dagsordenen.\u00a0<\/span><!--more--><\/p>\n<div class=\"text_exposed_show\">\n<p>Jeg er med p\u00e5 brugerinvolvering, samskabelse, mindset, rejser og fort\u00e6llinger og de mange andre begreber, som er oppe i tiden og sl\u00e5s om en plads som trendsetter. Alligevel er der for mig at se en stadig underliggende dagsorden, der trumfer alt: \u00f8konomi&#8230;<\/p>\n<p>Det er for mig hverken odi\u00f8st eller illegalt at t\u00e6nke i \u00f8konomi &#8211; det er vi ogs\u00e5 forpligtede til &#8211; men n\u00e5r kommuner bruger det der vel s\u00e5 m\u00e5 hedde &#8220;i samkor&#8221; p\u00e5 brugerinvolvering som et n\u00e6rmest nyt mantra, s\u00e5 er der grund til at kigge alle de smittende begejstrede dybt i \u00f8jnene og sp\u00f8rge: hvor langt ind i sj\u00e6len n\u00e5r det egentligt&#8230;? Er det ikke kun et fors\u00f8g p\u00e5 at s\u00e6lge varens underliggende dagsorden p\u00e5 en ny m\u00e5de?<\/p>\n<p>Sund skepsis og kritisk tilgang g\u00f8r vel ikke noget i en tid, hvor der er gjort mange fors\u00f8g p\u00e5 at overbevise os med handicap om, at det er for vores egen skyld at vi f.eks. skal rives ud af en tryg tilv\u00e6relse og tvinges over p\u00e5 en kontanthj\u00e6lpslignende ydelse i \u00e5rtier\u00a0<i class=\"_4-k1 img sp_fM-mz8spZ1b sx_7f72ac\"><u>wink-hum\u00f8rikon<\/u><\/i>\u00a0Visse vasse&#8230;<\/p>\n<p>P\u00e5 samme m\u00e5de er det dybt bekymrende, at man arbejder med rigide forestillinger om, at det eneste saligg\u00f8rende er et arbejde. Vi bliver n\u00f8dt til at erkende, at 99,9 % af alle med handicap \u00f8nsker at bidrage positivt i f\u00e6llesskabet. Stol dog p\u00e5, at vi g\u00f8r hvad vi kan. Opfind dog ja-hatten ogs\u00e5 i kommunalkulturen og drop den evindelige mist\u00e6nksomhed og kontrolkultur&#8230; s\u00e5 har vi s\u00e5m\u00e6nd et b\u00e5de socialt og \u00f8konomisk r\u00e5derum til et godt samfund med plads til alle&#8230;<\/p>\n<\/div>\n<p>&nbsp;<\/p>\n","protected":false},"excerpt":{"rendered":"<p>Var i dag til KL&#8217;s Handicap- og Psykiatri-konference. Der var en r\u00e6kke gode opl\u00e6g om bl.a. brugerinvolvering. Jeg kan alligevel ikke lade v\u00e6re med at v\u00e6re lidt\u00a0kritisk over for dagsordenen.\u00a0<\/p>\n","protected":false},"author":3,"featured_media":0,"comment_status":"open","ping_status":"open","sticky":false,"template":"","format":"standard","meta":{"footnotes":""},"categories":[342],"tags":[],"class_list":["post-4666","post","type-post","status-publish","format-standard","hentry","category-foredragfb-debatoplaeg"],"_links":{"self":[{"href":"https:\/\/jan-jakobsen.dk\/index.php?rest_route=\/wp\/v2\/posts\/4666","targetHints":{"allow":["GET"]}}],"collection":[{"href":"https:\/\/jan-jakobsen.dk\/index.php?rest_route=\/wp\/v2\/posts"}],"about":[{"href":"https:\/\/jan-jakobsen.dk\/index.php?rest_route=\/wp\/v2\/types\/post"}],"author":[{"embeddable":true,"href":"https:\/\/jan-jakobsen.dk\/index.php?rest_route=\/wp\/v2\/users\/3"}],"replies":[{"embeddable":true,"href":"https:\/\/jan-jakobsen.dk\/index.php?rest_route=%2Fwp%2Fv2%2Fcomments&post=4666"}],"version-history":[{"count":3,"href":"https:\/\/jan-jakobsen.dk\/index.php?rest_route=\/wp\/v2\/posts\/4666\/revisions"}],"predecessor-version":[{"id":4824,"href":"https:\/\/jan-jakobsen.dk\/index.php?rest_route=\/wp\/v2\/posts\/4666\/revisions\/4824"}],"wp:attachment":[{"href":"https:\/\/jan-jakobsen.dk\/index.php?rest_route=%2Fwp%2Fv2%2Fmedia&parent=4666"}],"wp:term":[{"taxonomy":"category","embeddable":true,"href":"https:\/\/jan-jakobsen.dk\/index.php?rest_route=%2Fwp%2Fv2%2Fcategories&post=4666"},{"taxonomy":"post_tag","embeddable":true,"href":"https:\/\/jan-jakobsen.dk\/index.php?rest_route=%2Fwp%2Fv2%2Ftags&post=4666"}],"curies":[{"name":"wp","href":"https:\/\/api.w.org\/{rel}","templated":true}]}}