{"id":4659,"date":"2015-11-26T23:50:24","date_gmt":"2015-11-26T22:50:24","guid":{"rendered":"http:\/\/jan-jakobsen.dk\/?p=4659"},"modified":"2015-11-30T01:43:19","modified_gmt":"2015-11-30T00:43:19","slug":"oplaeg-om-ny-handicappolitik","status":"publish","type":"post","link":"https:\/\/jan-jakobsen.dk\/?p=4659","title":{"rendered":"Opl\u00e6g om ny handicappolitik"},"content":{"rendered":"<p><a href=\"https:\/\/jan-jakobsen.dk\/https:\/\/jan-jakobsen.dk\/wp-content\/uploads\/2015\/11\/12291915_10153735664649481_8576027722580548808_o.jpg\"><img loading=\"lazy\" decoding=\"async\" class=\"aligncenter wp-image-4660\" src=\"https:\/\/jan-jakobsen.dk\/https:\/\/jan-jakobsen.dk\/wp-content\/uploads\/2015\/11\/12291915_10153735664649481_8576027722580548808_o-680x453.jpg\" alt=\"12291915_10153735664649481_8576027722580548808_o\" width=\"620\" height=\"413\" srcset=\"https:\/\/jan-jakobsen.dk\/http:\/\/jan-jakobsen.dk\/wp-content\/uploads\/2015\/11\/12291915_10153735664649481_8576027722580548808_o-680x453.jpg 680w, https:\/\/jan-jakobsen.dk\/http:\/\/jan-jakobsen.dk\/wp-content\/uploads\/2015\/11\/12291915_10153735664649481_8576027722580548808_o-300x200.jpg 300w, https:\/\/jan-jakobsen.dk\/http:\/\/jan-jakobsen.dk\/wp-content\/uploads\/2015\/11\/12291915_10153735664649481_8576027722580548808_o.jpg 1200w\" sizes=\"auto, (max-width: 620px) 100vw, 620px\" \/><\/a>Var torsdag aften i Nyborg for\u00a0<a class=\"profileLink\" href=\"https:\/\/www.facebook.com\/handicap.dk\/\" data-hovercard=\"\/ajax\/hovercard\/page.php?id=244871092312171\">Danske Handicaporganisationer<\/a>\u00a0og holde opl\u00e6g i forbindelse med, at Handicapr\u00e5det i Nyborg s\u00e6tter en proces i gang for at f\u00e5 revideret handicappolitikken fra 2008.<br \/>\n\u00c5rets handicappris blev samtidig uddelt og der var optr\u00e6den af &#8220;Danmarks eneste professionelle standup-komiker med handicap&#8221; Jonas Br\u00f8ndum.<br \/>\nEn rigtig god aften. (Foto: Vagn Guldbrandsen)<\/p>\n","protected":false},"excerpt":{"rendered":"<p>Var torsdag aften i Nyborg for\u00a0Danske Handicaporganisationer\u00a0og holde opl\u00e6g i forbindelse med, at Handicapr\u00e5det i Nyborg s\u00e6tter en proces i gang for at f\u00e5 revideret handicappolitikken fra 2008. \u00c5rets handicappris blev samtidig uddelt og der var optr\u00e6den af &#8220;Danmarks eneste &hellip; <a href=\"https:\/\/jan-jakobsen.dk\/?p=4659\">L\u00e6s resten <span class=\"meta-nav\">&rarr;<\/span><\/a><\/p>\n","protected":false},"author":3,"featured_media":0,"comment_status":"open","ping_status":"open","sticky":false,"template":"","format":"standard","meta":{"footnotes":""},"categories":[342],"tags":[],"class_list":["post-4659","post","type-post","status-publish","format-standard","hentry","category-foredragfb-debatoplaeg"],"_links":{"self":[{"href":"https:\/\/jan-jakobsen.dk\/index.php?rest_route=\/wp\/v2\/posts\/4659","targetHints":{"allow":["GET"]}}],"collection":[{"href":"https:\/\/jan-jakobsen.dk\/index.php?rest_route=\/wp\/v2\/posts"}],"about":[{"href":"https:\/\/jan-jakobsen.dk\/index.php?rest_route=\/wp\/v2\/types\/post"}],"author":[{"embeddable":true,"href":"https:\/\/jan-jakobsen.dk\/index.php?rest_route=\/wp\/v2\/users\/3"}],"replies":[{"embeddable":true,"href":"https:\/\/jan-jakobsen.dk\/index.php?rest_route=%2Fwp%2Fv2%2Fcomments&post=4659"}],"version-history":[{"count":1,"href":"https:\/\/jan-jakobsen.dk\/index.php?rest_route=\/wp\/v2\/posts\/4659\/revisions"}],"predecessor-version":[{"id":4661,"href":"https:\/\/jan-jakobsen.dk\/index.php?rest_route=\/wp\/v2\/posts\/4659\/revisions\/4661"}],"wp:attachment":[{"href":"https:\/\/jan-jakobsen.dk\/index.php?rest_route=%2Fwp%2Fv2%2Fmedia&parent=4659"}],"wp:term":[{"taxonomy":"category","embeddable":true,"href":"https:\/\/jan-jakobsen.dk\/index.php?rest_route=%2Fwp%2Fv2%2Fcategories&post=4659"},{"taxonomy":"post_tag","embeddable":true,"href":"https:\/\/jan-jakobsen.dk\/index.php?rest_route=%2Fwp%2Fv2%2Ftags&post=4659"}],"curies":[{"name":"wp","href":"https:\/\/api.w.org\/{rel}","templated":true}]}}