{"id":4324,"date":"2015-10-10T07:51:38","date_gmt":"2015-10-10T05:51:38","guid":{"rendered":"http:\/\/jan-jakobsen.dk\/?p=4324"},"modified":"2015-10-12T09:53:46","modified_gmt":"2015-10-12T07:53:46","slug":"4324","status":"publish","type":"post","link":"https:\/\/jan-jakobsen.dk\/?p=4324","title":{"rendered":"Musholm Ferie Sport Konference"},"content":{"rendered":"<div id=\"attachment_4373\" style=\"width: 610px\" class=\"wp-caption aligncenter\"><a href=\"https:\/\/jan-jakobsen.dk\/https:\/\/jan-jakobsen.dk\/wp-content\/uploads\/2015\/10\/Musholm-oktober-00859.jpg\"><img loading=\"lazy\" decoding=\"async\" aria-describedby=\"caption-attachment-4373\" class=\"wp-image-4373\" src=\"https:\/\/jan-jakobsen.dk\/https:\/\/jan-jakobsen.dk\/wp-content\/uploads\/2015\/10\/Musholm-oktober-00859-680x216.jpg\" alt=\"Musholm set fra udsigtspunktet &quot;Oldenbjerg&quot;. Man kommer til udsigtspunktet ad et tilg\u00e6ngeligt sti, der bev\u00e6ger sig rundt i landskabet.\" width=\"600\" height=\"191\" srcset=\"https:\/\/jan-jakobsen.dk\/http:\/\/jan-jakobsen.dk\/wp-content\/uploads\/2015\/10\/Musholm-oktober-00859-680x216.jpg 680w, https:\/\/jan-jakobsen.dk\/http:\/\/jan-jakobsen.dk\/wp-content\/uploads\/2015\/10\/Musholm-oktober-00859-300x95.jpg 300w, https:\/\/jan-jakobsen.dk\/http:\/\/jan-jakobsen.dk\/wp-content\/uploads\/2015\/10\/Musholm-oktober-00859.jpg 800w\" sizes=\"auto, (max-width: 600px) 100vw, 600px\" \/><\/a><p id=\"caption-attachment-4373\" class=\"wp-caption-text\">Musholm set fra udsigtspunktet &#8220;Oldenbjerg&#8221;. Man kommer til udsigtspunktet ad et tilg\u00e6ngeligt stisystem, der bev\u00e6ger sig rundt i landskabet.<\/p><\/div>\n<p>Indvielsen af den III. etape af Musholm Ferie Sport Konference fandt sted torsdag 1. oktober 2015. Her kan du se et galleri med fotos, der fort\u00e6ller, hvordan jeg oplevede b\u00e5de indvielsen og de f\u00f8lgende dage. Flere fotos viser. 2. og. 3. oktober, hvor der var et utal af aktiviteter for medlemmer, der viste de mange muligheder de nye rammer giver.\u00a0Til sidst en r\u00e6kke fotos fra byggeprocessen, der viser, hvor omfattende hele dette byggeprojekt til 100 mio. kr. har v\u00e6ret.<!--more--><\/p>\n<p>Alle fotos \u00a9 Jan Jakobsen 2015<\/p>\n<div id=\"attachment_4354\" style=\"width: 610px\" class=\"wp-caption aligncenter\"><a href=\"https:\/\/jan-jakobsen.dk\/https:\/\/jan-jakobsen.dk\/wp-content\/uploads\/2015\/10\/Musholm-oktober-0839.jpg\"><img loading=\"lazy\" decoding=\"async\" aria-describedby=\"caption-attachment-4354\" class=\"wp-image-4354\" src=\"https:\/\/jan-jakobsen.dk\/https:\/\/jan-jakobsen.dk\/wp-content\/uploads\/2015\/10\/Musholm-oktober-0839-680x510.jpg\" alt=\"Musholm oktober-0839\" width=\"600\" height=\"450\" srcset=\"https:\/\/jan-jakobsen.dk\/http:\/\/jan-jakobsen.dk\/wp-content\/uploads\/2015\/10\/Musholm-oktober-0839-680x510.jpg 680w, https:\/\/jan-jakobsen.dk\/http:\/\/jan-jakobsen.dk\/wp-content\/uploads\/2015\/10\/Musholm-oktober-0839-300x225.jpg 300w\" sizes=\"auto, (max-width: 600px) 100vw, 600px\" \/><\/a><p id=\"caption-attachment-4354\" class=\"wp-caption-text\">Udefra markerer Musholm sig ved at have f\u00e5et et helt nyt indgangsparti og ved den smukke runde form p\u00e5 multihallen, der &#8220;skruer&#8221; sig i vejret.<\/p><\/div>\n<div id=\"attachment_4353\" style=\"width: 610px\" class=\"wp-caption aligncenter\"><a href=\"https:\/\/jan-jakobsen.dk\/https:\/\/jan-jakobsen.dk\/wp-content\/uploads\/2015\/10\/Musholm-oktober-0840.jpg\"><img loading=\"lazy\" decoding=\"async\" aria-describedby=\"caption-attachment-4353\" class=\"wp-image-4353\" src=\"https:\/\/jan-jakobsen.dk\/https:\/\/jan-jakobsen.dk\/wp-content\/uploads\/2015\/10\/Musholm-oktober-0840-680x510.jpg\" alt=\"Det nye receptionsomr\u00e5de, n\u00e5r man tr\u00e6der indenfor p\u00e5 Musholm.\" width=\"600\" height=\"450\" srcset=\"https:\/\/jan-jakobsen.dk\/http:\/\/jan-jakobsen.dk\/wp-content\/uploads\/2015\/10\/Musholm-oktober-0840-680x510.jpg 680w, https:\/\/jan-jakobsen.dk\/http:\/\/jan-jakobsen.dk\/wp-content\/uploads\/2015\/10\/Musholm-oktober-0840-300x225.jpg 300w\" sizes=\"auto, (max-width: 600px) 100vw, 600px\" \/><\/a><p id=\"caption-attachment-4353\" class=\"wp-caption-text\">Det nye receptionsomr\u00e5de, n\u00e5r man tr\u00e6der indenfor p\u00e5 Musholm.<\/p><\/div>\n<div id=\"attachment_4366\" style=\"width: 610px\" class=\"wp-caption aligncenter\"><a href=\"https:\/\/jan-jakobsen.dk\/https:\/\/jan-jakobsen.dk\/wp-content\/uploads\/2015\/10\/Musholm-oktober-00810.jpg\"><img loading=\"lazy\" decoding=\"async\" aria-describedby=\"caption-attachment-4366\" class=\"wp-image-4366\" src=\"https:\/\/jan-jakobsen.dk\/https:\/\/jan-jakobsen.dk\/wp-content\/uploads\/2015\/10\/Musholm-oktober-00810-680x510.jpg\" alt=\"Musholm oktober-00810\" width=\"600\" height=\"450\" srcset=\"https:\/\/jan-jakobsen.dk\/http:\/\/jan-jakobsen.dk\/wp-content\/uploads\/2015\/10\/Musholm-oktober-00810-680x510.jpg 680w, https:\/\/jan-jakobsen.dk\/http:\/\/jan-jakobsen.dk\/wp-content\/uploads\/2015\/10\/Musholm-oktober-00810-300x225.jpg 300w, https:\/\/jan-jakobsen.dk\/http:\/\/jan-jakobsen.dk\/wp-content\/uploads\/2015\/10\/Musholm-oktober-00810.jpg 766w\" sizes=\"auto, (max-width: 600px) 100vw, 600px\" \/><\/a><p id=\"caption-attachment-4366\" class=\"wp-caption-text\">Hvad man ogs\u00e5 hurtigt bem\u00e6rker er den nye restaurant, som bliver drevet som en social\u00f8konomisk virksomhed. Fotoet er taget inden restauranten fik helt nyt inventar.<\/p><\/div>\n<div id=\"attachment_4280\" style=\"width: 610px\" class=\"wp-caption aligncenter\"><a href=\"https:\/\/jan-jakobsen.dk\/https:\/\/jan-jakobsen.dk\/wp-content\/uploads\/2015\/09\/03.jpg\"><img loading=\"lazy\" decoding=\"async\" aria-describedby=\"caption-attachment-4280\" class=\"wp-image-4280\" src=\"https:\/\/jan-jakobsen.dk\/https:\/\/jan-jakobsen.dk\/wp-content\/uploads\/2015\/09\/03-680x510.jpg\" alt=\"Et blik ud over det store vinduesparti. Her fornemmer man ogs\u00e5 den lange rampe, der hele vejen rundt om den runde bygning er en af m\u00e5derne (der er ogs\u00e5 elevator) kan komme op p\u00e5 hallens &quot;\u00f8vre plan&quot;.\" width=\"600\" height=\"450\" srcset=\"https:\/\/jan-jakobsen.dk\/http:\/\/jan-jakobsen.dk\/wp-content\/uploads\/2015\/09\/03-680x510.jpg 680w, https:\/\/jan-jakobsen.dk\/http:\/\/jan-jakobsen.dk\/wp-content\/uploads\/2015\/09\/03-300x225.jpg 300w, https:\/\/jan-jakobsen.dk\/http:\/\/jan-jakobsen.dk\/wp-content\/uploads\/2015\/09\/03.jpg 960w\" sizes=\"auto, (max-width: 600px) 100vw, 600px\" \/><\/a><p id=\"caption-attachment-4280\" class=\"wp-caption-text\">Et blik ud over det store vinduesparti i Multihallen, der kan blive til 2 haller. Her fornemmer man ogs\u00e5 den lange rampe, der hele vejen rundt om den runde bygning er en af m\u00e5derne (der er ogs\u00e5 elevator) kan komme op p\u00e5 hallens &#8220;\u00f8vre plan&#8221;.<\/p><\/div>\n<div id=\"attachment_4355\" style=\"width: 610px\" class=\"wp-caption aligncenter\"><a href=\"https:\/\/jan-jakobsen.dk\/https:\/\/jan-jakobsen.dk\/wp-content\/uploads\/2015\/10\/Musholm-oktober-01194.jpg\"><img loading=\"lazy\" decoding=\"async\" aria-describedby=\"caption-attachment-4355\" class=\"wp-image-4355\" src=\"https:\/\/jan-jakobsen.dk\/https:\/\/jan-jakobsen.dk\/wp-content\/uploads\/2015\/10\/Musholm-oktober-01194-680x510.jpg\" alt=\"\u00d8verst oppe kommer man enten med elevator, trappe eller ad rampe til Musholms andet og nye omr\u00e5de, hvor det er muligt at slappe af. Det hedder &quot;Himmelrummet.\" width=\"600\" height=\"450\" srcset=\"https:\/\/jan-jakobsen.dk\/http:\/\/jan-jakobsen.dk\/wp-content\/uploads\/2015\/10\/Musholm-oktober-01194-680x510.jpg 680w, https:\/\/jan-jakobsen.dk\/http:\/\/jan-jakobsen.dk\/wp-content\/uploads\/2015\/10\/Musholm-oktober-01194-300x225.jpg 300w\" sizes=\"auto, (max-width: 600px) 100vw, 600px\" \/><\/a><p id=\"caption-attachment-4355\" class=\"wp-caption-text\">\u00d8verst oppe kommer man enten med elevator, trappe eller ad rampe til Musholms andet og nye omr\u00e5de, hvor det er muligt at slappe af. Det hedder &#8220;Himmelrummet&#8221;.<\/p><\/div>\n<div id=\"attachment_4356\" style=\"width: 610px\" class=\"wp-caption aligncenter\"><a href=\"https:\/\/jan-jakobsen.dk\/https:\/\/jan-jakobsen.dk\/wp-content\/uploads\/2015\/10\/Musholm-oktober-01190.jpg\"><img loading=\"lazy\" decoding=\"async\" aria-describedby=\"caption-attachment-4356\" class=\"wp-image-4356\" src=\"https:\/\/jan-jakobsen.dk\/https:\/\/jan-jakobsen.dk\/wp-content\/uploads\/2015\/10\/Musholm-oktober-01190-680x510.jpg\" alt=\"Fra &quot;Himmelrummet&quot; har man en smuk udsigt over Musholms tage, himmel og hav.\" width=\"600\" height=\"450\" srcset=\"https:\/\/jan-jakobsen.dk\/http:\/\/jan-jakobsen.dk\/wp-content\/uploads\/2015\/10\/Musholm-oktober-01190-680x510.jpg 680w, https:\/\/jan-jakobsen.dk\/http:\/\/jan-jakobsen.dk\/wp-content\/uploads\/2015\/10\/Musholm-oktober-01190-300x225.jpg 300w\" sizes=\"auto, (max-width: 600px) 100vw, 600px\" \/><\/a><p id=\"caption-attachment-4356\" class=\"wp-caption-text\">Fra &#8220;Himmelrummet&#8221; har man en smuk udsigt over Musholms tage, himmel og hav.<\/p><\/div>\n<div id=\"attachment_4368\" style=\"width: 610px\" class=\"wp-caption aligncenter\"><a href=\"https:\/\/jan-jakobsen.dk\/https:\/\/jan-jakobsen.dk\/wp-content\/uploads\/2015\/10\/DSC00784.jpg\"><img loading=\"lazy\" decoding=\"async\" aria-describedby=\"caption-attachment-4368\" class=\"wp-image-4368\" src=\"https:\/\/jan-jakobsen.dk\/https:\/\/jan-jakobsen.dk\/wp-content\/uploads\/2015\/10\/DSC00784-680x510.jpg\" alt=\"De 21 nye etv\u00e6relses boliger ligger, som multihallen, i en cirkel. De er alle indrettet med handicaptoilet og mulighed for lift mellem soverum og badev\u00e6relse.\" width=\"600\" height=\"450\" srcset=\"https:\/\/jan-jakobsen.dk\/http:\/\/jan-jakobsen.dk\/wp-content\/uploads\/2015\/10\/DSC00784-680x510.jpg 680w, https:\/\/jan-jakobsen.dk\/http:\/\/jan-jakobsen.dk\/wp-content\/uploads\/2015\/10\/DSC00784-300x225.jpg 300w, https:\/\/jan-jakobsen.dk\/http:\/\/jan-jakobsen.dk\/wp-content\/uploads\/2015\/10\/DSC00784.jpg 800w\" sizes=\"auto, (max-width: 600px) 100vw, 600px\" \/><\/a><p id=\"caption-attachment-4368\" class=\"wp-caption-text\">De 24 nye etv\u00e6relses boliger ligger, som multihallen, i en cirkel. De er alle indrettet med handicaptoilet og mulighed for lift mellem soverum og badev\u00e6relse.<\/p><\/div>\n<div id=\"attachment_4365\" style=\"width: 610px\" class=\"wp-caption aligncenter\"><a href=\"https:\/\/jan-jakobsen.dk\/https:\/\/jan-jakobsen.dk\/wp-content\/uploads\/2015\/10\/Musholm-oktober-00790.jpg\"><img loading=\"lazy\" decoding=\"async\" aria-describedby=\"caption-attachment-4365\" class=\"wp-image-4365\" src=\"https:\/\/jan-jakobsen.dk\/https:\/\/jan-jakobsen.dk\/wp-content\/uploads\/2015\/10\/Musholm-oktober-00790-680x510.jpg\" alt=\"Indersiden af cirklen med boliger.\" width=\"600\" height=\"450\" srcset=\"https:\/\/jan-jakobsen.dk\/http:\/\/jan-jakobsen.dk\/wp-content\/uploads\/2015\/10\/Musholm-oktober-00790-680x510.jpg 680w, https:\/\/jan-jakobsen.dk\/http:\/\/jan-jakobsen.dk\/wp-content\/uploads\/2015\/10\/Musholm-oktober-00790-300x225.jpg 300w, https:\/\/jan-jakobsen.dk\/http:\/\/jan-jakobsen.dk\/wp-content\/uploads\/2015\/10\/Musholm-oktober-00790.jpg 767w\" sizes=\"auto, (max-width: 600px) 100vw, 600px\" \/><\/a><p id=\"caption-attachment-4365\" class=\"wp-caption-text\">Indersiden af cirklen med boliger.<\/p><\/div>\n<div id=\"attachment_4358\" style=\"width: 610px\" class=\"wp-caption aligncenter\"><a href=\"https:\/\/jan-jakobsen.dk\/https:\/\/jan-jakobsen.dk\/wp-content\/uploads\/2015\/10\/Musholm-oktober-0844.jpg\"><img loading=\"lazy\" decoding=\"async\" aria-describedby=\"caption-attachment-4358\" class=\"wp-image-4358\" src=\"https:\/\/jan-jakobsen.dk\/https:\/\/jan-jakobsen.dk\/wp-content\/uploads\/2015\/10\/Musholm-oktober-0844-680x510.jpg\" alt=\"De inviterede g\u00e6ster begynder at indfinde sig til \u00e5bningen 1. oktober.\" width=\"600\" height=\"450\" srcset=\"https:\/\/jan-jakobsen.dk\/http:\/\/jan-jakobsen.dk\/wp-content\/uploads\/2015\/10\/Musholm-oktober-0844-680x510.jpg 680w, https:\/\/jan-jakobsen.dk\/http:\/\/jan-jakobsen.dk\/wp-content\/uploads\/2015\/10\/Musholm-oktober-0844-300x225.jpg 300w\" sizes=\"auto, (max-width: 600px) 100vw, 600px\" \/><\/a><p id=\"caption-attachment-4358\" class=\"wp-caption-text\">De inviterede g\u00e6ster begynder at indfinde sig til \u00e5bningen 1. oktober.<\/p><\/div>\n<div id=\"attachment_4343\" style=\"width: 610px\" class=\"wp-caption aligncenter\"><a href=\"https:\/\/jan-jakobsen.dk\/https:\/\/jan-jakobsen.dk\/wp-content\/uploads\/2015\/10\/Musholm-oktober-0858.jpg\"><img loading=\"lazy\" decoding=\"async\" aria-describedby=\"caption-attachment-4343\" class=\"wp-image-4343\" src=\"https:\/\/jan-jakobsen.dk\/https:\/\/jan-jakobsen.dk\/wp-content\/uploads\/2015\/10\/Musholm-oktober-0858-680x510.jpg\" alt=\"Musholm oktober-0858\" width=\"600\" height=\"450\" srcset=\"https:\/\/jan-jakobsen.dk\/http:\/\/jan-jakobsen.dk\/wp-content\/uploads\/2015\/10\/Musholm-oktober-0858-680x510.jpg 680w, https:\/\/jan-jakobsen.dk\/http:\/\/jan-jakobsen.dk\/wp-content\/uploads\/2015\/10\/Musholm-oktober-0858-300x225.jpg 300w, https:\/\/jan-jakobsen.dk\/http:\/\/jan-jakobsen.dk\/wp-content\/uploads\/2015\/10\/Musholm-oktober-0858.jpg 1973w\" sizes=\"auto, (max-width: 600px) 100vw, 600px\" \/><\/a><p id=\"caption-attachment-4343\" class=\"wp-caption-text\">Selve indvielsen, der med fondens showman nr. 1, Jacob Haugaard, fik en hammerfed stemning med Chris Minh Dokys kompetente band som opbakning. Og akustikken, ja, den er et helt kapitel for sig&#8230;<\/p><\/div>\n<div id=\"attachment_4342\" style=\"width: 610px\" class=\"wp-caption aligncenter\"><a href=\"https:\/\/jan-jakobsen.dk\/https:\/\/jan-jakobsen.dk\/wp-content\/uploads\/2015\/10\/Musholm-oktober-0859.jpg\"><img loading=\"lazy\" decoding=\"async\" aria-describedby=\"caption-attachment-4342\" class=\"wp-image-4342\" src=\"https:\/\/jan-jakobsen.dk\/https:\/\/jan-jakobsen.dk\/wp-content\/uploads\/2015\/10\/Musholm-oktober-0859-680x510.jpg\" alt=\"Salen med de mange inviterede g\u00e6ster ved indvielsen.\" width=\"600\" height=\"450\" srcset=\"https:\/\/jan-jakobsen.dk\/http:\/\/jan-jakobsen.dk\/wp-content\/uploads\/2015\/10\/Musholm-oktober-0859-680x510.jpg 680w, https:\/\/jan-jakobsen.dk\/http:\/\/jan-jakobsen.dk\/wp-content\/uploads\/2015\/10\/Musholm-oktober-0859-300x225.jpg 300w\" sizes=\"auto, (max-width: 600px) 100vw, 600px\" \/><\/a><p id=\"caption-attachment-4342\" class=\"wp-caption-text\">Salen med de mange inviterede g\u00e6ster ved indvielsen.<\/p><\/div>\n<div id=\"attachment_4357\" style=\"width: 610px\" class=\"wp-caption aligncenter\"><a href=\"https:\/\/jan-jakobsen.dk\/https:\/\/jan-jakobsen.dk\/wp-content\/uploads\/2015\/10\/Musholm-oktober-2-2.jpg\"><img loading=\"lazy\" decoding=\"async\" aria-describedby=\"caption-attachment-4357\" class=\"wp-image-4357\" src=\"https:\/\/jan-jakobsen.dk\/https:\/\/jan-jakobsen.dk\/wp-content\/uploads\/2015\/10\/Musholm-oktober-2-2-680x544.jpg\" alt=\"Indvielsen blev ogs\u00e5 indvielse af den nye sv\u00e6vebane, der glider fra den ene slde af Multisalen til den anden.\" width=\"600\" height=\"480\" srcset=\"https:\/\/jan-jakobsen.dk\/http:\/\/jan-jakobsen.dk\/wp-content\/uploads\/2015\/10\/Musholm-oktober-2-2-680x544.jpg 680w, https:\/\/jan-jakobsen.dk\/http:\/\/jan-jakobsen.dk\/wp-content\/uploads\/2015\/10\/Musholm-oktober-2-2-300x240.jpg 300w\" sizes=\"auto, (max-width: 600px) 100vw, 600px\" \/><\/a><p id=\"caption-attachment-4357\" class=\"wp-caption-text\">Indvielsen blev ogs\u00e5 indvielse af den nye sv\u00e6vebane, der glider fra den ene slde af Multisalen til den anden.<\/p><\/div>\n<div id=\"attachment_4341\" style=\"width: 610px\" class=\"wp-caption aligncenter\"><a href=\"https:\/\/jan-jakobsen.dk\/https:\/\/jan-jakobsen.dk\/wp-content\/uploads\/2015\/10\/Musholm-oktober-0894.jpg\"><img loading=\"lazy\" decoding=\"async\" aria-describedby=\"caption-attachment-4341\" class=\"wp-image-4341\" src=\"https:\/\/jan-jakobsen.dk\/https:\/\/jan-jakobsen.dk\/wp-content\/uploads\/2015\/10\/Musholm-oktober-0894-680x510.jpg\" alt=\"Fredag med bl.a. flot opl\u00e6g af dissehto herrer, Kristian M\u00f8ller Moltke Martiny og Jacob Yoon Egeskov Nossell. De holdt et virkelig godt opl\u00e6g p\u00e5 Musholm om handicapbegrebet. Jacob og Kristian supplerer hinanden med hhv. handicap- og forskerbaggrund. De var gode til at s\u00e6tte lup p\u00e5 den kompleksitet, der er mellem fysisk, psykisk og social interaktion og de vilk\u00e5r, det skaber.\" width=\"600\" height=\"450\" srcset=\"https:\/\/jan-jakobsen.dk\/http:\/\/jan-jakobsen.dk\/wp-content\/uploads\/2015\/10\/Musholm-oktober-0894-680x510.jpg 680w, https:\/\/jan-jakobsen.dk\/http:\/\/jan-jakobsen.dk\/wp-content\/uploads\/2015\/10\/Musholm-oktober-0894-300x225.jpg 300w\" sizes=\"auto, (max-width: 600px) 100vw, 600px\" \/><\/a><p id=\"caption-attachment-4341\" class=\"wp-caption-text\">Fredag med bl.a. flot opl\u00e6g af dissehto herrer, Kristian M\u00f8ller Moltke Martiny og Jacob Yoon Egeskov Nossell. De holdt et virkelig godt opl\u00e6g p\u00e5 Musholm om handicapbegrebet. Jacob og Kristian supplerer hinanden med hhv. handicap- og forskerbaggrund. De var gode til at s\u00e6tte lup p\u00e5 den kompleksitet, der er mellem fysisk, psykisk og social interaktion og de vilk\u00e5r, det skaber.<\/p><\/div>\n<div id=\"attachment_4336\" style=\"width: 610px\" class=\"wp-caption aligncenter\"><a href=\"https:\/\/jan-jakobsen.dk\/https:\/\/jan-jakobsen.dk\/wp-content\/uploads\/2015\/10\/Musholm-oktober-.jpg\"><img loading=\"lazy\" decoding=\"async\" aria-describedby=\"caption-attachment-4336\" class=\"wp-image-4336\" src=\"https:\/\/jan-jakobsen.dk\/https:\/\/jan-jakobsen.dk\/wp-content\/uploads\/2015\/10\/Musholm-oktober--680x510.jpg\" alt=\"L\u00f8rdag var der sportsaktiviteter. Blandt andet mulighed for tur med sl\u00e6dehundekoppel. Her slapper en af hundene af i en pause.\" width=\"600\" height=\"450\" srcset=\"https:\/\/jan-jakobsen.dk\/http:\/\/jan-jakobsen.dk\/wp-content\/uploads\/2015\/10\/Musholm-oktober--680x510.jpg 680w, https:\/\/jan-jakobsen.dk\/http:\/\/jan-jakobsen.dk\/wp-content\/uploads\/2015\/10\/Musholm-oktober--300x225.jpg 300w\" sizes=\"auto, (max-width: 600px) 100vw, 600px\" \/><\/a><p id=\"caption-attachment-4336\" class=\"wp-caption-text\">L\u00f8rdag var der sportsaktiviteter. Blandt andet mulighed for tur med sl\u00e6dehundekoppel. Her slapper en af hundene af i en pause.<\/p><\/div>\n<div id=\"attachment_4327\" style=\"width: 610px\" class=\"wp-caption aligncenter\"><a href=\"https:\/\/jan-jakobsen.dk\/https:\/\/jan-jakobsen.dk\/wp-content\/uploads\/2015\/10\/Musholm-oktober-10.jpg\"><img loading=\"lazy\" decoding=\"async\" aria-describedby=\"caption-attachment-4327\" class=\"wp-image-4327\" src=\"https:\/\/jan-jakobsen.dk\/https:\/\/jan-jakobsen.dk\/wp-content\/uploads\/2015\/10\/Musholm-oktober-10-680x632.jpg\" alt=\"Der var spil...\" width=\"600\" height=\"558\" srcset=\"https:\/\/jan-jakobsen.dk\/http:\/\/jan-jakobsen.dk\/wp-content\/uploads\/2015\/10\/Musholm-oktober-10-680x632.jpg 680w, https:\/\/jan-jakobsen.dk\/http:\/\/jan-jakobsen.dk\/wp-content\/uploads\/2015\/10\/Musholm-oktober-10-300x279.jpg 300w\" sizes=\"auto, (max-width: 600px) 100vw, 600px\" \/><\/a><p id=\"caption-attachment-4327\" class=\"wp-caption-text\">Der var spil&#8230;<\/p><\/div>\n<div id=\"attachment_4328\" style=\"width: 610px\" class=\"wp-caption aligncenter\"><a href=\"https:\/\/jan-jakobsen.dk\/https:\/\/jan-jakobsen.dk\/wp-content\/uploads\/2015\/10\/Musholm-oktober-9.jpg\"><img loading=\"lazy\" decoding=\"async\" aria-describedby=\"caption-attachment-4328\" class=\"wp-image-4328\" src=\"https:\/\/jan-jakobsen.dk\/https:\/\/jan-jakobsen.dk\/wp-content\/uploads\/2015\/10\/Musholm-oktober-9-680x377.jpg\" alt=\"... spil...\" width=\"600\" height=\"333\" srcset=\"https:\/\/jan-jakobsen.dk\/http:\/\/jan-jakobsen.dk\/wp-content\/uploads\/2015\/10\/Musholm-oktober-9-680x377.jpg 680w, https:\/\/jan-jakobsen.dk\/http:\/\/jan-jakobsen.dk\/wp-content\/uploads\/2015\/10\/Musholm-oktober-9-300x166.jpg 300w\" sizes=\"auto, (max-width: 600px) 100vw, 600px\" \/><\/a><p id=\"caption-attachment-4328\" class=\"wp-caption-text\">&#8230; spil&#8230;<\/p><\/div>\n<div id=\"attachment_4329\" style=\"width: 610px\" class=\"wp-caption aligncenter\"><a href=\"https:\/\/jan-jakobsen.dk\/https:\/\/jan-jakobsen.dk\/wp-content\/uploads\/2015\/10\/Musholm-oktober-8.jpg\"><img loading=\"lazy\" decoding=\"async\" aria-describedby=\"caption-attachment-4329\" class=\"wp-image-4329\" src=\"https:\/\/jan-jakobsen.dk\/https:\/\/jan-jakobsen.dk\/wp-content\/uploads\/2015\/10\/Musholm-oktober-8-680x510.jpg\" alt=\"... og spil.\" width=\"600\" height=\"450\" srcset=\"https:\/\/jan-jakobsen.dk\/http:\/\/jan-jakobsen.dk\/wp-content\/uploads\/2015\/10\/Musholm-oktober-8-680x510.jpg 680w, https:\/\/jan-jakobsen.dk\/http:\/\/jan-jakobsen.dk\/wp-content\/uploads\/2015\/10\/Musholm-oktober-8-300x225.jpg 300w\" sizes=\"auto, (max-width: 600px) 100vw, 600px\" \/><\/a><p id=\"caption-attachment-4329\" class=\"wp-caption-text\">&#8230; og spil.<\/p><\/div>\n<div id=\"attachment_4332\" style=\"width: 610px\" class=\"wp-caption aligncenter\"><a href=\"https:\/\/jan-jakobsen.dk\/https:\/\/jan-jakobsen.dk\/wp-content\/uploads\/2015\/10\/Musholm-oktober-5.jpg\"><img loading=\"lazy\" decoding=\"async\" aria-describedby=\"caption-attachment-4332\" class=\"wp-image-4332\" src=\"https:\/\/jan-jakobsen.dk\/https:\/\/jan-jakobsen.dk\/wp-content\/uploads\/2015\/10\/Musholm-oktober-5-680x510.jpg\" alt=\"Klatrev\u00e6ggen var et hit...\" width=\"600\" height=\"450\" srcset=\"https:\/\/jan-jakobsen.dk\/http:\/\/jan-jakobsen.dk\/wp-content\/uploads\/2015\/10\/Musholm-oktober-5-680x510.jpg 680w, https:\/\/jan-jakobsen.dk\/http:\/\/jan-jakobsen.dk\/wp-content\/uploads\/2015\/10\/Musholm-oktober-5-300x225.jpg 300w\" sizes=\"auto, (max-width: 600px) 100vw, 600px\" \/><\/a><p id=\"caption-attachment-4332\" class=\"wp-caption-text\">Klatrev\u00e6ggen var et hit&#8230;<\/p><\/div>\n<div id=\"attachment_4330\" style=\"width: 610px\" class=\"wp-caption aligncenter\"><a href=\"https:\/\/jan-jakobsen.dk\/https:\/\/jan-jakobsen.dk\/wp-content\/uploads\/2015\/10\/Musholm-oktober-7.jpg\"><img loading=\"lazy\" decoding=\"async\" aria-describedby=\"caption-attachment-4330\" class=\"wp-image-4330\" src=\"https:\/\/jan-jakobsen.dk\/https:\/\/jan-jakobsen.dk\/wp-content\/uploads\/2015\/10\/Musholm-oktober-7-680x510.jpg\" alt=\"...b\u00e5de for mindre...\" width=\"600\" height=\"450\" srcset=\"https:\/\/jan-jakobsen.dk\/http:\/\/jan-jakobsen.dk\/wp-content\/uploads\/2015\/10\/Musholm-oktober-7-680x510.jpg 680w, https:\/\/jan-jakobsen.dk\/http:\/\/jan-jakobsen.dk\/wp-content\/uploads\/2015\/10\/Musholm-oktober-7-300x225.jpg 300w\" sizes=\"auto, (max-width: 600px) 100vw, 600px\" \/><\/a><p id=\"caption-attachment-4330\" class=\"wp-caption-text\">&#8230;b\u00e5de for mindre&#8230;<\/p><\/div>\n<div id=\"attachment_4331\" style=\"width: 610px\" class=\"wp-caption aligncenter\"><a href=\"https:\/\/jan-jakobsen.dk\/https:\/\/jan-jakobsen.dk\/wp-content\/uploads\/2015\/10\/Musholm-oktober-6.jpg\"><img loading=\"lazy\" decoding=\"async\" aria-describedby=\"caption-attachment-4331\" class=\"wp-image-4331\" src=\"https:\/\/jan-jakobsen.dk\/https:\/\/jan-jakobsen.dk\/wp-content\/uploads\/2015\/10\/Musholm-oktober-6-680x907.jpg\" alt=\"...der n\u00f8d at se verden lidt fra oven.\" width=\"600\" height=\"800\" srcset=\"https:\/\/jan-jakobsen.dk\/http:\/\/jan-jakobsen.dk\/wp-content\/uploads\/2015\/10\/Musholm-oktober-6-680x907.jpg 680w, https:\/\/jan-jakobsen.dk\/http:\/\/jan-jakobsen.dk\/wp-content\/uploads\/2015\/10\/Musholm-oktober-6-225x300.jpg 225w\" sizes=\"auto, (max-width: 600px) 100vw, 600px\" \/><\/a><p id=\"caption-attachment-4331\" class=\"wp-caption-text\">&#8230;der n\u00f8d at se verden lidt fra oven.<\/p><\/div>\n<div id=\"attachment_4326\" style=\"width: 610px\" class=\"wp-caption aligncenter\"><a href=\"https:\/\/jan-jakobsen.dk\/https:\/\/jan-jakobsen.dk\/wp-content\/uploads\/2015\/10\/Musholm-oktober-11.jpg\"><img loading=\"lazy\" decoding=\"async\" aria-describedby=\"caption-attachment-4326\" class=\"wp-image-4326\" src=\"https:\/\/jan-jakobsen.dk\/https:\/\/jan-jakobsen.dk\/wp-content\/uploads\/2015\/10\/Musholm-oktober-11-680x510.jpg\" alt=\"...men det var sandelig ogs\u00e5 en oplevelse for voksne...\" width=\"600\" height=\"450\" srcset=\"https:\/\/jan-jakobsen.dk\/http:\/\/jan-jakobsen.dk\/wp-content\/uploads\/2015\/10\/Musholm-oktober-11-680x510.jpg 680w, https:\/\/jan-jakobsen.dk\/http:\/\/jan-jakobsen.dk\/wp-content\/uploads\/2015\/10\/Musholm-oktober-11-300x225.jpg 300w\" sizes=\"auto, (max-width: 600px) 100vw, 600px\" \/><\/a><p id=\"caption-attachment-4326\" class=\"wp-caption-text\">&#8230;men det var sandelig ogs\u00e5 en oplevelse for voksne&#8230;<\/p><\/div>\n<div id=\"attachment_4325\" style=\"width: 610px\" class=\"wp-caption aligncenter\"><a href=\"https:\/\/jan-jakobsen.dk\/https:\/\/jan-jakobsen.dk\/wp-content\/uploads\/2015\/10\/Musholm-oktober-12.jpg\"><img loading=\"lazy\" decoding=\"async\" aria-describedby=\"caption-attachment-4325\" class=\"wp-image-4325\" src=\"https:\/\/jan-jakobsen.dk\/https:\/\/jan-jakobsen.dk\/wp-content\/uploads\/2015\/10\/Musholm-oktober-12-675x1024.jpg\" alt=\"... og mig selv, der ogs\u00e5 lige var n\u00f8dt til at pr\u00f8ve.\" width=\"600\" height=\"910\" srcset=\"https:\/\/jan-jakobsen.dk\/http:\/\/jan-jakobsen.dk\/wp-content\/uploads\/2015\/10\/Musholm-oktober-12-675x1024.jpg 675w, https:\/\/jan-jakobsen.dk\/http:\/\/jan-jakobsen.dk\/wp-content\/uploads\/2015\/10\/Musholm-oktober-12-198x300.jpg 198w\" sizes=\"auto, (max-width: 600px) 100vw, 600px\" \/><\/a><p id=\"caption-attachment-4325\" class=\"wp-caption-text\">&#8230; og mig selv, der ogs\u00e5 lige var n\u00f8dt til at pr\u00f8ve&#8230;<\/p><\/div>\n<div id=\"attachment_4344\" style=\"width: 610px\" class=\"wp-caption aligncenter\"><a href=\"https:\/\/jan-jakobsen.dk\/https:\/\/jan-jakobsen.dk\/wp-content\/uploads\/2015\/10\/12107046_10153637654419481_6593795404441648613_n.jpg\"><img loading=\"lazy\" decoding=\"async\" aria-describedby=\"caption-attachment-4344\" class=\"wp-image-4344\" src=\"https:\/\/jan-jakobsen.dk\/https:\/\/jan-jakobsen.dk\/wp-content\/uploads\/2015\/10\/12107046_10153637654419481_6593795404441648613_n-680x907.jpg\" alt=\"...at skabe lidt overblik over verden...\" width=\"600\" height=\"800\" srcset=\"https:\/\/jan-jakobsen.dk\/http:\/\/jan-jakobsen.dk\/wp-content\/uploads\/2015\/10\/12107046_10153637654419481_6593795404441648613_n-680x907.jpg 680w, https:\/\/jan-jakobsen.dk\/http:\/\/jan-jakobsen.dk\/wp-content\/uploads\/2015\/10\/12107046_10153637654419481_6593795404441648613_n-225x300.jpg 225w, https:\/\/jan-jakobsen.dk\/http:\/\/jan-jakobsen.dk\/wp-content\/uploads\/2015\/10\/12107046_10153637654419481_6593795404441648613_n.jpg 720w\" sizes=\"auto, (max-width: 600px) 100vw, 600px\" \/><\/a><p id=\"caption-attachment-4344\" class=\"wp-caption-text\">&#8230;at skabe lidt overblik over verden&#8230;<\/p><\/div>\n<div id=\"attachment_4345\" style=\"width: 610px\" class=\"wp-caption aligncenter\"><a href=\"https:\/\/jan-jakobsen.dk\/https:\/\/jan-jakobsen.dk\/wp-content\/uploads\/2015\/10\/12143299_10153637638084481_3541193284332584664_n.jpg\"><img loading=\"lazy\" decoding=\"async\" aria-describedby=\"caption-attachment-4345\" class=\"wp-image-4345\" src=\"https:\/\/jan-jakobsen.dk\/https:\/\/jan-jakobsen.dk\/wp-content\/uploads\/2015\/10\/12143299_10153637638084481_3541193284332584664_n-680x912.jpg\" alt=\"...eller bare nyde h\u00f8jderne.\" width=\"600\" height=\"804\" srcset=\"https:\/\/jan-jakobsen.dk\/http:\/\/jan-jakobsen.dk\/wp-content\/uploads\/2015\/10\/12143299_10153637638084481_3541193284332584664_n-680x912.jpg 680w, https:\/\/jan-jakobsen.dk\/http:\/\/jan-jakobsen.dk\/wp-content\/uploads\/2015\/10\/12143299_10153637638084481_3541193284332584664_n-224x300.jpg 224w, https:\/\/jan-jakobsen.dk\/http:\/\/jan-jakobsen.dk\/wp-content\/uploads\/2015\/10\/12143299_10153637638084481_3541193284332584664_n.jpg 716w\" sizes=\"auto, (max-width: 600px) 100vw, 600px\" \/><\/a><p id=\"caption-attachment-4345\" class=\"wp-caption-text\">&#8230;eller bare nyde h\u00f8jderne.<\/p><\/div>\n<div id=\"attachment_4335\" style=\"width: 610px\" class=\"wp-caption aligncenter\"><a href=\"https:\/\/jan-jakobsen.dk\/https:\/\/jan-jakobsen.dk\/wp-content\/uploads\/2015\/10\/Musholm-oktober-2.jpg\"><img loading=\"lazy\" decoding=\"async\" aria-describedby=\"caption-attachment-4335\" class=\"wp-image-4335\" src=\"https:\/\/jan-jakobsen.dk\/https:\/\/jan-jakobsen.dk\/wp-content\/uploads\/2015\/10\/Musholm-oktober-2-680x510.jpg\" alt=\"Der var en del tilskuere til k\u00f8restolsrugby\" width=\"600\" height=\"450\" srcset=\"https:\/\/jan-jakobsen.dk\/http:\/\/jan-jakobsen.dk\/wp-content\/uploads\/2015\/10\/Musholm-oktober-2-680x510.jpg 680w, https:\/\/jan-jakobsen.dk\/http:\/\/jan-jakobsen.dk\/wp-content\/uploads\/2015\/10\/Musholm-oktober-2-300x225.jpg 300w\" sizes=\"auto, (max-width: 600px) 100vw, 600px\" \/><\/a><p id=\"caption-attachment-4335\" class=\"wp-caption-text\">Der var en del tilskuere til k\u00f8restolsrugby<\/p><\/div>\n<div id=\"attachment_4334\" style=\"width: 610px\" class=\"wp-caption aligncenter\"><a href=\"https:\/\/jan-jakobsen.dk\/https:\/\/jan-jakobsen.dk\/wp-content\/uploads\/2015\/10\/Musholm-oktober-3.jpg\"><img loading=\"lazy\" decoding=\"async\" aria-describedby=\"caption-attachment-4334\" class=\"wp-image-4334\" src=\"https:\/\/jan-jakobsen.dk\/https:\/\/jan-jakobsen.dk\/wp-content\/uploads\/2015\/10\/Musholm-oktober-3-680x510.jpg\" alt=\"...som er en hurtig sport...\" width=\"600\" height=\"450\" srcset=\"https:\/\/jan-jakobsen.dk\/http:\/\/jan-jakobsen.dk\/wp-content\/uploads\/2015\/10\/Musholm-oktober-3-680x510.jpg 680w, https:\/\/jan-jakobsen.dk\/http:\/\/jan-jakobsen.dk\/wp-content\/uploads\/2015\/10\/Musholm-oktober-3-300x225.jpg 300w\" sizes=\"auto, (max-width: 600px) 100vw, 600px\" \/><\/a><p id=\"caption-attachment-4334\" class=\"wp-caption-text\">&#8230;som er en hurtig sport&#8230;<\/p><\/div>\n<div id=\"attachment_4333\" style=\"width: 610px\" class=\"wp-caption aligncenter\"><a href=\"https:\/\/jan-jakobsen.dk\/https:\/\/jan-jakobsen.dk\/wp-content\/uploads\/2015\/10\/Musholm-oktober-4.jpg\"><img loading=\"lazy\" decoding=\"async\" aria-describedby=\"caption-attachment-4333\" class=\"wp-image-4333\" src=\"https:\/\/jan-jakobsen.dk\/https:\/\/jan-jakobsen.dk\/wp-content\/uploads\/2015\/10\/Musholm-oktober-4-680x510.jpg\" alt=\"hvor der ikke l\u00e6gges nogen fingre eller hjul imellem.\" width=\"600\" height=\"450\" srcset=\"https:\/\/jan-jakobsen.dk\/http:\/\/jan-jakobsen.dk\/wp-content\/uploads\/2015\/10\/Musholm-oktober-4-680x510.jpg 680w, https:\/\/jan-jakobsen.dk\/http:\/\/jan-jakobsen.dk\/wp-content\/uploads\/2015\/10\/Musholm-oktober-4-300x225.jpg 300w\" sizes=\"auto, (max-width: 600px) 100vw, 600px\" \/><\/a><p id=\"caption-attachment-4333\" class=\"wp-caption-text\">&#8230;hvor der ikke l\u00e6gges nogen fingre eller hjul imellem.<\/p><\/div>\n<div id=\"attachment_4338\" style=\"width: 610px\" class=\"wp-caption aligncenter\"><a href=\"https:\/\/jan-jakobsen.dk\/https:\/\/jan-jakobsen.dk\/wp-content\/uploads\/2015\/10\/Musholm-oktober-0924.jpg\"><img loading=\"lazy\" decoding=\"async\" aria-describedby=\"caption-attachment-4338\" class=\"wp-image-4338\" src=\"https:\/\/jan-jakobsen.dk\/https:\/\/jan-jakobsen.dk\/wp-content\/uploads\/2015\/10\/Musholm-oktober-0924-680x510.jpg\" alt=\"Aftenerne b\u00f8d p\u00e5 musik. Her Sys Bjerre, Karl Quist M\u00f8ller og Tobias Trier i et meget blandet repertoire.\" width=\"600\" height=\"450\" srcset=\"https:\/\/jan-jakobsen.dk\/http:\/\/jan-jakobsen.dk\/wp-content\/uploads\/2015\/10\/Musholm-oktober-0924-680x510.jpg 680w, https:\/\/jan-jakobsen.dk\/http:\/\/jan-jakobsen.dk\/wp-content\/uploads\/2015\/10\/Musholm-oktober-0924-300x225.jpg 300w\" sizes=\"auto, (max-width: 600px) 100vw, 600px\" \/><\/a><p id=\"caption-attachment-4338\" class=\"wp-caption-text\">Aftenerne b\u00f8d p\u00e5 musik. Her Sys Bjerre, Karl Quist M\u00f8ller og Tobias Trier i et meget blandet repertoire.<\/p><\/div>\n<div id=\"attachment_4339\" style=\"width: 610px\" class=\"wp-caption aligncenter\"><a href=\"https:\/\/jan-jakobsen.dk\/https:\/\/jan-jakobsen.dk\/wp-content\/uploads\/2015\/10\/Musholm-oktober-0920.jpg\"><img loading=\"lazy\" decoding=\"async\" aria-describedby=\"caption-attachment-4339\" class=\"wp-image-4339\" src=\"https:\/\/jan-jakobsen.dk\/https:\/\/jan-jakobsen.dk\/wp-content\/uploads\/2015\/10\/Musholm-oktober-0920-680x510.jpg\" alt=\"Et vue fra bagsiden af scenen.\" width=\"600\" height=\"450\" srcset=\"https:\/\/jan-jakobsen.dk\/http:\/\/jan-jakobsen.dk\/wp-content\/uploads\/2015\/10\/Musholm-oktober-0920-680x510.jpg 680w, https:\/\/jan-jakobsen.dk\/http:\/\/jan-jakobsen.dk\/wp-content\/uploads\/2015\/10\/Musholm-oktober-0920-300x225.jpg 300w\" sizes=\"auto, (max-width: 600px) 100vw, 600px\" \/><\/a><p id=\"caption-attachment-4339\" class=\"wp-caption-text\">Et vue fra bagsiden af scenen.<\/p><\/div>\n<div id=\"attachment_4340\" style=\"width: 610px\" class=\"wp-caption aligncenter\"><a href=\"https:\/\/jan-jakobsen.dk\/https:\/\/jan-jakobsen.dk\/wp-content\/uploads\/2015\/10\/Musholm-oktober-0919.jpg\"><img loading=\"lazy\" decoding=\"async\" aria-describedby=\"caption-attachment-4340\" class=\"wp-image-4340\" src=\"https:\/\/jan-jakobsen.dk\/https:\/\/jan-jakobsen.dk\/wp-content\/uploads\/2015\/10\/Musholm-oktober-0919-680x510.jpg\" alt=\"...og bagerst fra salen.\" width=\"600\" height=\"450\" srcset=\"https:\/\/jan-jakobsen.dk\/http:\/\/jan-jakobsen.dk\/wp-content\/uploads\/2015\/10\/Musholm-oktober-0919-680x510.jpg 680w, https:\/\/jan-jakobsen.dk\/http:\/\/jan-jakobsen.dk\/wp-content\/uploads\/2015\/10\/Musholm-oktober-0919-300x225.jpg 300w\" sizes=\"auto, (max-width: 600px) 100vw, 600px\" \/><\/a><p id=\"caption-attachment-4340\" class=\"wp-caption-text\">&#8230;og bagerst fra salen.<\/p><\/div>\n<div id=\"attachment_4337\" style=\"width: 610px\" class=\"wp-caption aligncenter\"><a href=\"https:\/\/jan-jakobsen.dk\/https:\/\/jan-jakobsen.dk\/wp-content\/uploads\/2015\/10\/Musholm-oktober-0928.jpg\"><img loading=\"lazy\" decoding=\"async\" aria-describedby=\"caption-attachment-4337\" class=\"wp-image-4337\" src=\"https:\/\/jan-jakobsen.dk\/https:\/\/jan-jakobsen.dk\/wp-content\/uploads\/2015\/10\/Musholm-oktober-0928-680x510.jpg\" alt=\"Hyggemusik i restauranten fredag.\" width=\"600\" height=\"450\" srcset=\"https:\/\/jan-jakobsen.dk\/http:\/\/jan-jakobsen.dk\/wp-content\/uploads\/2015\/10\/Musholm-oktober-0928-680x510.jpg 680w, https:\/\/jan-jakobsen.dk\/http:\/\/jan-jakobsen.dk\/wp-content\/uploads\/2015\/10\/Musholm-oktober-0928-300x225.jpg 300w\" sizes=\"auto, (max-width: 600px) 100vw, 600px\" \/><\/a><p id=\"caption-attachment-4337\" class=\"wp-caption-text\">Hyggemusik i restaurant\u00a0&#8220;Evald K&#8221;\u00a0fredag.<\/p><\/div>\n<p>Fra byggeprocessen.<br \/>\nDe n\u00e6ste fotos st\u00e5r n\u00e6sten uden kommentarer. Det er glimt fra den lange byggeproces, der fort\u00e6ller lidt af historien om, hvordan et byggeri til 100 mio. kr. tager form fra visioner til det f\u00e6rdige byggeri, der kunne indvies 1. oktober 2015.<\/p>\n<div id=\"attachment_4298\" style=\"width: 610px\" class=\"wp-caption alignright\"><a href=\"https:\/\/jan-jakobsen.dk\/https:\/\/jan-jakobsen.dk\/wp-content\/uploads\/2015\/09\/untitled-00772.jpg\"><img loading=\"lazy\" decoding=\"async\" aria-describedby=\"caption-attachment-4298\" class=\"wp-image-4298\" src=\"https:\/\/jan-jakobsen.dk\/https:\/\/jan-jakobsen.dk\/wp-content\/uploads\/2015\/09\/untitled-00772-680x510.jpg\" alt=\"Engang var det en plan, der hang p\u00e5 en v\u00e6g. I dag er det virkelighed... og det er stort (foto juli 2015).\" width=\"600\" height=\"450\" srcset=\"https:\/\/jan-jakobsen.dk\/http:\/\/jan-jakobsen.dk\/wp-content\/uploads\/2015\/09\/untitled-00772-680x510.jpg 680w, https:\/\/jan-jakobsen.dk\/http:\/\/jan-jakobsen.dk\/wp-content\/uploads\/2015\/09\/untitled-00772-300x225.jpg 300w, https:\/\/jan-jakobsen.dk\/http:\/\/jan-jakobsen.dk\/wp-content\/uploads\/2015\/09\/untitled-00772.jpg 726w\" sizes=\"auto, (max-width: 600px) 100vw, 600px\" \/><\/a><p id=\"caption-attachment-4298\" class=\"wp-caption-text\">Engang var det en plan, der hang p\u00e5 en v\u00e6g. I dag er det virkelighed&#8230; og det er stort (foto juli 2015).<\/p><\/div>\n<div id=\"attachment_4287\" style=\"width: 610px\" class=\"wp-caption alignright\"><a href=\"https:\/\/jan-jakobsen.dk\/https:\/\/jan-jakobsen.dk\/wp-content\/uploads\/2015\/09\/untitled-00816.jpg\"><img loading=\"lazy\" decoding=\"async\" aria-describedby=\"caption-attachment-4287\" class=\"wp-image-4287\" src=\"https:\/\/jan-jakobsen.dk\/https:\/\/jan-jakobsen.dk\/wp-content\/uploads\/2015\/09\/untitled-00816-680x510.jpg\" alt=\"Konturerne af boligerne begynder at tegne sig (foto juli 2014).\" width=\"600\" height=\"450\" srcset=\"https:\/\/jan-jakobsen.dk\/http:\/\/jan-jakobsen.dk\/wp-content\/uploads\/2015\/09\/untitled-00816-680x510.jpg 680w, https:\/\/jan-jakobsen.dk\/http:\/\/jan-jakobsen.dk\/wp-content\/uploads\/2015\/09\/untitled-00816-300x225.jpg 300w, https:\/\/jan-jakobsen.dk\/http:\/\/jan-jakobsen.dk\/wp-content\/uploads\/2015\/09\/untitled-00816.jpg 800w\" sizes=\"auto, (max-width: 600px) 100vw, 600px\" \/><\/a><p id=\"caption-attachment-4287\" class=\"wp-caption-text\">Konturerne af boligerne begynder at tegne sig (foto juli 2014).<\/p><\/div>\n<div id=\"attachment_4285\" style=\"width: 610px\" class=\"wp-caption alignright\"><a href=\"https:\/\/jan-jakobsen.dk\/https:\/\/jan-jakobsen.dk\/wp-content\/uploads\/2015\/09\/untitled-00802.jpg\"><img loading=\"lazy\" decoding=\"async\" aria-describedby=\"caption-attachment-4285\" class=\"wp-image-4285\" src=\"https:\/\/jan-jakobsen.dk\/https:\/\/jan-jakobsen.dk\/wp-content\/uploads\/2015\/09\/untitled-00802-680x510.jpg\" alt=\"Byggepladsen (foto juli 2014).\" width=\"600\" height=\"450\" srcset=\"https:\/\/jan-jakobsen.dk\/http:\/\/jan-jakobsen.dk\/wp-content\/uploads\/2015\/09\/untitled-00802-680x510.jpg 680w, https:\/\/jan-jakobsen.dk\/http:\/\/jan-jakobsen.dk\/wp-content\/uploads\/2015\/09\/untitled-00802-300x225.jpg 300w, https:\/\/jan-jakobsen.dk\/http:\/\/jan-jakobsen.dk\/wp-content\/uploads\/2015\/09\/untitled-00802.jpg 795w\" sizes=\"auto, (max-width: 600px) 100vw, 600px\" \/><\/a><p id=\"caption-attachment-4285\" class=\"wp-caption-text\">Byggepladsen (foto juli 2014).<\/p><\/div>\n<div id=\"attachment_4299\" style=\"width: 610px\" class=\"wp-caption alignright\"><a href=\"https:\/\/jan-jakobsen.dk\/https:\/\/jan-jakobsen.dk\/wp-content\/uploads\/2015\/09\/untitled-2.jpg\"><img loading=\"lazy\" decoding=\"async\" aria-describedby=\"caption-attachment-4299\" class=\"wp-image-4299\" src=\"https:\/\/jan-jakobsen.dk\/https:\/\/jan-jakobsen.dk\/wp-content\/uploads\/2015\/09\/untitled-2-680x502.jpg\" alt=\"I mange m\u00e5neder var dette synet, der m\u00f8dte g\u00e6ster p\u00e5 Musholm. Det var h\u00e5rde tider for alle, men nu st\u00e5r det klart (foto juli 2015).\" width=\"600\" height=\"443\" srcset=\"https:\/\/jan-jakobsen.dk\/http:\/\/jan-jakobsen.dk\/wp-content\/uploads\/2015\/09\/untitled-2-680x502.jpg 680w, https:\/\/jan-jakobsen.dk\/http:\/\/jan-jakobsen.dk\/wp-content\/uploads\/2015\/09\/untitled-2-300x221.jpg 300w, https:\/\/jan-jakobsen.dk\/http:\/\/jan-jakobsen.dk\/wp-content\/uploads\/2015\/09\/untitled-2.jpg 791w\" sizes=\"auto, (max-width: 600px) 100vw, 600px\" \/><\/a><p id=\"caption-attachment-4299\" class=\"wp-caption-text\">I mange m\u00e5neder var dette synet, der m\u00f8dte g\u00e6ster p\u00e5 Musholm. Det var h\u00e5rde tider for alle, men nu st\u00e5r det klart (foto juli 2015).<\/p><\/div>\n<div id=\"attachment_4382\" style=\"width: 610px\" class=\"wp-caption alignright\"><a href=\"https:\/\/jan-jakobsen.dk\/https:\/\/jan-jakobsen.dk\/wp-content\/uploads\/2015\/10\/DSC0846-kopi.jpg\"><img loading=\"lazy\" decoding=\"async\" aria-describedby=\"caption-attachment-4382\" class=\"wp-image-4382\" src=\"https:\/\/jan-jakobsen.dk\/https:\/\/jan-jakobsen.dk\/wp-content\/uploads\/2015\/10\/DSC0846-kopi-680x453.jpg\" alt=\"De store betonelementer til multihallen er ved at v\u00e6re p\u00e5 plads (foto februar 2015)\" width=\"600\" height=\"400\" srcset=\"https:\/\/jan-jakobsen.dk\/http:\/\/jan-jakobsen.dk\/wp-content\/uploads\/2015\/10\/DSC0846-kopi-680x453.jpg 680w, https:\/\/jan-jakobsen.dk\/http:\/\/jan-jakobsen.dk\/wp-content\/uploads\/2015\/10\/DSC0846-kopi-300x200.jpg 300w\" sizes=\"auto, (max-width: 600px) 100vw, 600px\" \/><\/a><p id=\"caption-attachment-4382\" class=\"wp-caption-text\">De store betonelementer til multihallen er ved at v\u00e6re p\u00e5 plads (foto februar 2015)<\/p><\/div>\n<div id=\"attachment_4381\" style=\"width: 610px\" class=\"wp-caption alignright\"><a href=\"https:\/\/jan-jakobsen.dk\/https:\/\/jan-jakobsen.dk\/wp-content\/uploads\/2015\/10\/DSC0858-kopi.jpg\"><img loading=\"lazy\" decoding=\"async\" aria-describedby=\"caption-attachment-4381\" class=\"wp-image-4381\" src=\"https:\/\/jan-jakobsen.dk\/https:\/\/jan-jakobsen.dk\/wp-content\/uploads\/2015\/10\/DSC0858-kopi-680x453.jpg\" alt=\"_DSC0858 kopi\" width=\"600\" height=\"400\" srcset=\"https:\/\/jan-jakobsen.dk\/http:\/\/jan-jakobsen.dk\/wp-content\/uploads\/2015\/10\/DSC0858-kopi-680x453.jpg 680w, https:\/\/jan-jakobsen.dk\/http:\/\/jan-jakobsen.dk\/wp-content\/uploads\/2015\/10\/DSC0858-kopi-300x200.jpg 300w\" sizes=\"auto, (max-width: 600px) 100vw, 600px\" \/><\/a><p id=\"caption-attachment-4381\" class=\"wp-caption-text\">Et kig ind i det, der skal blive til multihallen (foto februar 2015).<\/p><\/div>\n<div id=\"attachment_4379\" style=\"width: 610px\" class=\"wp-caption alignright\"><a href=\"https:\/\/jan-jakobsen.dk\/https:\/\/jan-jakobsen.dk\/wp-content\/uploads\/2015\/10\/DSC0863-kopi.jpg\"><img loading=\"lazy\" decoding=\"async\" aria-describedby=\"caption-attachment-4379\" class=\"wp-image-4379\" src=\"https:\/\/jan-jakobsen.dk\/https:\/\/jan-jakobsen.dk\/wp-content\/uploads\/2015\/10\/DSC0863-kopi-680x453.jpg\" alt=\"Dette er de f\u00f8rste konturer af det, der bliver Musholms smukkeste udsigtspunkt, (foto februar 2015).\" width=\"600\" height=\"400\" srcset=\"https:\/\/jan-jakobsen.dk\/http:\/\/jan-jakobsen.dk\/wp-content\/uploads\/2015\/10\/DSC0863-kopi-680x453.jpg 680w, https:\/\/jan-jakobsen.dk\/http:\/\/jan-jakobsen.dk\/wp-content\/uploads\/2015\/10\/DSC0863-kopi-300x200.jpg 300w\" sizes=\"auto, (max-width: 600px) 100vw, 600px\" \/><\/a><p id=\"caption-attachment-4379\" class=\"wp-caption-text\">Dette er de f\u00f8rste konturer af det, der bliver Musholms smukkeste udsigtspunkt, &#8220;Himmelrummet&#8221; (foto februar 2015).<\/p><\/div>\n<div id=\"attachment_4380\" style=\"width: 610px\" class=\"wp-caption alignright\"><a href=\"https:\/\/jan-jakobsen.dk\/https:\/\/jan-jakobsen.dk\/wp-content\/uploads\/2015\/10\/DSC0834-kopi.jpg\"><img loading=\"lazy\" decoding=\"async\" aria-describedby=\"caption-attachment-4380\" class=\"wp-image-4380\" src=\"https:\/\/jan-jakobsen.dk\/https:\/\/jan-jakobsen.dk\/wp-content\/uploads\/2015\/10\/DSC0834-kopi-680x453.jpg\" alt=\"De nye boliger begynder at tage form (foto februar 2015).\" width=\"600\" height=\"400\" srcset=\"https:\/\/jan-jakobsen.dk\/http:\/\/jan-jakobsen.dk\/wp-content\/uploads\/2015\/10\/DSC0834-kopi-680x453.jpg 680w, https:\/\/jan-jakobsen.dk\/http:\/\/jan-jakobsen.dk\/wp-content\/uploads\/2015\/10\/DSC0834-kopi-300x200.jpg 300w\" sizes=\"auto, (max-width: 600px) 100vw, 600px\" \/><\/a><p id=\"caption-attachment-4380\" class=\"wp-caption-text\">De nye boliger begynder at tage form (foto februar 2015).<\/p><\/div>\n<div id=\"attachment_4293\" style=\"width: 610px\" class=\"wp-caption alignright\"><a href=\"https:\/\/jan-jakobsen.dk\/https:\/\/jan-jakobsen.dk\/wp-content\/uploads\/2015\/09\/repm\u00f8de2b.jpg\"><img loading=\"lazy\" decoding=\"async\" aria-describedby=\"caption-attachment-4293\" class=\"wp-image-4293\" src=\"https:\/\/jan-jakobsen.dk\/https:\/\/jan-jakobsen.dk\/wp-content\/uploads\/2015\/09\/repm\u00f8de2b-680x453.jpg\" alt=\"Et kig ind i en af de nye, endnu &quot;n\u00f8gne&quot;, boliger (foto februar 2015).\" width=\"600\" height=\"400\" srcset=\"https:\/\/jan-jakobsen.dk\/http:\/\/jan-jakobsen.dk\/wp-content\/uploads\/2015\/09\/repm\u00f8de2b-680x453.jpg 680w, https:\/\/jan-jakobsen.dk\/http:\/\/jan-jakobsen.dk\/wp-content\/uploads\/2015\/09\/repm\u00f8de2b-300x200.jpg 300w, https:\/\/jan-jakobsen.dk\/http:\/\/jan-jakobsen.dk\/wp-content\/uploads\/2015\/09\/repm\u00f8de2b.jpg 800w\" sizes=\"auto, (max-width: 600px) 100vw, 600px\" \/><\/a><p id=\"caption-attachment-4293\" class=\"wp-caption-text\">Et kig ind i en af de nye, endnu &#8220;n\u00f8gne&#8221;, boliger (foto februar 2015).<\/p><\/div>\n<div id=\"attachment_4294\" style=\"width: 610px\" class=\"wp-caption alignright\"><a href=\"https:\/\/jan-jakobsen.dk\/https:\/\/jan-jakobsen.dk\/wp-content\/uploads\/2015\/09\/repm\u00f8de2c.jpg\"><img loading=\"lazy\" decoding=\"async\" aria-describedby=\"caption-attachment-4294\" class=\"wp-image-4294\" src=\"https:\/\/jan-jakobsen.dk\/https:\/\/jan-jakobsen.dk\/wp-content\/uploads\/2015\/09\/repm\u00f8de2c-680x453.jpg\" alt=\"Badev\u00e6relset i en af de nye boliger (foto februar 2015).\" width=\"600\" height=\"400\" srcset=\"https:\/\/jan-jakobsen.dk\/http:\/\/jan-jakobsen.dk\/wp-content\/uploads\/2015\/09\/repm\u00f8de2c-680x453.jpg 680w, https:\/\/jan-jakobsen.dk\/http:\/\/jan-jakobsen.dk\/wp-content\/uploads\/2015\/09\/repm\u00f8de2c-300x200.jpg 300w, https:\/\/jan-jakobsen.dk\/http:\/\/jan-jakobsen.dk\/wp-content\/uploads\/2015\/09\/repm\u00f8de2c.jpg 800w\" sizes=\"auto, (max-width: 600px) 100vw, 600px\" \/><\/a><p id=\"caption-attachment-4294\" class=\"wp-caption-text\">Badev\u00e6relset i en af de nye boliger (foto februar 2015).<\/p><\/div>\n<div id=\"attachment_4292\" style=\"width: 610px\" class=\"wp-caption alignright\"><a href=\"https:\/\/jan-jakobsen.dk\/https:\/\/jan-jakobsen.dk\/wp-content\/uploads\/2015\/09\/repm\u00f8de2a.jpg\"><img loading=\"lazy\" decoding=\"async\" aria-describedby=\"caption-attachment-4292\" class=\"wp-image-4292\" src=\"https:\/\/jan-jakobsen.dk\/https:\/\/jan-jakobsen.dk\/wp-content\/uploads\/2015\/09\/repm\u00f8de2a-680x453.jpg\" alt=\"Boligerne begynder at tage form (foto februar 2015).\" width=\"600\" height=\"400\" srcset=\"https:\/\/jan-jakobsen.dk\/http:\/\/jan-jakobsen.dk\/wp-content\/uploads\/2015\/09\/repm\u00f8de2a-680x453.jpg 680w, https:\/\/jan-jakobsen.dk\/http:\/\/jan-jakobsen.dk\/wp-content\/uploads\/2015\/09\/repm\u00f8de2a-300x200.jpg 300w\" sizes=\"auto, (max-width: 600px) 100vw, 600px\" \/><\/a><p id=\"caption-attachment-4292\" class=\"wp-caption-text\">Boligerne begynder at tage form (foto februar 2015).<\/p><\/div>\n<div id=\"attachment_4361\" style=\"width: 610px\" class=\"wp-caption alignright\"><a href=\"https:\/\/jan-jakobsen.dk\/https:\/\/jan-jakobsen.dk\/wp-content\/uploads\/2015\/10\/Musholm-oktober-00811.jpg\"><img loading=\"lazy\" decoding=\"async\" aria-describedby=\"caption-attachment-4361\" class=\"wp-image-4361\" src=\"https:\/\/jan-jakobsen.dk\/https:\/\/jan-jakobsen.dk\/wp-content\/uploads\/2015\/10\/Musholm-oktober-00811-680x510.jpg\" alt=\"Det nye receptionsomr\u00e5de begynder at tage form (foto juli 2015).\" width=\"600\" height=\"450\" srcset=\"https:\/\/jan-jakobsen.dk\/http:\/\/jan-jakobsen.dk\/wp-content\/uploads\/2015\/10\/Musholm-oktober-00811-680x510.jpg 680w, https:\/\/jan-jakobsen.dk\/http:\/\/jan-jakobsen.dk\/wp-content\/uploads\/2015\/10\/Musholm-oktober-00811-300x225.jpg 300w, https:\/\/jan-jakobsen.dk\/http:\/\/jan-jakobsen.dk\/wp-content\/uploads\/2015\/10\/Musholm-oktober-00811.jpg 789w\" sizes=\"auto, (max-width: 600px) 100vw, 600px\" \/><\/a><p id=\"caption-attachment-4361\" class=\"wp-caption-text\">Det nye receptionsomr\u00e5de begynder at tage form (foto juli 2015).<\/p><\/div>\n<div id=\"attachment_4359\" style=\"width: 610px\" class=\"wp-caption alignright\"><a href=\"https:\/\/jan-jakobsen.dk\/https:\/\/jan-jakobsen.dk\/wp-content\/uploads\/2015\/10\/Musholm-oktober-00828.jpg\"><img loading=\"lazy\" decoding=\"async\" aria-describedby=\"caption-attachment-4359\" class=\"wp-image-4359\" src=\"https:\/\/jan-jakobsen.dk\/https:\/\/jan-jakobsen.dk\/wp-content\/uploads\/2015\/10\/Musholm-oktober-00828-680x510.jpg\" alt=\"Ogs\u00e5 g\u00e5rdhaven mellem reception og multihal begynder at ligne &quot;noget&quot; (foto juli 2015).\" width=\"600\" height=\"450\" srcset=\"https:\/\/jan-jakobsen.dk\/http:\/\/jan-jakobsen.dk\/wp-content\/uploads\/2015\/10\/Musholm-oktober-00828-680x510.jpg 680w, https:\/\/jan-jakobsen.dk\/http:\/\/jan-jakobsen.dk\/wp-content\/uploads\/2015\/10\/Musholm-oktober-00828-300x225.jpg 300w, https:\/\/jan-jakobsen.dk\/http:\/\/jan-jakobsen.dk\/wp-content\/uploads\/2015\/10\/Musholm-oktober-00828.jpg 800w\" sizes=\"auto, (max-width: 600px) 100vw, 600px\" \/><\/a><p id=\"caption-attachment-4359\" class=\"wp-caption-text\">Ogs\u00e5 g\u00e5rdhaven mellem reception og multihal begynder at ligne &#8220;noget&#8221; (foto juli 2015).<\/p><\/div>\n<div id=\"attachment_4300\" style=\"width: 610px\" class=\"wp-caption alignright\"><a href=\"https:\/\/jan-jakobsen.dk\/https:\/\/jan-jakobsen.dk\/wp-content\/uploads\/2015\/09\/untitled-00807.jpg\"><img loading=\"lazy\" decoding=\"async\" aria-describedby=\"caption-attachment-4300\" class=\"wp-image-4300\" src=\"https:\/\/jan-jakobsen.dk\/https:\/\/jan-jakobsen.dk\/wp-content\/uploads\/2015\/09\/untitled-00807-680x503.jpg\" alt=\"Nu er det ren historie, men i flere \u00e5r var det disse midlertidige skilte, der viste vej til den trange rreception (foto juli 2015).\" width=\"600\" height=\"444\" srcset=\"https:\/\/jan-jakobsen.dk\/http:\/\/jan-jakobsen.dk\/wp-content\/uploads\/2015\/09\/untitled-00807-680x503.jpg 680w, https:\/\/jan-jakobsen.dk\/http:\/\/jan-jakobsen.dk\/wp-content\/uploads\/2015\/09\/untitled-00807-300x222.jpg 300w, https:\/\/jan-jakobsen.dk\/http:\/\/jan-jakobsen.dk\/wp-content\/uploads\/2015\/09\/untitled-00807.jpg 752w\" sizes=\"auto, (max-width: 600px) 100vw, 600px\" \/><\/a><p id=\"caption-attachment-4300\" class=\"wp-caption-text\">Nu er det ren historie, men i flere \u00e5r var det disse midlertidige skilte, der viste vej til den trange rreception (foto juli 2015).<\/p><\/div>\n<div id=\"attachment_4386\" style=\"width: 610px\" class=\"wp-caption alignright\"><a href=\"https:\/\/jan-jakobsen.dk\/https:\/\/jan-jakobsen.dk\/wp-content\/uploads\/2015\/10\/12063348_10153633860269481_5346336214778264208_n.jpg\"><img loading=\"lazy\" decoding=\"async\" aria-describedby=\"caption-attachment-4386\" class=\"wp-image-4386\" src=\"https:\/\/jan-jakobsen.dk\/https:\/\/jan-jakobsen.dk\/wp-content\/uploads\/2015\/10\/12063348_10153633860269481_5346336214778264208_n-680x733.jpg\" alt=\"Det var en meget glad Evald Krog, der her er fotograferet kort f\u00f8r indvielsen. Siden f\u00f8rste etape af Musholm stod klar i 1997 har dette v\u00e6ret visionen, som Evald har haft i hovedet. Respekt!\" width=\"600\" height=\"646\" srcset=\"https:\/\/jan-jakobsen.dk\/http:\/\/jan-jakobsen.dk\/wp-content\/uploads\/2015\/10\/12063348_10153633860269481_5346336214778264208_n-680x733.jpg 680w, https:\/\/jan-jakobsen.dk\/http:\/\/jan-jakobsen.dk\/wp-content\/uploads\/2015\/10\/12063348_10153633860269481_5346336214778264208_n-278x300.jpg 278w, https:\/\/jan-jakobsen.dk\/http:\/\/jan-jakobsen.dk\/wp-content\/uploads\/2015\/10\/12063348_10153633860269481_5346336214778264208_n.jpg 891w\" sizes=\"auto, (max-width: 600px) 100vw, 600px\" \/><\/a><p id=\"caption-attachment-4386\" class=\"wp-caption-text\">Det er\u00a0en meget glad Evald Krog, der her er fotograferet kort f\u00f8r indvielsen. Siden f\u00f8rste etape af Musholm stod klar i 1998 har det, der i dag er Musholm &#8220;version III&#8221;\u00a0v\u00e6ret visionen, som Evald har haft i hovedet. Respekt!<\/p><\/div>\n<p>&nbsp;<\/p>\n<p>&nbsp;<\/p>\n","protected":false},"excerpt":{"rendered":"<p>Indvielsen af den III. etape af Musholm Ferie Sport Konference fandt sted torsdag 1. oktober 2015. Her kan du se et galleri med fotos, der fort\u00e6ller, hvordan jeg oplevede b\u00e5de indvielsen og de f\u00f8lgende dage. Flere fotos viser. 2. og. &hellip; <a href=\"https:\/\/jan-jakobsen.dk\/?p=4324\">L\u00e6s resten <span class=\"meta-nav\">&rarr;<\/span><\/a><\/p>\n","protected":false},"author":3,"featured_media":0,"comment_status":"open","ping_status":"open","sticky":false,"template":"","format":"standard","meta":{"footnotes":""},"categories":[4,3,1],"tags":[],"class_list":["post-4324","post","type-post","status-publish","format-standard","hentry","category-blog","category-handicapdebat","category-uncategorized"],"_links":{"self":[{"href":"https:\/\/jan-jakobsen.dk\/index.php?rest_route=\/wp\/v2\/posts\/4324","targetHints":{"allow":["GET"]}}],"collection":[{"href":"https:\/\/jan-jakobsen.dk\/index.php?rest_route=\/wp\/v2\/posts"}],"about":[{"href":"https:\/\/jan-jakobsen.dk\/index.php?rest_route=\/wp\/v2\/types\/post"}],"author":[{"embeddable":true,"href":"https:\/\/jan-jakobsen.dk\/index.php?rest_route=\/wp\/v2\/users\/3"}],"replies":[{"embeddable":true,"href":"https:\/\/jan-jakobsen.dk\/index.php?rest_route=%2Fwp%2Fv2%2Fcomments&post=4324"}],"version-history":[{"count":20,"href":"https:\/\/jan-jakobsen.dk\/index.php?rest_route=\/wp\/v2\/posts\/4324\/revisions"}],"predecessor-version":[{"id":4420,"href":"https:\/\/jan-jakobsen.dk\/index.php?rest_route=\/wp\/v2\/posts\/4324\/revisions\/4420"}],"wp:attachment":[{"href":"https:\/\/jan-jakobsen.dk\/index.php?rest_route=%2Fwp%2Fv2%2Fmedia&parent=4324"}],"wp:term":[{"taxonomy":"category","embeddable":true,"href":"https:\/\/jan-jakobsen.dk\/index.php?rest_route=%2Fwp%2Fv2%2Fcategories&post=4324"},{"taxonomy":"post_tag","embeddable":true,"href":"https:\/\/jan-jakobsen.dk\/index.php?rest_route=%2Fwp%2Fv2%2Ftags&post=4324"}],"curies":[{"name":"wp","href":"https:\/\/api.w.org\/{rel}","templated":true}]}}