{"id":4277,"date":"2015-09-20T07:26:14","date_gmt":"2015-09-20T05:26:14","guid":{"rendered":"http:\/\/jan-jakobsen.dk\/?p=4277"},"modified":"2015-09-20T08:24:40","modified_gmt":"2015-09-20T06:24:40","slug":"4277","status":"publish","type":"post","link":"https:\/\/jan-jakobsen.dk\/?p=4277","title":{"rendered":"P\u00e5 vej mod det nye Musholm"},"content":{"rendered":"<div id=\"attachment_4288\" style=\"width: 610px\" class=\"wp-caption aligncenter\"><a href=\"https:\/\/jan-jakobsen.dk\/https:\/\/jan-jakobsen.dk\/wp-content\/uploads\/2015\/09\/untitled-00859.jpg\"><img loading=\"lazy\" decoding=\"async\" aria-describedby=\"caption-attachment-4288\" class=\"wp-image-4288\" src=\"https:\/\/jan-jakobsen.dk\/https:\/\/jan-jakobsen.dk\/wp-content\/uploads\/2015\/09\/untitled-00859-680x258.jpg\" alt=\"Udsigt over Musholm Ferie Sport Konference som det ser ud fra &quot;Oldenbjerg&quot; (foto juli 2015).\" width=\"600\" height=\"228\" srcset=\"https:\/\/jan-jakobsen.dk\/http:\/\/jan-jakobsen.dk\/wp-content\/uploads\/2015\/09\/untitled-00859-680x258.jpg 680w, https:\/\/jan-jakobsen.dk\/http:\/\/jan-jakobsen.dk\/wp-content\/uploads\/2015\/09\/untitled-00859-300x114.jpg 300w, https:\/\/jan-jakobsen.dk\/http:\/\/jan-jakobsen.dk\/wp-content\/uploads\/2015\/09\/untitled-00859.jpg 785w\" sizes=\"auto, (max-width: 600px) 100vw, 600px\" \/><\/a><p id=\"caption-attachment-4288\" class=\"wp-caption-text\">Udsigt over Musholm Ferie Sport Konference som det ser ud fra &#8220;Oldenbjerg&#8221; (foto juli 2015).<\/p><\/div>\n<p>Musholm Ferie Sport Konference st\u00e5r over for at kunne indvi den sidste nye etape. Vi er mange, der gl\u00e6der os vildt meget til indvielsen, der finder sted torsdag 1. oktober 2015. Her kan du se nogle fotos af resultatet&#8230; og processen.<!--more--><\/p>\n<p>Musholm Ferie Sport Konference er i tre etaper blevet til i meget smukke omgivelser ved Musholm bugt ved Kors\u00f8r. Det blev en realitet i 1998 p\u00e5 initiativ af Muskelsvindfonden og realiseret med st\u00f8tte fra en r\u00e6kke fonde. Siden har Musholm Bugt Feriecenter, som det hed dengang, ikke blot v\u00e6ret en arkitektonisk perle, men ogs\u00e5 et sted, der har skabt omgivelser, hvor mennesker har kunnet m\u00f8des eller holde ferie. Gennemt\u00e6nkt tilg\u00e6ngelighed har gjort det til et yndet feriested for ikke blot mennesker med muskelsvind men ogs\u00e5 for mange andre.<\/p>\n<p>I de sidste par \u00e5r har stedet v\u00e6ret pr\u00e6get af den udvidelse, der nu styrker\u00a0Musholm Ferie Sport Konference yderligere. 100 mio kr. har den hidtil st\u00f8rste udvidelse af centret kostet. Udvidelsen f\u00f8jer\u00a0en stor, smuk multihal, der kan bruges til sport, konferencer og koncerter til centret. Hertil kommer 21 ferieboliger, en restaurant, et k\u00f8kken og garage med v\u00e6rkstedsfaciliteter.<\/p>\n<p>I dag er\u00a0Musholm Ferie Sport Konference en\u00a0registret social\u00f8konomisk virksomhed. Et eventuelt overskud bruges til et socialt form\u00e5l: at tilbyde ferie- og fritidsaktiviteter for mennesker med handicap. Eventuelt overskud skal anvendes til at underst\u00f8tte og udvikle aktiviteter, der er bestemt ud fra form\u00e5let. Alle g\u00e6ster\u00a0har p\u00e5\u00a0sikkerhed for, at Musholm Ferie Sport Konference\u00a0arbejder for et socialt form\u00e5l, er erhvervsdrivende, er\u00a0uafh\u00e6ngig af det offentlige,\u00a0er inddragende og ansvarlige, og h\u00e5ndterer sit eventuelle overskud socialt.<\/p>\n<div id=\"attachment_4278\" style=\"width: 610px\" class=\"wp-caption aligncenter\"><a href=\"https:\/\/jan-jakobsen.dk\/https:\/\/jan-jakobsen.dk\/wp-content\/uploads\/2015\/09\/01.jpg\"><img loading=\"lazy\" decoding=\"async\" aria-describedby=\"caption-attachment-4278\" class=\"wp-image-4278\" src=\"https:\/\/jan-jakobsen.dk\/https:\/\/jan-jakobsen.dk\/wp-content\/uploads\/2015\/09\/01-680x509.jpg\" alt=\"01\" width=\"600\" height=\"449\" srcset=\"https:\/\/jan-jakobsen.dk\/http:\/\/jan-jakobsen.dk\/wp-content\/uploads\/2015\/09\/01-680x509.jpg 680w, https:\/\/jan-jakobsen.dk\/http:\/\/jan-jakobsen.dk\/wp-content\/uploads\/2015\/09\/01-300x225.jpg 300w, https:\/\/jan-jakobsen.dk\/http:\/\/jan-jakobsen.dk\/wp-content\/uploads\/2015\/09\/01.jpg 960w\" sizes=\"auto, (max-width: 600px) 100vw, 600px\" \/><\/a><p id=\"caption-attachment-4278\" class=\"wp-caption-text\">Det nye indgangsparti.<\/p><\/div>\n<div id=\"attachment_4279\" style=\"width: 610px\" class=\"wp-caption aligncenter\"><a href=\"https:\/\/jan-jakobsen.dk\/https:\/\/jan-jakobsen.dk\/wp-content\/uploads\/2015\/09\/02.jpg\"><img loading=\"lazy\" decoding=\"async\" aria-describedby=\"caption-attachment-4279\" class=\"wp-image-4279\" src=\"https:\/\/jan-jakobsen.dk\/https:\/\/jan-jakobsen.dk\/wp-content\/uploads\/2015\/09\/02-680x509.jpg\" alt=\"Multihallen, hvor en del af multimedieudstyret afpr\u00f8ves,\" width=\"600\" height=\"449\" srcset=\"https:\/\/jan-jakobsen.dk\/http:\/\/jan-jakobsen.dk\/wp-content\/uploads\/2015\/09\/02-680x509.jpg 680w, https:\/\/jan-jakobsen.dk\/http:\/\/jan-jakobsen.dk\/wp-content\/uploads\/2015\/09\/02-300x225.jpg 300w, https:\/\/jan-jakobsen.dk\/http:\/\/jan-jakobsen.dk\/wp-content\/uploads\/2015\/09\/02.jpg 960w\" sizes=\"auto, (max-width: 600px) 100vw, 600px\" \/><\/a><p id=\"caption-attachment-4279\" class=\"wp-caption-text\">Multihallen, hvor en del af multimedieudstyret afpr\u00f8ves,<\/p><\/div>\n<div id=\"attachment_4280\" style=\"width: 610px\" class=\"wp-caption aligncenter\"><a href=\"https:\/\/jan-jakobsen.dk\/https:\/\/jan-jakobsen.dk\/wp-content\/uploads\/2015\/09\/03.jpg\"><img loading=\"lazy\" decoding=\"async\" aria-describedby=\"caption-attachment-4280\" class=\"wp-image-4280\" src=\"https:\/\/jan-jakobsen.dk\/https:\/\/jan-jakobsen.dk\/wp-content\/uploads\/2015\/09\/03-680x510.jpg\" alt=\"Et blik ud over det store vinduesparti. Her fornemmer man ogs\u00e5 den lange rampe, der hele vejen rundt om den runde bygning er en af m\u00e5derne (der er ogs\u00e5 elevator) kan komme op p\u00e5 hallens &quot;\u00f8vre plan&quot;.\" width=\"600\" height=\"450\" srcset=\"https:\/\/jan-jakobsen.dk\/http:\/\/jan-jakobsen.dk\/wp-content\/uploads\/2015\/09\/03-680x510.jpg 680w, https:\/\/jan-jakobsen.dk\/http:\/\/jan-jakobsen.dk\/wp-content\/uploads\/2015\/09\/03-300x225.jpg 300w, https:\/\/jan-jakobsen.dk\/http:\/\/jan-jakobsen.dk\/wp-content\/uploads\/2015\/09\/03.jpg 960w\" sizes=\"auto, (max-width: 600px) 100vw, 600px\" \/><\/a><p id=\"caption-attachment-4280\" class=\"wp-caption-text\">Et blik ud over det store vinduesparti. Her fornemmer man ogs\u00e5 den lange rampe, der hele vejen rundt om den runde bygning er en af m\u00e5derne (der er ogs\u00e5 elevator) kan komme op p\u00e5 hallens &#8220;\u00f8vre plan&#8221;.<\/p><\/div>\n<div id=\"attachment_4281\" style=\"width: 610px\" class=\"wp-caption aligncenter\"><a href=\"https:\/\/jan-jakobsen.dk\/https:\/\/jan-jakobsen.dk\/wp-content\/uploads\/2015\/09\/04.jpg\"><img loading=\"lazy\" decoding=\"async\" aria-describedby=\"caption-attachment-4281\" class=\"wp-image-4281\" src=\"https:\/\/jan-jakobsen.dk\/https:\/\/jan-jakobsen.dk\/wp-content\/uploads\/2015\/09\/04-680x510.jpg\" alt=\"Et blik ud over det store vinduesparti. Her fornemmer man ogs\u00e5 den lange rampe, der hele vejen rundt om den runde bygning er en af m\u00e5derne (der er ogs\u00e5 elevator) kan komme op p\u00e5 hallens &quot;\u00f8vre plan&quot;.\" width=\"600\" height=\"450\" srcset=\"https:\/\/jan-jakobsen.dk\/http:\/\/jan-jakobsen.dk\/wp-content\/uploads\/2015\/09\/04-680x510.jpg 680w, https:\/\/jan-jakobsen.dk\/http:\/\/jan-jakobsen.dk\/wp-content\/uploads\/2015\/09\/04-300x225.jpg 300w, https:\/\/jan-jakobsen.dk\/http:\/\/jan-jakobsen.dk\/wp-content\/uploads\/2015\/09\/04.jpg 960w\" sizes=\"auto, (max-width: 600px) 100vw, 600px\" \/><\/a><p id=\"caption-attachment-4281\" class=\"wp-caption-text\">Et blik ud over det store vinduesparti. Her fornemmer man ogs\u00e5 den lange rampe, der hele vejen rundt om den runde bygning er en af m\u00e5derne (der er ogs\u00e5 elevator) kan komme op p\u00e5 hallens &#8220;\u00f8vre plan&#8221;.<\/p><\/div>\n<div id=\"attachment_4282\" style=\"width: 610px\" class=\"wp-caption aligncenter\"><a href=\"https:\/\/jan-jakobsen.dk\/https:\/\/jan-jakobsen.dk\/wp-content\/uploads\/2015\/09\/05.jpg\"><img loading=\"lazy\" decoding=\"async\" aria-describedby=\"caption-attachment-4282\" class=\"wp-image-4282\" src=\"https:\/\/jan-jakobsen.dk\/https:\/\/jan-jakobsen.dk\/wp-content\/uploads\/2015\/09\/05-680x510.jpg\" alt=\"Sidste foto viser endnu et billede af hallen. Fra det s\u00e5kaldte &quot;Himmelrum&quot; \u00f8verst, er der udsigt over Musholms tage, vand og himmel.\" width=\"600\" height=\"450\" srcset=\"https:\/\/jan-jakobsen.dk\/http:\/\/jan-jakobsen.dk\/wp-content\/uploads\/2015\/09\/05-680x510.jpg 680w, https:\/\/jan-jakobsen.dk\/http:\/\/jan-jakobsen.dk\/wp-content\/uploads\/2015\/09\/05-300x225.jpg 300w, https:\/\/jan-jakobsen.dk\/http:\/\/jan-jakobsen.dk\/wp-content\/uploads\/2015\/09\/05.jpg 960w\" sizes=\"auto, (max-width: 600px) 100vw, 600px\" \/><\/a><p id=\"caption-attachment-4282\" class=\"wp-caption-text\">Sidste foto viser endnu et billede af hallen. Fra det s\u00e5kaldte &#8220;Himmelrum&#8221; \u00f8verst, er der udsigt over Musholms tage, vand og himmel.<\/p><\/div>\n<div id=\"attachment_4306\" style=\"width: 610px\" class=\"wp-caption aligncenter\"><a href=\"https:\/\/jan-jakobsen.dk\/https:\/\/jan-jakobsen.dk\/wp-content\/uploads\/2015\/09\/untitled-0788.jpg\"><img loading=\"lazy\" decoding=\"async\" aria-describedby=\"caption-attachment-4306\" class=\"wp-image-4306\" src=\"https:\/\/jan-jakobsen.dk\/https:\/\/jan-jakobsen.dk\/wp-content\/uploads\/2015\/09\/untitled-0788-680x510.jpg\" alt=\"Musholm har ogs\u00e5 f\u00e5et et motionscenter. I \u00f8jeblikket er det dog pr\u00e6get af en sending elhockeystole, der fylder godt. Her er medlem af Muskelsvindfondens repr\u00e6sentantskab Dorte Behrendt ved at afpr\u00f8ve siddekomforten i en af stolene. Der var ikke plads til at hun kunne f\u00e5 sig en tur i den rappe stol.\" width=\"600\" height=\"450\" srcset=\"https:\/\/jan-jakobsen.dk\/http:\/\/jan-jakobsen.dk\/wp-content\/uploads\/2015\/09\/untitled-0788-680x510.jpg 680w, https:\/\/jan-jakobsen.dk\/http:\/\/jan-jakobsen.dk\/wp-content\/uploads\/2015\/09\/untitled-0788-300x225.jpg 300w, https:\/\/jan-jakobsen.dk\/http:\/\/jan-jakobsen.dk\/wp-content\/uploads\/2015\/09\/untitled-0788.jpg 1200w\" sizes=\"auto, (max-width: 600px) 100vw, 600px\" \/><\/a><p id=\"caption-attachment-4306\" class=\"wp-caption-text\">Musholm har ogs\u00e5 f\u00e5et et motionscenter. I \u00f8jeblikket er det dog pr\u00e6get af en sending elhockeystole, der fylder godt. Her er medlem af Muskelsvindfondens repr\u00e6sentantskab Dorte Behrendt ved at afpr\u00f8ve siddekomforten i en af stolene. Der var ikke plads til at hun kunne f\u00e5 sig en tur i den rappe stol.<\/p><\/div>\n<div id=\"attachment_4291\" style=\"width: 610px\" class=\"wp-caption aligncenter\"><a href=\"https:\/\/jan-jakobsen.dk\/https:\/\/jan-jakobsen.dk\/wp-content\/uploads\/2015\/09\/untitled-007921.jpg\"><img loading=\"lazy\" decoding=\"async\" aria-describedby=\"caption-attachment-4291\" class=\"wp-image-4291\" src=\"https:\/\/jan-jakobsen.dk\/https:\/\/jan-jakobsen.dk\/wp-content\/uploads\/2015\/09\/untitled-007921-680x510.jpg\" alt=\"De nye boliger, der ogs\u00e5 er cirkelformet som multihallen (foto juli 2015). \" width=\"600\" height=\"450\" srcset=\"https:\/\/jan-jakobsen.dk\/http:\/\/jan-jakobsen.dk\/wp-content\/uploads\/2015\/09\/untitled-007921-680x510.jpg 680w, https:\/\/jan-jakobsen.dk\/http:\/\/jan-jakobsen.dk\/wp-content\/uploads\/2015\/09\/untitled-007921-300x225.jpg 300w, https:\/\/jan-jakobsen.dk\/http:\/\/jan-jakobsen.dk\/wp-content\/uploads\/2015\/09\/untitled-007921.jpg 726w\" sizes=\"auto, (max-width: 600px) 100vw, 600px\" \/><\/a><p id=\"caption-attachment-4291\" class=\"wp-caption-text\">De nye boliger, der ogs\u00e5 er cirkelformet som multihallen (foto juli 2015).<\/p><\/div>\n<div id=\"attachment_4283\" style=\"width: 610px\" class=\"wp-caption aligncenter\"><a href=\"https:\/\/jan-jakobsen.dk\/https:\/\/jan-jakobsen.dk\/wp-content\/uploads\/2015\/09\/untitled-00790.jpg\"><img loading=\"lazy\" decoding=\"async\" aria-describedby=\"caption-attachment-4283\" class=\"wp-image-4283\" src=\"https:\/\/jan-jakobsen.dk\/https:\/\/jan-jakobsen.dk\/wp-content\/uploads\/2015\/09\/untitled-00790-680x510.jpg\" alt=\"Detalje fra boligerne... (foto juli 2015).\" width=\"600\" height=\"450\" srcset=\"https:\/\/jan-jakobsen.dk\/http:\/\/jan-jakobsen.dk\/wp-content\/uploads\/2015\/09\/untitled-00790-680x510.jpg 680w, https:\/\/jan-jakobsen.dk\/http:\/\/jan-jakobsen.dk\/wp-content\/uploads\/2015\/09\/untitled-00790-300x225.jpg 300w, https:\/\/jan-jakobsen.dk\/http:\/\/jan-jakobsen.dk\/wp-content\/uploads\/2015\/09\/untitled-00790.jpg 767w\" sizes=\"auto, (max-width: 600px) 100vw, 600px\" \/><\/a><p id=\"caption-attachment-4283\" class=\"wp-caption-text\">Detalje fra boligerne&#8230; (foto juli 2015).<\/p><\/div>\n<div id=\"attachment_4286\" style=\"width: 610px\" class=\"wp-caption aligncenter\"><a href=\"https:\/\/jan-jakobsen.dk\/https:\/\/jan-jakobsen.dk\/wp-content\/uploads\/2015\/09\/untitled-00810.jpg\"><img loading=\"lazy\" decoding=\"async\" aria-describedby=\"caption-attachment-4286\" class=\"wp-image-4286\" src=\"https:\/\/jan-jakobsen.dk\/https:\/\/jan-jakobsen.dk\/wp-content\/uploads\/2015\/09\/untitled-00810-680x510.jpg\" alt=\"Fra den nye restaurant (foto juli 2015).\" width=\"600\" height=\"450\" srcset=\"https:\/\/jan-jakobsen.dk\/http:\/\/jan-jakobsen.dk\/wp-content\/uploads\/2015\/09\/untitled-00810-680x510.jpg 680w, https:\/\/jan-jakobsen.dk\/http:\/\/jan-jakobsen.dk\/wp-content\/uploads\/2015\/09\/untitled-00810-300x225.jpg 300w, https:\/\/jan-jakobsen.dk\/http:\/\/jan-jakobsen.dk\/wp-content\/uploads\/2015\/09\/untitled-00810.jpg 766w\" sizes=\"auto, (max-width: 600px) 100vw, 600px\" \/><\/a><p id=\"caption-attachment-4286\" class=\"wp-caption-text\">Fra den nye restaurant (foto juli 2015).<\/p><\/div>\n<div id=\"attachment_4289\" style=\"width: 610px\" class=\"wp-caption aligncenter\"><a href=\"https:\/\/jan-jakobsen.dk\/https:\/\/jan-jakobsen.dk\/wp-content\/uploads\/2015\/09\/untitled-00883.jpg\"><img loading=\"lazy\" decoding=\"async\" aria-describedby=\"caption-attachment-4289\" class=\"wp-image-4289\" src=\"https:\/\/jan-jakobsen.dk\/https:\/\/jan-jakobsen.dk\/wp-content\/uploads\/2015\/09\/untitled-00883-680x510.jpg\" alt=\"Et vue ud over landskabet omkring Musholm Ferie Sport Konference. Et stisystem, der ogs\u00e5 er tilg\u00e6ngeligt for mange med funktionsneds\u00e6ttelser, snor sig rundt i landskabet (foto juli 2015).\" width=\"600\" height=\"450\" srcset=\"https:\/\/jan-jakobsen.dk\/http:\/\/jan-jakobsen.dk\/wp-content\/uploads\/2015\/09\/untitled-00883-680x510.jpg 680w, https:\/\/jan-jakobsen.dk\/http:\/\/jan-jakobsen.dk\/wp-content\/uploads\/2015\/09\/untitled-00883-300x225.jpg 300w, https:\/\/jan-jakobsen.dk\/http:\/\/jan-jakobsen.dk\/wp-content\/uploads\/2015\/09\/untitled-00883.jpg 798w\" sizes=\"auto, (max-width: 600px) 100vw, 600px\" \/><\/a><p id=\"caption-attachment-4289\" class=\"wp-caption-text\">Et vue ud over landskabet omkring Musholm Ferie Sport Konference. Et stisystem, der ogs\u00e5 er tilg\u00e6ngeligt for mange med funktionsneds\u00e6ttelser, snor sig rundt i landskabet (foto juli 2015).<\/p><\/div>\n<p>Her er lidt fotos, der f\u00f8lger tilblivelsesprocessen p\u00e5 vej mod det nye Musholm&#8230;<\/p>\n<div id=\"attachment_4285\" style=\"width: 610px\" class=\"wp-caption aligncenter\"><a href=\"https:\/\/jan-jakobsen.dk\/https:\/\/jan-jakobsen.dk\/wp-content\/uploads\/2015\/09\/untitled-00802.jpg\"><img loading=\"lazy\" decoding=\"async\" aria-describedby=\"caption-attachment-4285\" class=\"wp-image-4285\" src=\"https:\/\/jan-jakobsen.dk\/https:\/\/jan-jakobsen.dk\/wp-content\/uploads\/2015\/09\/untitled-00802-680x510.jpg\" alt=\"Byggepladsen (foto juli 2014).\" width=\"600\" height=\"450\" srcset=\"https:\/\/jan-jakobsen.dk\/http:\/\/jan-jakobsen.dk\/wp-content\/uploads\/2015\/09\/untitled-00802-680x510.jpg 680w, https:\/\/jan-jakobsen.dk\/http:\/\/jan-jakobsen.dk\/wp-content\/uploads\/2015\/09\/untitled-00802-300x225.jpg 300w, https:\/\/jan-jakobsen.dk\/http:\/\/jan-jakobsen.dk\/wp-content\/uploads\/2015\/09\/untitled-00802.jpg 795w\" sizes=\"auto, (max-width: 600px) 100vw, 600px\" \/><\/a><p id=\"caption-attachment-4285\" class=\"wp-caption-text\">Byggepladsen (foto juli 2014).<\/p><\/div>\n<div id=\"attachment_4287\" style=\"width: 610px\" class=\"wp-caption aligncenter\"><a href=\"https:\/\/jan-jakobsen.dk\/https:\/\/jan-jakobsen.dk\/wp-content\/uploads\/2015\/09\/untitled-00816.jpg\"><img loading=\"lazy\" decoding=\"async\" aria-describedby=\"caption-attachment-4287\" class=\"wp-image-4287\" src=\"https:\/\/jan-jakobsen.dk\/https:\/\/jan-jakobsen.dk\/wp-content\/uploads\/2015\/09\/untitled-00816-680x510.jpg\" alt=\"Konturerne af boligerne begynder at tegne sig (foto juli 2014).\" width=\"600\" height=\"450\" srcset=\"https:\/\/jan-jakobsen.dk\/http:\/\/jan-jakobsen.dk\/wp-content\/uploads\/2015\/09\/untitled-00816-680x510.jpg 680w, https:\/\/jan-jakobsen.dk\/http:\/\/jan-jakobsen.dk\/wp-content\/uploads\/2015\/09\/untitled-00816-300x225.jpg 300w, https:\/\/jan-jakobsen.dk\/http:\/\/jan-jakobsen.dk\/wp-content\/uploads\/2015\/09\/untitled-00816.jpg 800w\" sizes=\"auto, (max-width: 600px) 100vw, 600px\" \/><\/a><p id=\"caption-attachment-4287\" class=\"wp-caption-text\">Konturerne af boligerne begynder at tegne sig (foto juli 2014).<\/p><\/div>\n<div id=\"attachment_4290\" style=\"width: 610px\" class=\"wp-caption aligncenter\"><a href=\"https:\/\/jan-jakobsen.dk\/https:\/\/jan-jakobsen.dk\/wp-content\/uploads\/2015\/09\/untitled-00970.jpg\"><img loading=\"lazy\" decoding=\"async\" aria-describedby=\"caption-attachment-4290\" class=\"wp-image-4290\" src=\"https:\/\/jan-jakobsen.dk\/https:\/\/jan-jakobsen.dk\/wp-content\/uploads\/2015\/09\/untitled-00970-680x510.jpg\" alt=\"Multihallen begynder at rejse sig (foto september 2014).\" width=\"600\" height=\"450\" srcset=\"https:\/\/jan-jakobsen.dk\/http:\/\/jan-jakobsen.dk\/wp-content\/uploads\/2015\/09\/untitled-00970-680x510.jpg 680w, https:\/\/jan-jakobsen.dk\/http:\/\/jan-jakobsen.dk\/wp-content\/uploads\/2015\/09\/untitled-00970-300x225.jpg 300w, https:\/\/jan-jakobsen.dk\/http:\/\/jan-jakobsen.dk\/wp-content\/uploads\/2015\/09\/untitled-00970.jpg 800w\" sizes=\"auto, (max-width: 600px) 100vw, 600px\" \/><\/a><p id=\"caption-attachment-4290\" class=\"wp-caption-text\">Multihallen begynder at rejse sig (foto september 2014).<\/p><\/div>\n<div id=\"attachment_4292\" style=\"width: 610px\" class=\"wp-caption aligncenter\"><a href=\"https:\/\/jan-jakobsen.dk\/https:\/\/jan-jakobsen.dk\/wp-content\/uploads\/2015\/09\/repm\u00f8de2a.jpg\"><img loading=\"lazy\" decoding=\"async\" aria-describedby=\"caption-attachment-4292\" class=\"wp-image-4292\" src=\"https:\/\/jan-jakobsen.dk\/https:\/\/jan-jakobsen.dk\/wp-content\/uploads\/2015\/09\/repm\u00f8de2a-680x453.jpg\" alt=\"Boligerne begynder at tage form (foto februar 2015).\" width=\"600\" height=\"400\" srcset=\"https:\/\/jan-jakobsen.dk\/http:\/\/jan-jakobsen.dk\/wp-content\/uploads\/2015\/09\/repm\u00f8de2a-680x453.jpg 680w, https:\/\/jan-jakobsen.dk\/http:\/\/jan-jakobsen.dk\/wp-content\/uploads\/2015\/09\/repm\u00f8de2a-300x200.jpg 300w\" sizes=\"auto, (max-width: 600px) 100vw, 600px\" \/><\/a><p id=\"caption-attachment-4292\" class=\"wp-caption-text\">Boligerne begynder at tage form (foto februar 2015).<\/p><\/div>\n<div id=\"attachment_4293\" style=\"width: 610px\" class=\"wp-caption aligncenter\"><a href=\"https:\/\/jan-jakobsen.dk\/https:\/\/jan-jakobsen.dk\/wp-content\/uploads\/2015\/09\/repm\u00f8de2b.jpg\"><img loading=\"lazy\" decoding=\"async\" aria-describedby=\"caption-attachment-4293\" class=\"wp-image-4293\" src=\"https:\/\/jan-jakobsen.dk\/https:\/\/jan-jakobsen.dk\/wp-content\/uploads\/2015\/09\/repm\u00f8de2b-680x453.jpg\" alt=\"Et kig ind i en af de nye, endnu &quot;n\u00f8gne&quot;, boliger (foto februar 2015).\" width=\"600\" height=\"400\" srcset=\"https:\/\/jan-jakobsen.dk\/http:\/\/jan-jakobsen.dk\/wp-content\/uploads\/2015\/09\/repm\u00f8de2b-680x453.jpg 680w, https:\/\/jan-jakobsen.dk\/http:\/\/jan-jakobsen.dk\/wp-content\/uploads\/2015\/09\/repm\u00f8de2b-300x200.jpg 300w, https:\/\/jan-jakobsen.dk\/http:\/\/jan-jakobsen.dk\/wp-content\/uploads\/2015\/09\/repm\u00f8de2b.jpg 800w\" sizes=\"auto, (max-width: 600px) 100vw, 600px\" \/><\/a><p id=\"caption-attachment-4293\" class=\"wp-caption-text\">Et kig ind i en af de nye, endnu &#8220;n\u00f8gne&#8221;, boliger (foto februar 2015).<\/p><\/div>\n<div id=\"attachment_4294\" style=\"width: 610px\" class=\"wp-caption aligncenter\"><a href=\"https:\/\/jan-jakobsen.dk\/https:\/\/jan-jakobsen.dk\/wp-content\/uploads\/2015\/09\/repm\u00f8de2c.jpg\"><img loading=\"lazy\" decoding=\"async\" aria-describedby=\"caption-attachment-4294\" class=\"wp-image-4294\" src=\"https:\/\/jan-jakobsen.dk\/https:\/\/jan-jakobsen.dk\/wp-content\/uploads\/2015\/09\/repm\u00f8de2c-680x453.jpg\" alt=\"Badev\u00e6relset i en af de nye boliger (foto februar 2015).\" width=\"600\" height=\"400\" srcset=\"https:\/\/jan-jakobsen.dk\/http:\/\/jan-jakobsen.dk\/wp-content\/uploads\/2015\/09\/repm\u00f8de2c-680x453.jpg 680w, https:\/\/jan-jakobsen.dk\/http:\/\/jan-jakobsen.dk\/wp-content\/uploads\/2015\/09\/repm\u00f8de2c-300x200.jpg 300w, https:\/\/jan-jakobsen.dk\/http:\/\/jan-jakobsen.dk\/wp-content\/uploads\/2015\/09\/repm\u00f8de2c.jpg 800w\" sizes=\"auto, (max-width: 600px) 100vw, 600px\" \/><\/a><p id=\"caption-attachment-4294\" class=\"wp-caption-text\">Badev\u00e6relset i en af de nye boliger (foto februar 2015).<\/p><\/div>\n<div id=\"attachment_4295\" style=\"width: 610px\" class=\"wp-caption aligncenter\"><a href=\"https:\/\/jan-jakobsen.dk\/https:\/\/jan-jakobsen.dk\/wp-content\/uploads\/2015\/09\/repm\u00f8de3a.jpg\"><img loading=\"lazy\" decoding=\"async\" aria-describedby=\"caption-attachment-4295\" class=\"wp-image-4295\" src=\"https:\/\/jan-jakobsen.dk\/https:\/\/jan-jakobsen.dk\/wp-content\/uploads\/2015\/09\/repm\u00f8de3a-680x453.jpg\" alt=\"Multisalen under arbejdet... (foto februar 2015).\" width=\"600\" height=\"400\" srcset=\"https:\/\/jan-jakobsen.dk\/http:\/\/jan-jakobsen.dk\/wp-content\/uploads\/2015\/09\/repm\u00f8de3a-680x453.jpg 680w, https:\/\/jan-jakobsen.dk\/http:\/\/jan-jakobsen.dk\/wp-content\/uploads\/2015\/09\/repm\u00f8de3a-300x200.jpg 300w, https:\/\/jan-jakobsen.dk\/http:\/\/jan-jakobsen.dk\/wp-content\/uploads\/2015\/09\/repm\u00f8de3a.jpg 800w\" sizes=\"auto, (max-width: 600px) 100vw, 600px\" \/><\/a><p id=\"caption-attachment-4295\" class=\"wp-caption-text\">Multisalen under arbejdet&#8230; (foto februar 2015).<\/p><\/div>\n<div id=\"attachment_4296\" style=\"width: 610px\" class=\"wp-caption aligncenter\"><a href=\"https:\/\/jan-jakobsen.dk\/https:\/\/jan-jakobsen.dk\/wp-content\/uploads\/2015\/09\/repm\u00f8de3b.jpg\"><img loading=\"lazy\" decoding=\"async\" aria-describedby=\"caption-attachment-4296\" class=\"wp-image-4296\" src=\"https:\/\/jan-jakobsen.dk\/https:\/\/jan-jakobsen.dk\/wp-content\/uploads\/2015\/09\/repm\u00f8de3b-680x1020.jpg\" alt=\"Rampen til Multisalens \u00f8verste plan (foto februar 2015).\" width=\"600\" height=\"900\" srcset=\"https:\/\/jan-jakobsen.dk\/http:\/\/jan-jakobsen.dk\/wp-content\/uploads\/2015\/09\/repm\u00f8de3b-680x1020.jpg 680w, https:\/\/jan-jakobsen.dk\/http:\/\/jan-jakobsen.dk\/wp-content\/uploads\/2015\/09\/repm\u00f8de3b-200x300.jpg 200w, https:\/\/jan-jakobsen.dk\/http:\/\/jan-jakobsen.dk\/wp-content\/uploads\/2015\/09\/repm\u00f8de3b.jpg 800w\" sizes=\"auto, (max-width: 600px) 100vw, 600px\" \/><\/a><p id=\"caption-attachment-4296\" class=\"wp-caption-text\">Rampen til Multisalens \u00f8verste plan (foto februar 2015).<\/p><\/div>\n<div id=\"attachment_4301\" style=\"width: 610px\" class=\"wp-caption aligncenter\"><a href=\"https:\/\/jan-jakobsen.dk\/https:\/\/jan-jakobsen.dk\/wp-content\/uploads\/2015\/09\/untitled-00811.jpg\"><img loading=\"lazy\" decoding=\"async\" aria-describedby=\"caption-attachment-4301\" class=\"wp-image-4301\" src=\"https:\/\/jan-jakobsen.dk\/https:\/\/jan-jakobsen.dk\/wp-content\/uploads\/2015\/09\/untitled-00811-680x510.jpg\" alt=\"Omr\u00e5det, der skal blive til den nye reception (foto juli 2015).\" width=\"600\" height=\"450\" srcset=\"https:\/\/jan-jakobsen.dk\/http:\/\/jan-jakobsen.dk\/wp-content\/uploads\/2015\/09\/untitled-00811-680x510.jpg 680w, https:\/\/jan-jakobsen.dk\/http:\/\/jan-jakobsen.dk\/wp-content\/uploads\/2015\/09\/untitled-00811-300x225.jpg 300w, https:\/\/jan-jakobsen.dk\/http:\/\/jan-jakobsen.dk\/wp-content\/uploads\/2015\/09\/untitled-00811.jpg 789w\" sizes=\"auto, (max-width: 600px) 100vw, 600px\" \/><\/a><p id=\"caption-attachment-4301\" class=\"wp-caption-text\">Omr\u00e5det, der skal blive til den nye reception (foto juli 2015).<\/p><\/div>\n<div id=\"attachment_4297\" style=\"width: 610px\" class=\"wp-caption aligncenter\"><a href=\"https:\/\/jan-jakobsen.dk\/https:\/\/jan-jakobsen.dk\/wp-content\/uploads\/2015\/09\/untitled-00828.jpg\"><img loading=\"lazy\" decoding=\"async\" aria-describedby=\"caption-attachment-4297\" class=\"wp-image-4297\" src=\"https:\/\/jan-jakobsen.dk\/https:\/\/jan-jakobsen.dk\/wp-content\/uploads\/2015\/09\/untitled-00828-680x510.jpg\" alt=\"Den lille lukkede g\u00e5rd mellem m\u00f8delokaler og reception, mens omr\u00e5det stadig var en byggeplads (foto juli 2015).\" width=\"600\" height=\"450\" srcset=\"https:\/\/jan-jakobsen.dk\/http:\/\/jan-jakobsen.dk\/wp-content\/uploads\/2015\/09\/untitled-00828-680x510.jpg 680w, https:\/\/jan-jakobsen.dk\/http:\/\/jan-jakobsen.dk\/wp-content\/uploads\/2015\/09\/untitled-00828-300x225.jpg 300w, https:\/\/jan-jakobsen.dk\/http:\/\/jan-jakobsen.dk\/wp-content\/uploads\/2015\/09\/untitled-00828.jpg 800w\" sizes=\"auto, (max-width: 600px) 100vw, 600px\" \/><\/a><p id=\"caption-attachment-4297\" class=\"wp-caption-text\">Den lille lukkede g\u00e5rd mellem m\u00f8delokaler og reception, mens omr\u00e5det stadig var en byggeplads (foto juli 2015).<\/p><\/div>\n<div id=\"attachment_4299\" style=\"width: 610px\" class=\"wp-caption aligncenter\"><a href=\"https:\/\/jan-jakobsen.dk\/https:\/\/jan-jakobsen.dk\/wp-content\/uploads\/2015\/09\/untitled-2.jpg\"><img loading=\"lazy\" decoding=\"async\" aria-describedby=\"caption-attachment-4299\" class=\"wp-image-4299\" src=\"https:\/\/jan-jakobsen.dk\/https:\/\/jan-jakobsen.dk\/wp-content\/uploads\/2015\/09\/untitled-2-680x502.jpg\" alt=\"I mange m\u00e5neder var dette synet, der m\u00f8dte g\u00e6ster p\u00e5 Musholm. Det var h\u00e5rde tider for alle, men nu st\u00e5r det klart (foto juli 2015).\" width=\"600\" height=\"443\" srcset=\"https:\/\/jan-jakobsen.dk\/http:\/\/jan-jakobsen.dk\/wp-content\/uploads\/2015\/09\/untitled-2-680x502.jpg 680w, https:\/\/jan-jakobsen.dk\/http:\/\/jan-jakobsen.dk\/wp-content\/uploads\/2015\/09\/untitled-2-300x221.jpg 300w, https:\/\/jan-jakobsen.dk\/http:\/\/jan-jakobsen.dk\/wp-content\/uploads\/2015\/09\/untitled-2.jpg 791w\" sizes=\"auto, (max-width: 600px) 100vw, 600px\" \/><\/a><p id=\"caption-attachment-4299\" class=\"wp-caption-text\">I mange m\u00e5neder var dette synet, der m\u00f8dte g\u00e6ster p\u00e5 Musholm. Det var h\u00e5rde tider for alle, men nu st\u00e5r det klart (foto juli 2015).<\/p><\/div>\n<div id=\"attachment_4300\" style=\"width: 610px\" class=\"wp-caption aligncenter\"><a href=\"https:\/\/jan-jakobsen.dk\/https:\/\/jan-jakobsen.dk\/wp-content\/uploads\/2015\/09\/untitled-00807.jpg\"><img loading=\"lazy\" decoding=\"async\" aria-describedby=\"caption-attachment-4300\" class=\"wp-image-4300\" src=\"https:\/\/jan-jakobsen.dk\/https:\/\/jan-jakobsen.dk\/wp-content\/uploads\/2015\/09\/untitled-00807-680x503.jpg\" alt=\"Nu er det ren historie, men i flere \u00e5r var det disse midlertidige skilte, der viste vej til den trange rreception (foto juli 2015).\" width=\"600\" height=\"444\" srcset=\"https:\/\/jan-jakobsen.dk\/http:\/\/jan-jakobsen.dk\/wp-content\/uploads\/2015\/09\/untitled-00807-680x503.jpg 680w, https:\/\/jan-jakobsen.dk\/http:\/\/jan-jakobsen.dk\/wp-content\/uploads\/2015\/09\/untitled-00807-300x222.jpg 300w, https:\/\/jan-jakobsen.dk\/http:\/\/jan-jakobsen.dk\/wp-content\/uploads\/2015\/09\/untitled-00807.jpg 752w\" sizes=\"auto, (max-width: 600px) 100vw, 600px\" \/><\/a><p id=\"caption-attachment-4300\" class=\"wp-caption-text\">Nu er det ren historie, men i flere \u00e5r var det disse midlertidige skilte, der viste vej til den trange rreception (foto juli 2015).<\/p><\/div>\n<div id=\"attachment_4298\" style=\"width: 610px\" class=\"wp-caption aligncenter\"><a href=\"https:\/\/jan-jakobsen.dk\/https:\/\/jan-jakobsen.dk\/wp-content\/uploads\/2015\/09\/untitled-00772.jpg\"><img loading=\"lazy\" decoding=\"async\" aria-describedby=\"caption-attachment-4298\" class=\"wp-image-4298\" src=\"https:\/\/jan-jakobsen.dk\/https:\/\/jan-jakobsen.dk\/wp-content\/uploads\/2015\/09\/untitled-00772-680x510.jpg\" alt=\"Engang var det en plan, der hang p\u00e5 en v\u00e6g. I dag er det virkelighed... og det er stort (foto juli 2015).\" width=\"600\" height=\"450\" srcset=\"https:\/\/jan-jakobsen.dk\/http:\/\/jan-jakobsen.dk\/wp-content\/uploads\/2015\/09\/untitled-00772-680x510.jpg 680w, https:\/\/jan-jakobsen.dk\/http:\/\/jan-jakobsen.dk\/wp-content\/uploads\/2015\/09\/untitled-00772-300x225.jpg 300w, https:\/\/jan-jakobsen.dk\/http:\/\/jan-jakobsen.dk\/wp-content\/uploads\/2015\/09\/untitled-00772.jpg 726w\" sizes=\"auto, (max-width: 600px) 100vw, 600px\" \/><\/a><p id=\"caption-attachment-4298\" class=\"wp-caption-text\">Engang var det en plan, der hang p\u00e5 en v\u00e6g. I dag er det virkelighed&#8230; og det er stort (foto juli 2015).<\/p><\/div>\n","protected":false},"excerpt":{"rendered":"<p>Musholm Ferie Sport Konference st\u00e5r over for at kunne indvi den sidste nye etape. Vi er mange, der gl\u00e6der os vildt meget til indvielsen, der finder sted torsdag 1. oktober 2015. Her kan du se nogle fotos af resultatet&#8230; og &hellip; <a href=\"https:\/\/jan-jakobsen.dk\/?p=4277\">L\u00e6s resten <span class=\"meta-nav\">&rarr;<\/span><\/a><\/p>\n","protected":false},"author":3,"featured_media":0,"comment_status":"open","ping_status":"open","sticky":false,"template":"","format":"standard","meta":{"footnotes":""},"categories":[1,342],"tags":[],"class_list":["post-4277","post","type-post","status-publish","format-standard","hentry","category-uncategorized","category-foredragfb-debatoplaeg"],"_links":{"self":[{"href":"https:\/\/jan-jakobsen.dk\/index.php?rest_route=\/wp\/v2\/posts\/4277","targetHints":{"allow":["GET"]}}],"collection":[{"href":"https:\/\/jan-jakobsen.dk\/index.php?rest_route=\/wp\/v2\/posts"}],"about":[{"href":"https:\/\/jan-jakobsen.dk\/index.php?rest_route=\/wp\/v2\/types\/post"}],"author":[{"embeddable":true,"href":"https:\/\/jan-jakobsen.dk\/index.php?rest_route=\/wp\/v2\/users\/3"}],"replies":[{"embeddable":true,"href":"https:\/\/jan-jakobsen.dk\/index.php?rest_route=%2Fwp%2Fv2%2Fcomments&post=4277"}],"version-history":[{"count":4,"href":"https:\/\/jan-jakobsen.dk\/index.php?rest_route=\/wp\/v2\/posts\/4277\/revisions"}],"predecessor-version":[{"id":4307,"href":"https:\/\/jan-jakobsen.dk\/index.php?rest_route=\/wp\/v2\/posts\/4277\/revisions\/4307"}],"wp:attachment":[{"href":"https:\/\/jan-jakobsen.dk\/index.php?rest_route=%2Fwp%2Fv2%2Fmedia&parent=4277"}],"wp:term":[{"taxonomy":"category","embeddable":true,"href":"https:\/\/jan-jakobsen.dk\/index.php?rest_route=%2Fwp%2Fv2%2Fcategories&post=4277"},{"taxonomy":"post_tag","embeddable":true,"href":"https:\/\/jan-jakobsen.dk\/index.php?rest_route=%2Fwp%2Fv2%2Ftags&post=4277"}],"curies":[{"name":"wp","href":"https:\/\/api.w.org\/{rel}","templated":true}]}}