{"id":4270,"date":"2015-08-26T18:01:08","date_gmt":"2015-08-26T16:01:08","guid":{"rendered":"http:\/\/jan-jakobsen.dk\/?p=4270"},"modified":"2015-10-12T09:56:58","modified_gmt":"2015-10-12T07:56:58","slug":"hvem-skal-betale","status":"publish","type":"post","link":"https:\/\/jan-jakobsen.dk\/?p=4270","title":{"rendered":"Hvem skal betale?"},"content":{"rendered":"<p><em>(Debatindl\u00e6g bragt i Dagbladet, sektion 2, side 10, onsdag 26. august 2015)<\/em><\/p>\n<p><b>Af Jan Jakobsen, byr\u00e5dsmedlem (EL), Ringsted.<\/b><\/p>\n<p>En debat om &#8220;en dyr k\u00f8restol\u201d og en borgers manglende mulighed for at f\u00e5 bevilget denne, har k\u00f8rt p\u00e5 TV-\u00d8st.<\/p>\n<p>I et indslag 21. juli p\u00e5 TV-\u00d8st siger en socialudvalgsformand, at man \u201c&#8230;som politikere har en kvalitetsstandard i kommunen\u2026\u201d, og at man \u201c&#8230;tager stilling til hvad r\u00e5derum, man har at g\u00f8re godt med\u2026\u201d. Det lyder som om kvalitetsstandarder alene afg\u00f8r, hvilken hj\u00e6lp, mennesker med handicap kan f\u00e5.<!--more--><\/p>\n<p>Socialudvalgsformanden gentager blot det, mange kommunalpolitikere fejlagtigt tror. Kvalitetsstandarden er dog alene udtryk for, hvad borgerne kan forvente af det kommunale serviceniveau. De fritager ikke for individuel vurdering, og &#8211; n\u00e5r det kr\u00e6ves \u2013 at yde mere.<\/p>\n<p>Sager som denne h\u00f8rer ikke hjemme i kommunerne. Den gevinst, det giver, at kommunen n\u00e6gter en ny k\u00f8restol, er skidt for samfunds\u00f8konomien. Omtalte borger har v\u00e6ret indlagt i to m\u00e5neder p\u00e5 grund af d\u00e5rlig siddekomfort, der gav en infektion. Det er uh\u00f8rt, at kommunerne kan sparke udgiften til mere end 2 m\u00e5neders hospitalsophold over p\u00e5 Regionen, s\u00e5 kommunen selv slipper for en anden udgift.<\/p>\n<p>Jeg mener heller ikke, at kommunerne hver is\u00e6r har tilstr\u00e6kkelig socialfaglig ekspertise. Man har ganske enkelt for f\u00e5 sager til at kunne opn\u00e5 b\u00e5de viden og rutine. Det er ikke en kritik af medarbejderne, men kun et udtryk for, at man har for f\u00e5 sager af denne type.<\/p>\n<p>Kommunalreformen sagde \u201djo t\u00e6ttere p\u00e5 borgerne jo bedre\u201d. Er det nu b\u00e5de rigtigt og klogt at kommunerne har s\u00e6rligt dyre enkeltsager? De er i kommunalt perspektiv dyre, og det \u00f8ger \u201dkreativiteten\u201d.<\/p>\n<p>Den radikale politiker Kristian Hegaard har ud fra egne oplevelser p\u00e5peget, at rettigheder m\u00e5 man klage sig til i dagens Danmark. Den f\u00f8r n\u00e6vnte socialudvalgsformand siger da ogs\u00e5, at \u201c&#8230;Vi har en kvalitetsstandard i kommunen [&#8230;] og derefter er det Ankestyrelsen, der afg\u00f8r det&#8230;\u201d Det skaber \u00e5benlys ulighed at man skal klage. Det kommer derfor til at handle om at f\u00e5 pressens fokus, men der bliver truffet mange flere forkerte og tvivlsomme afg\u00f8relser i kommunerne, der ikke n\u00e5r i pressen. Foreninger som bl.a. Muskelsvindfonden, som jeg selv er med i, er ved at drukne i enkeltsager &#8211; og mangler ressourcer til arbejdet.<\/p>\n<p>Konsekvensen er, at vi ikke kan stole p\u00e5, at mennesker f\u00e5r den hj\u00e6lp de har ret til. Det er endnu et argument for et opg\u00f8r med den m\u00e5de b\u00e5de retssikkerheden og s\u00e6rligt dyre enkeltsager behandles p\u00e5 i kommunerne. Vi skal udt\u00e6nke en bedre model.<\/p>\n<p>&nbsp;<\/p>\n","protected":false},"excerpt":{"rendered":"<p>(Debatindl\u00e6g bragt i Dagbladet, sektion 2, side 10, onsdag 26. august 2015) Af Jan Jakobsen, byr\u00e5dsmedlem (EL), Ringsted. En debat om &#8220;en dyr k\u00f8restol\u201d og en borgers manglende mulighed for at f\u00e5 bevilget denne, har k\u00f8rt p\u00e5 TV-\u00d8st. I et &hellip; <a href=\"https:\/\/jan-jakobsen.dk\/?p=4270\">L\u00e6s resten <span class=\"meta-nav\">&rarr;<\/span><\/a><\/p>\n","protected":false},"author":3,"featured_media":0,"comment_status":"open","ping_status":"open","sticky":false,"template":"","format":"standard","meta":{"footnotes":""},"categories":[5,32,3,1],"tags":[],"class_list":["post-4270","post","type-post","status-publish","format-standard","hentry","category-artikler-og-kronikker","category-byradenhedslisten","category-handicapdebat","category-uncategorized"],"_links":{"self":[{"href":"https:\/\/jan-jakobsen.dk\/index.php?rest_route=\/wp\/v2\/posts\/4270","targetHints":{"allow":["GET"]}}],"collection":[{"href":"https:\/\/jan-jakobsen.dk\/index.php?rest_route=\/wp\/v2\/posts"}],"about":[{"href":"https:\/\/jan-jakobsen.dk\/index.php?rest_route=\/wp\/v2\/types\/post"}],"author":[{"embeddable":true,"href":"https:\/\/jan-jakobsen.dk\/index.php?rest_route=\/wp\/v2\/users\/3"}],"replies":[{"embeddable":true,"href":"https:\/\/jan-jakobsen.dk\/index.php?rest_route=%2Fwp%2Fv2%2Fcomments&post=4270"}],"version-history":[{"count":3,"href":"https:\/\/jan-jakobsen.dk\/index.php?rest_route=\/wp\/v2\/posts\/4270\/revisions"}],"predecessor-version":[{"id":4422,"href":"https:\/\/jan-jakobsen.dk\/index.php?rest_route=\/wp\/v2\/posts\/4270\/revisions\/4422"}],"wp:attachment":[{"href":"https:\/\/jan-jakobsen.dk\/index.php?rest_route=%2Fwp%2Fv2%2Fmedia&parent=4270"}],"wp:term":[{"taxonomy":"category","embeddable":true,"href":"https:\/\/jan-jakobsen.dk\/index.php?rest_route=%2Fwp%2Fv2%2Fcategories&post=4270"},{"taxonomy":"post_tag","embeddable":true,"href":"https:\/\/jan-jakobsen.dk\/index.php?rest_route=%2Fwp%2Fv2%2Ftags&post=4270"}],"curies":[{"name":"wp","href":"https:\/\/api.w.org\/{rel}","templated":true}]}}